{"id":18478,"date":"2016-07-14T14:53:30","date_gmt":"2016-07-14T12:53:30","guid":{"rendered":"http:\/\/www.letourismeaparis.fr\/?p=18478"},"modified":"2016-07-14T14:53:30","modified_gmt":"2016-07-14T12:53:30","slug":"ratp-jusquau-16-juillet-dispositions-speciales","status":"publish","type":"post","link":"http:\/\/www.letourismeaparis.fr\/index.php\/2016\/07\/14\/ratp-jusquau-16-juillet-dispositions-speciales\/","title":{"rendered":"Ratp jusqu&#039;au 16 juillet : dispositions sp\u00e9ciales"},"content":{"rendered":"<p><strong><strong>jusqu&rsquo;au 16 juillet 2016 inclus, l&rsquo;offre de service est prolong\u00e9e sur le M\u00e9tro. Les derniers trains arriveront \u00e0 leur terminus \u00e0 2h15 environ.<\/strong><\/strong><strong>\u00a0\u00a0\u00a0<\/strong><!--more--><\/p>\n","protected":false},"excerpt":{"rendered":"<p>jusqu&rsquo;au 16 juillet 2016 inclus, l&rsquo;offre de service est prolong\u00e9e sur le M\u00e9tro. Les derniers trains arriveront \u00e0 leur terminus \u00e0 2h15 environ.\u00a0\u00a0\u00a0<\/p>\n","protected":false},"author":2,"featured_media":0,"comment_status":"open","ping_status":"open","sticky":false,"template":"","format":"standard","meta":{"ngg_post_thumbnail":0,"jetpack_post_was_ever_published":false,"_jetpack_newsletter_access":"","footnotes":""},"categories":[1],"tags":[],"class_list":["post-18478","post","type-post","status-publish","format-standard","hentry","category-non-classe"],"jetpack_featured_media_url":"","jetpack-related-posts":[{"id":11640,"url":"http:\/\/www.letourismeaparis.fr\/index.php\/2012\/07\/16\/algerie-1830-1962-16-mai-29-juillet-2012-au-musee-de-larmee\/","url_meta":{"origin":18478,"position":0},"title":"ALG\u00c9RIE 1830-1962 16 mai \u2013 29 juillet 2012 au mus\u00e9e de l&#039;arm\u00e9e","author":"Fabienne TM","date":"16 juillet 2012","format":false,"excerpt":"H\u00f4tel national des Invalides, Paris L\u2019exposition Alg\u00e9rie 1830-1962. Avec Jacques Ferrandez, au mus\u00e9e de l\u2019Arm\u00e9e du 16 mai au 29 juillet, aborde l\u2019histoire de l\u2019Alg\u00e9rie sous l\u2019angle de la pr\u00e9sence militaire fran\u00e7aise depuis la conqu\u00eate en 1830 jusqu\u2019\u00e0 l\u2019ind\u00e9pendance du pays en 1962. Une d\u00e9marche historique, p\u00e9dagogique et d\u00e9gag\u00e9e de\u2026","rel":"","context":"Dans &quot;Non class\u00e9&quot;","block_context":{"text":"Non class\u00e9","link":"http:\/\/www.letourismeaparis.fr\/index.php\/category\/non-classe\/"},"img":{"alt_text":"","src":"http:\/\/www.letourismeaparis.fr\/wp-content\/uploads\/2012\/04\/alg\u00c3\u00a9rie.bmp","width":350,"height":200},"classes":[]},{"id":3714,"url":"http:\/\/www.letourismeaparis.fr\/index.php\/2009\/07\/27\/festival-sautes-dhumour-a-la-bibliotheque-flandres-dans-le-19eme-le-29-juillet\/","url_meta":{"origin":18478,"position":1},"title":"Festival&quot; sautes d&#039;humour&quot; \u00e0 la biblioth\u00e8que Flandres dans le 19\u00e8me le 29 juillet","author":"Fabienne TM","date":"27 juillet 2009","format":false,"excerpt":"Du Cameroun au Congo,en passant par le Rwanda ou l' Alg\u00e9rie, venez d\u00e9couvrir l'humour et les tranches de vie touchantes de ces com\u00e9diens qui vous embarquent dans un voyage surprenant .....mercredi 29 juillet \u00e0 16 h mercredi 5 ao\u00fbt \u00e0 16 h mercredi 12 ao\u00fbt\u00a0 \u00e0 16 h 41, avenue\u2026","rel":"","context":"Dans &quot;Non class\u00e9&quot;","block_context":{"text":"Non class\u00e9","link":"http:\/\/www.letourismeaparis.fr\/index.php\/category\/non-classe\/"},"img":{"alt_text":"","src":"","width":0,"height":0},"classes":[]},{"id":252,"url":"http:\/\/www.letourismeaparis.fr\/index.php\/2008\/07\/16\/la-flore-medievale-au-musee-de-cluny-le-1607-a-14h\/","url_meta":{"origin":18478,"position":2},"title":"La flore m\u00e9di\u00e9vale au mus\u00e9e de Cluny le 16\/07 \u00e0 14h","author":"Fabienne TM","date":"16 juillet 2008","format":false,"excerpt":"Le Tourisme \u00e0 Paris\u00a0\u00a0\u00a0\u00a0\u00a0\u00a0\u00a0\u00a0\u00a0\u00a0 Paris Advisor Une conf\u00e9rence d'une heure sur la flore m\u00e9di\u00e9vale aura lieu aujourd'hui mercredi 16 juillet \u00e0 14h. Mus\u00e9e de Cluny\/national du Moyen-\u00e2ge 6, place Paul Painlev\u00e9, Paris -75005 www.musee-moyenage.fr","rel":"","context":"Dans &quot;Non class\u00e9&quot;","block_context":{"text":"Non class\u00e9","link":"http:\/\/www.letourismeaparis.fr\/index.php\/category\/non-classe\/"},"img":{"alt_text":"","src":"","width":0,"height":0},"classes":[]},{"id":7878,"url":"http:\/\/www.letourismeaparis.fr\/index.php\/2010\/06\/18\/musique-dans-lile-de-puteaux-tous-les-dimanche-de-juin-et-juilletl\/","url_meta":{"origin":18478,"position":3},"title":"Musique dans l&#039;\u00eele de Puteaux tous les dimanche de juin et juillet","author":"Fabienne TM","date":"18 juin 2010","format":false,"excerpt":"le Kiosque de l\u2019\u00cele de Puteaux s\u2019habille de musique De 16 heures \u00e0 19 heures, tous les dimanches de juin et juillet. Dimanche 20 juin \u00e0 16h Kathy Lorenz & Val\u00e9rie Germain, accord\u00e9on. R\u00e9pertoire : chansons et musique musette. Dimanche 27 juin \u00e0 16h Twinn Events R\u00e9pertoire : Jazz manouche\u2026","rel":"","context":"Dans &quot;Non class\u00e9&quot;","block_context":{"text":"Non class\u00e9","link":"http:\/\/www.letourismeaparis.fr\/index.php\/category\/non-classe\/"},"img":{"alt_text":"","src":"","width":0,"height":0},"classes":[]},{"id":3026,"url":"http:\/\/www.letourismeaparis.fr\/index.php\/2009\/07\/13\/kreyol-factory-mizik-factory-a-la-villette-expo-concerts\/","url_meta":{"origin":18478,"position":4},"title":"Kr\u00e9yol Factory,  \u00e0 la Villette ( expo , concerts)","author":"Fabienne TM","date":"13 juillet 2009","format":false,"excerpt":"Kr\u00e9yol Factory, exposition d\u2019art contemporain, rassemble les cr\u00e9ations de 60 artistes originaires des Cara\u00efbes et du monde indo-oc\u00e9anique mais aussi, pour certains, d\u2019Afrique ou encore des \u00c9tats-Unis,. Cin\u00e9ma en plein air \u00ab Travers\u00e9es \u00bb 15 juillet \u2013 16 ao\u00fbt Prairie du Triangle Sc\u00e8nes d\u2019\u00e9t\u00e9 Concerts\u00a0 11 \u2013 12 juillet \/\u2026","rel":"","context":"Dans &quot;Non class\u00e9&quot;","block_context":{"text":"Non class\u00e9","link":"http:\/\/www.letourismeaparis.fr\/index.php\/category\/non-classe\/"},"img":{"alt_text":"","src":"","width":0,"height":0},"classes":[]},{"id":11747,"url":"http:\/\/www.letourismeaparis.fr\/index.php\/2012\/06\/13\/la-chaise-et-lecran-du-cinema-en-plein-air-du-16-juin-au-31-aout\/","url_meta":{"origin":18478,"position":5},"title":"La Chaise et l\u2019Ecran \u2013 Du cin\u00e9ma en plein air du 16 juin au 31 ao\u00fbt","author":"Fabienne TM","date":"13 juin 2012","format":false,"excerpt":"Du 16 juin au 31 ao\u00fbt, la Mairie du 11e vous invite \u00e0 assister gratuitement \u00e0 des projections de films en plein air. Rendez-vous le samedi 16 juin et les vendredis 29 juin, 20 juillet, 17 et 31 ao\u00fbt. Samedi 16 juin Van Gogh de Maurice Pialat Entr\u00e9e libre \u00e0\u2026","rel":"","context":"Dans &quot;Non class\u00e9&quot;","block_context":{"text":"Non class\u00e9","link":"http:\/\/www.letourismeaparis.fr\/index.php\/category\/non-classe\/"},"img":{"alt_text":"","src":"","width":0,"height":0},"classes":[]}],"jetpack_sharing_enabled":true,"jetpack_likes_enabled":true,"_links":{"self":[{"href":"http:\/\/www.letourismeaparis.fr\/index.php\/wp-json\/wp\/v2\/posts\/18478","targetHints":{"allow":["GET"]}}],"collection":[{"href":"http:\/\/www.letourismeaparis.fr\/index.php\/wp-json\/wp\/v2\/posts"}],"about":[{"href":"http:\/\/www.letourismeaparis.fr\/index.php\/wp-json\/wp\/v2\/types\/post"}],"author":[{"embeddable":true,"href":"http:\/\/www.letourismeaparis.fr\/index.php\/wp-json\/wp\/v2\/users\/2"}],"replies":[{"embeddable":true,"href":"http:\/\/www.letourismeaparis.fr\/index.php\/wp-json\/wp\/v2\/comments?post=18478"}],"version-history":[{"count":0,"href":"http:\/\/www.letourismeaparis.fr\/index.php\/wp-json\/wp\/v2\/posts\/18478\/revisions"}],"wp:attachment":[{"href":"http:\/\/www.letourismeaparis.fr\/index.php\/wp-json\/wp\/v2\/media?parent=18478"}],"wp:term":[{"taxonomy":"category","embeddable":true,"href":"http:\/\/www.letourismeaparis.fr\/index.php\/wp-json\/wp\/v2\/categories?post=18478"},{"taxonomy":"post_tag","embeddable":true,"href":"http:\/\/www.letourismeaparis.fr\/index.php\/wp-json\/wp\/v2\/tags?post=18478"}],"curies":[{"name":"wp","href":"https:\/\/api.w.org\/{rel}","templated":true}]}}