{"id":18481,"date":"2016-07-29T11:00:47","date_gmt":"2016-07-29T09:00:47","guid":{"rendered":"http:\/\/www.letourismeaparis.fr\/?p=18481"},"modified":"2016-07-29T11:00:47","modified_gmt":"2016-07-29T09:00:47","slug":"vincennes-en-anciennes-organise-sa-9e-traversee-de-paris-estivale-avec-des-voitures-de-collection-le-31-juillet","status":"publish","type":"post","link":"http:\/\/www.letourismeaparis.fr\/index.php\/2016\/07\/29\/vincennes-en-anciennes-organise-sa-9e-traversee-de-paris-estivale-avec-des-voitures-de-collection-le-31-juillet\/","title":{"rendered":"\u00ab Vincennes en Anciennes \u00bb organise sa 9e Travers\u00e9e de Paris estivale avec des voitures de collection le 31 juillet"},"content":{"rendered":"<p>L\u2019\u00e9v\u00e9nement accueillera plus de 740 v\u00e9hicules de collection (autos, motos, tracteurs<br \/>\nbus et v\u00e9los). Des v\u00e9hicules dont les plus r\u00e9cents datent de 1987. Chaque ann\u00e9e, plus de 100 marques et 200 mod\u00e8les sont repr\u00e9sent\u00e9s dont 90% ont disparu.<a href=\"http:\/\/www.letourismeaparis.fr\/wp-content\/uploads\/2016\/07\/voitures.jpeg\"><img loading=\"lazy\" decoding=\"async\" class=\"aligncenter size-medium wp-image-18483\" src=\"http:\/\/www.letourismeaparis.fr\/wp-content\/uploads\/2016\/07\/voitures-200x300.jpeg\" alt=\"voitures\" width=\"200\" height=\"300\" \/><\/a><!--more--><br \/>\nVincennes en Anciennes a choisi le th\u00e8me des d\u00e9parts en vacances.<br \/>\nLes vacances, des mots qui font r\u00eaver, synonymes de d\u00e9tente, de soleil, de bains de mer, de sable fin\u2026<br \/>\nAu d\u00e9but du XIXe, ce sont les familles nobles ou bourgeoises qui partent dans leur r\u00e9sidence \u00e0 la campagne ou au bord de la mer. Avec l\u2019arriv\u00e9e du Front Populaire en 1936, les vacances se d\u00e9mocratisent, tous les salari\u00e9s ont droit \u00e0 15 jours de cong\u00e9s pay\u00e9s. Dans le train, des tarifs sp\u00e9ciaux et \u00ab le billet populaire de cong\u00e9 annuel \u00bb permettent aux familles modestes de voyager \u00e0 moindre co\u00fbt.<!--more--> C\u2019est \u00e0 cette \u00e9poque que se d\u00e9veloppe le camping. Les escapades \u00e0 v\u00e9lo sont \u00e9galement tr\u00e8s pris\u00e9es. Les Trente Glorieuses sacrent l\u2019apog\u00e9e de l\u2019automobile et favorisent les d\u00e9parts en vacances en voiture : 2CV, 4CV, Dauphine, AMI 6\u2026 des voitures populaires souvent surcharg\u00e9es de valises, de cannes \u00e0 p\u00eache et de tout l\u2019\u00e9quipement indispensable aux vacanciers. En 1968, na\u00eet la M\u00e9hari, voiture de loisirs et de plage par excellence, elle est con\u00e7ue pour le plein air.<!--more--><br \/>\n&nbsp;<br \/>\n&nbsp;<br \/>\nUne trentaine de kilom\u00e8tres de Vincennes \u00e0 Meudon<br \/>\nLes v\u00e9hicules partiront de l\u2019Esplanade du Ch\u00e2teau de Vincennes et rejoindront la Terrasse de l\u2019Observatoire de Meudon. Elles paraderont dans la capitale par les plus belles art\u00e8res.<br \/>\nLes \u00e9quipages seront en tenue blanche ou d\u2019\u00e9poque. Un parcours festif o\u00f9 chacun pourra admirer le passage des voitures.<br \/>\nTrois bus sont mis \u00e0 la disposition du public qui pourra ainsi participer \u00e0 la travers\u00e9e et au pique-nique (R\u00e9servation dans les bus obligatoire : 10 \u20ac, nombre de places limit\u00e9, pr\u00e9voir son pique-nique).<br \/>\n&nbsp;<br \/>\n&nbsp;<br \/>\n&nbsp;<br \/>\n&nbsp;<br \/>\n&nbsp;<br \/>\nD\u00e9jeuner sur l\u2019herbe<br \/>\nLe cadre verdoyant de la Terrasse de l\u2019Observatoire de Meudon, qui offre une superbe vue sur la capitale et l\u2019ouest parisien, accueillera les voitures. L\u00e0, les possesseurs d\u2019anciennes et les simples visiteurs se retrouveront pour un pique-nique g\u00e9ant au milieu des voitures (pr\u00e9voir son pique-nique). C\u2019est id\u00e9al pour photographier les voitures ou discuter histoire ou m\u00e9canique avec les participants.<br \/>\nNouveau : un espace militaire avec un carr\u00e9 sp\u00e9cial sera r\u00e9serv\u00e9 aux v\u00e9hicules US (Jeep Willys\u2026).<br \/>\n&nbsp;<br \/>\nOp\u00e9ration Carte d\u2019identit\u00e9 FIVA (F\u00e9d\u00e9ration Internationale des V\u00e9hicules Anciens)<br \/>\nLa carte d\u2019identit\u00e9 FIVA est aujourd\u2019hui le certificat historique d\u2019un v\u00e9hicule de plus de 30 ans. Elle repr\u00e9sente une \u201ctra\u00e7abilit\u00e9\u201d de la voiture. Une inspection technique sera propos\u00e9e \u00e0 Meudon pour obtenir cette carte. Une inscription pr\u00e9alable est n\u00e9cessaire avant le 17 juillet (http:\/\/www.ffve.org\/Carte_identite_FIVA). Co\u00fbt de la carte entre 100 et 150 \u20ac.<br \/>\n&nbsp;<br \/>\nUn geste solidaire pour l\u2019association Laurette Fugain<br \/>\nLa FFVE m\u00e8ne des actions solidaires durant les journ\u00e9es du patrimoine. En 2016, elle apportera son soutien \u00e0 l\u2019Association Laurette Fugain qui lutte contre la leuc\u00e9mie en proposant une plaque rallye auto ou moto. Cette plaque sp\u00e9cifique \u201cJourn\u00e9es du patrimoine\u201d sera vendue \u00e0 Meudon 5 \u20ac.<br \/>\n&nbsp;<br \/>\n\u00ab Vincennes en anciennes \u00bb la premi\u00e8re association fran\u00e7aise multimarque de voitures anciennes<br \/>\nCr\u00e9\u00e9e en 1998, l\u2019association accueille plus de 1.200 membres, hommes et femmes ; cela repr\u00e9sente un parc de 3.000 voitures. Les administrateurs sont aussi des membres actifs de clubs de marque. Le premier dimanche de chaque mois, l\u2019Association se r\u00e9unit sur l\u2019esplanade du ch\u00e2teau de Vincennes. Extr\u00eamement dynamique, elle participe \u00e0 de nombreuses manifestations ou d\u00e9fil\u00e9s : journ\u00e9es du Patrimoine, T\u00e9l\u00e9thon, salons d\u00e9di\u00e9s aux voitures anciennes (Autom\u00e9don, R\u00e9tromobile, Reims&#8230;),<br \/>\n&nbsp;<br \/>\nInformations pratiques \u2013 dimanche 31 juillet 2016<br \/>\nD\u00e9part des voitures \u00e0 partir de 7h30, esplanade du ch\u00e2teau de Vincennes.<br \/>\nArriv\u00e9e \u00e0 partir de 12 h, terrasse de l\u2019Observatoire de Meudon.<br \/>\nD\u00e9part de Meudon vers 16h.<br \/>\nTenue blanche ou d\u2019\u00e9poque recommand\u00e9e.<br \/>\nRenseignements pratiques et\/ou r\u00e9servation dans les bus anciens (dans la limite des places disponibles) : inscription@vincennesenanciennes.com. Prix : 10 \u20ac (bus)<br \/>\nSite internet : www.vincennesenanciennes.com<br \/>\nFacebook : https:\/\/www.facebook.com\/Vincennes-en-Anciennes-<br \/>\n1096445677059750\/?fref=ts<br \/>\nToutes les photos : \u00a9 VEA<br \/>\n&nbsp;<\/p>\n","protected":false},"excerpt":{"rendered":"<p>L\u2019\u00e9v\u00e9nement accueillera plus de 740 v\u00e9hicules de collection (autos, motos, tracteurs bus et v\u00e9los). Des v\u00e9hicules dont les plus r\u00e9cents datent de 1987. Chaque ann\u00e9e, plus de 100 marques et 200 mod\u00e8les sont repr\u00e9sent\u00e9s dont 90% ont disparu.<\/p>\n","protected":false},"author":2,"featured_media":0,"comment_status":"open","ping_status":"open","sticky":false,"template":"","format":"standard","meta":{"ngg_post_thumbnail":0,"jetpack_post_was_ever_published":false,"_jetpack_newsletter_access":"","footnotes":""},"categories":[7],"tags":[],"class_list":["post-18481","post","type-post","status-publish","format-standard","hentry","category-automobiles"],"jetpack_featured_media_url":"","jetpack-related-posts":[{"id":19294,"url":"http:\/\/www.letourismeaparis.fr\/index.php\/2017\/01\/07\/dimanche-8-janvier-2017-17e-traversee-de-paris-les-annees-70-ont-le-vent-en-poupe\/","url_meta":{"origin":18481,"position":0},"title":"Dimanche 8 janvier 2017  17e Travers\u00e9e de Paris , Les ann\u00e9es 70 ont le vent en poupe","author":"Fabienne TM","date":"7 janvier 2017","format":false,"excerpt":"La Travers\u00e9e de Paris hivernale demeure le rassemblement majeur de v\u00e9hicules anciens du d\u00e9but d\u2019ann\u00e9e. Attendue par les passionn\u00e9s, elle rassemble pour chacune de ses \u00e9ditions*, plus de 700 v\u00e9hicules (autos, motos, v\u00e9los, tracteurs, bus, utilitaires l\u00e9gers) dans la capitale. Depuis 2016, \u00ab\u00a0Vincennes en Anciennes\u00a0\u00bb, organisateur de la manifestation, d\u00e9finit\u2026","rel":"","context":"Dans &quot;Automobiles&quot;","block_context":{"text":"Automobiles","link":"http:\/\/www.letourismeaparis.fr\/index.php\/category\/culture\/musees-expositions\/automobiles\/"},"img":{"alt_text":"","src":"https:\/\/i0.wp.com\/www.letourismeaparis.fr\/wp-content\/uploads\/2016\/12\/Capture-d%C3%A2%C2%80%C2%99e%C3%8C%C2%81cran-2016-12-19-a%C3%8C%C2%80-11.30.40-208x300.png?resize=350%2C200","width":350,"height":200},"classes":[]},{"id":17009,"url":"http:\/\/www.letourismeaparis.fr\/index.php\/2015\/08\/02\/dimanche-2-aout-2015-8e-traversee-de-paris-estivale\/","url_meta":{"origin":18481,"position":1},"title":"Dimanche 2 ao\u00fbt 2015  8e Travers\u00e9e de Paris estivale","author":"Fabienne TM","date":"2 ao\u00fbt 2015","format":false,"excerpt":"La Travers\u00e9e de Paris estivale, organis\u00e9e par Vincennes en Anciennes, est le rendez-vous incontournable de l\u2019\u00e9t\u00e9 pour tous les collectionneurs et amateurs de belles m\u00e9caniques. C'est une manifestation joyeuse et d\u00e9contract\u00e9e o\u00f9 seule compte la passion de l'automobile, un moment de partage interg\u00e9n\u00e9rationnel. Chaque voiture \u00e0 une histoire et tout\u2026","rel":"","context":"Dans &quot;Automobiles&quot;","block_context":{"text":"Automobiles","link":"http:\/\/www.letourismeaparis.fr\/index.php\/category\/culture\/musees-expositions\/automobiles\/"},"img":{"alt_text":"","src":"https:\/\/i0.wp.com\/www.letourismeaparis.fr\/wp-content\/uploads\/2015\/07\/Visuel_TdP_Ete_2015_Complet-211x300.png?resize=350%2C200","width":350,"height":200},"classes":[]},{"id":12425,"url":"http:\/\/www.letourismeaparis.fr\/index.php\/2012\/12\/27\/la-13e-traversee-de-paris-organisee-par-vincennes-en-anciennes-se-deroulera-le-dimanche-6-janvier-2013\/","url_meta":{"origin":18481,"position":2},"title":"La 13e Travers\u00e9e de Paris organis\u00e9e par &quot;Vincennes en Anciennes&quot; se d\u00e9roulera le dimanche 6 janvier 2013","author":"Fabienne TM","date":"27 d\u00e9cembre 2012","format":false,"excerpt":"La 13e Travers\u00e9e de Paris organis\u00e9e par \"Vincennes en Anciennes\" se d\u00e9roulera le dimanche 6 janvier 2013 au d\u00e9part de l'esplanade du Ch\u00e2teau de Vincennes. 600 v\u00e9hicules y participeront. Rien ne sert de courir, il faut partir \u00e0 point ! C\u2019est ce que feront plus de 600 v\u00e9hicules (voitures, motos,\u2026","rel":"","context":"Dans &quot;Non class\u00e9&quot;","block_context":{"text":"Non class\u00e9","link":"http:\/\/www.letourismeaparis.fr\/index.php\/category\/non-classe\/"},"img":{"alt_text":"","src":"https:\/\/i0.wp.com\/www.letourismeaparis.fr\/wp-content\/uploads\/2012\/12\/Affiche_TdP_-205x300.jpg?resize=350%2C200","width":350,"height":200},"classes":[]},{"id":24331,"url":"http:\/\/www.letourismeaparis.fr\/index.php\/2021\/07\/05\/la-traversee-de-paris-dimanche-25-juillet-en-voitures-de-collection\/","url_meta":{"origin":18481,"position":3},"title":"La travers\u00e9e de Paris dimanche 25 juillet en voitures de collection","author":"Fabienne TM","date":"5 juillet 2021","format":false,"excerpt":"Un patrimoine roulant bien vivant Color\u00e9es, diverses, joyeuses, patrimoniales, ainsi peut-on qualifier les Travers\u00e9es de Paris en v\u00e9hicules d\u2019\u00e9poque. Organis\u00e9e par Vincennes en Anciennes, la Travers\u00e9e qui s\u2019annonce sera, une fois de plus, riche avec ses 700 v\u00e9hicules de plus de trente ans (autos, motos, v\u00e9los, tracteurs, utilitaires l\u00e9gers et\u2026","rel":"","context":"Dans &quot;Automobiles&quot;","block_context":{"text":"Automobiles","link":"http:\/\/www.letourismeaparis.fr\/index.php\/category\/culture\/musees-expositions\/automobiles\/"},"img":{"alt_text":"","src":"","width":0,"height":0},"classes":[]},{"id":16128,"url":"http:\/\/www.letourismeaparis.fr\/index.php\/2015\/01\/05\/la-traversee-de-parisen-voitures-anciennes-dimanche-11-janvier\/","url_meta":{"origin":18481,"position":4},"title":"La travers\u00e9e de Paris,en voitures anciennes dimanche 11 janvier","author":"Fabienne TM","date":"5 janvier 2015","format":false,"excerpt":"Paris, capitale mondiale du v\u00e9hicule\u00a0d\u2019\u00e9poque pendant une matin\u00e9e\u00a0\u00ab Vincennes en Anciennes \u00bb s\u2019appr\u00eate \u00e0 commencer l\u2019ann\u00e9e\u00a02015 en organisant le plus important rassemblement\u00a0d\u2019anciennes du mois de janvier. Ils seront plus de 800, venus d\u2019Ile de\u00a0France, de province et des pays limitrophes, pour\u00a0cette 15e \u00e9dition.Voitures, motos, bus, tracteurs, utilitaires l\u00e9gers, v\u00e9los\u00a0seront au\u2026","rel":"","context":"Dans &quot;Non class\u00e9&quot;","block_context":{"text":"Non class\u00e9","link":"http:\/\/www.letourismeaparis.fr\/index.php\/category\/non-classe\/"},"img":{"alt_text":"","src":"https:\/\/i0.wp.com\/www.letourismeaparis.fr\/wp-content\/uploads\/2015\/01\/affiche15-203x300.jpg?resize=350%2C200","width":350,"height":200},"classes":[]},{"id":17763,"url":"http:\/\/www.letourismeaparis.fr\/index.php\/2016\/01\/09\/la-traversee-de-paris-en-anciennes-dimanche-10-janvier-2016-de-8h-a-16h\/","url_meta":{"origin":18481,"position":5},"title":"La Travers\u00e9e de Paris  en &quot;anciennes&quot; , dimanche 10 janvier 2016  de 8h \u00e0 16h","author":"Fabienne TM","date":"9 janvier 2016","format":false,"excerpt":"\u00a0 Organis\u00e9e par Vincennes en Anciennes, la travers\u00e9e r\u00e9unira 700 v\u00e9hicules anciens qui partiront de Vincennes pour plus de 28 km dans la capitale, Dimanche 10 janvier 2016, il ne faut louper la Travers\u00e9e de Paris en anciennes, l'un des rendez-vous incontournables de la capitale. une travers\u00e9e qui se terminera\u2026","rel":"","context":"Dans &quot;Automobiles&quot;","block_context":{"text":"Automobiles","link":"http:\/\/www.letourismeaparis.fr\/index.php\/category\/culture\/musees-expositions\/automobiles\/"},"img":{"alt_text":"","src":"https:\/\/i0.wp.com\/www.letourismeaparis.fr\/wp-content\/uploads\/2016\/01\/Affiche_TdP_Hiver_2016_Red-204x300.jpg?resize=350%2C200","width":350,"height":200},"classes":[]}],"jetpack_sharing_enabled":true,"jetpack_likes_enabled":true,"_links":{"self":[{"href":"http:\/\/www.letourismeaparis.fr\/index.php\/wp-json\/wp\/v2\/posts\/18481","targetHints":{"allow":["GET"]}}],"collection":[{"href":"http:\/\/www.letourismeaparis.fr\/index.php\/wp-json\/wp\/v2\/posts"}],"about":[{"href":"http:\/\/www.letourismeaparis.fr\/index.php\/wp-json\/wp\/v2\/types\/post"}],"author":[{"embeddable":true,"href":"http:\/\/www.letourismeaparis.fr\/index.php\/wp-json\/wp\/v2\/users\/2"}],"replies":[{"embeddable":true,"href":"http:\/\/www.letourismeaparis.fr\/index.php\/wp-json\/wp\/v2\/comments?post=18481"}],"version-history":[{"count":0,"href":"http:\/\/www.letourismeaparis.fr\/index.php\/wp-json\/wp\/v2\/posts\/18481\/revisions"}],"wp:attachment":[{"href":"http:\/\/www.letourismeaparis.fr\/index.php\/wp-json\/wp\/v2\/media?parent=18481"}],"wp:term":[{"taxonomy":"category","embeddable":true,"href":"http:\/\/www.letourismeaparis.fr\/index.php\/wp-json\/wp\/v2\/categories?post=18481"},{"taxonomy":"post_tag","embeddable":true,"href":"http:\/\/www.letourismeaparis.fr\/index.php\/wp-json\/wp\/v2\/tags?post=18481"}],"curies":[{"name":"wp","href":"https:\/\/api.w.org\/{rel}","templated":true}]}}