{"id":18486,"date":"2016-07-25T18:59:06","date_gmt":"2016-07-25T16:59:06","guid":{"rendered":"http:\/\/www.letourismeaparis.fr\/?p=18486"},"modified":"2016-07-25T18:59:06","modified_gmt":"2016-07-25T16:59:06","slug":"les-traditionnelles-nuits-des-etoiles-ont-lieu-au-musee-de-lair-et-de-lespace-les-5-et-6-aout-2016","status":"publish","type":"post","link":"http:\/\/www.letourismeaparis.fr\/index.php\/2016\/07\/25\/les-traditionnelles-nuits-des-etoiles-ont-lieu-au-musee-de-lair-et-de-lespace-les-5-et-6-aout-2016\/","title":{"rendered":"Les traditionnelles Nuits des \u00c9toiles ont lieu au mus\u00e9e de l\u2019Air et de l\u2019Espace les 5 et 6 ao\u00fbt 2016"},"content":{"rendered":"<p>5 et 6 ao\u00fbt &#8211; Nuits des \u00e9toiles<br \/>\nObservations et animations de 21h \u00e0 1h<br \/>\nLes traditionnelles Nuits des \u00c9toiles ont lieu au mus\u00e9e de l\u2019Air et de l\u2019Espace les 5 et 6 ao\u00fbt 2016, sur le th\u00e8me des sondes spatiales. Rendez-vous incontournable des passionn\u00e9s d\u2019astronomie,<a href=\"http:\/\/www.letourismeaparis.fr\/wp-content\/uploads\/2016\/07\/etoiles.jpg\"><img loading=\"lazy\" decoding=\"async\" class=\"aligncenter size-medium wp-image-18488\" src=\"http:\/\/www.letourismeaparis.fr\/wp-content\/uploads\/2016\/07\/etoiles-300x172.jpg\" alt=\"etoiles\" width=\"300\" height=\"172\" \/><\/a><!--more-->c\u2019est l\u2019occasion de b\u00e9n\u00e9ficier d\u2019un point d\u2019observation du ciel nocturne, proche de Paris, dans un environnement atypique et au contact de m\u00e9diateurs sp\u00e9cialis\u00e9s. Le hall de l\u2019Espace, le plan\u00e9tarium et l\u2019exposition ext\u00e9rieure seront accessibles toute la soir\u00e9e. Le mat\u00e9riel d\u2019observation est fourni.<br \/>\n&nbsp;<br \/>\n&gt; Au programme<br \/>\n&nbsp;<\/p>\n<ul>\n<li>S\u00e9ances de plan\u00e9tarium sur le th\u00e8me du \u00ab voyage dans le syst\u00e8me solaire \u00bb avec l\u2019\u00e9vocation des missions Rosetta et Juno. Toutes les 30 minutes, de 21h \u00e0 0h30.<\/li>\n<\/ul>\n<p>&nbsp;<\/p>\n<ul>\n<li>Visites guid\u00e9es du hall de l\u2019espace sur le th\u00e8me de la conqu\u00eate spatiale en \u00e9voquant le prochain d\u00e9part de Thomas Pesquet, dixi\u00e8me fran\u00e7ais dans l\u2019espace. Toutes les 30 minutes, de 21h \u00e0 0h30.<\/li>\n<\/ul>\n<p>&nbsp;<\/p>\n<ul>\n<li>Observations du ciel en continu \u00e0 l\u2019oeil nu, au t\u00e9lescope et \u00e0 la lunette astronomique depuis le tarmac du mus\u00e9e. A partir du coucher du soleil (aux alentours de 21h30) et en fonction des conditions m\u00e9t\u00e9orologiques, Saturne et Mars pourront \u00eatre observ\u00e9es, puis l\u2019ensemble du champ stellaire.<\/li>\n<\/ul>\n<p>&nbsp;<\/p>\n<ul>\n<li>D\u00e9monstration dynamique des instruments scientifiques de la maquette \u00e9chelle 1 du robot atterrisseur Philae par un m\u00e9diateur sp\u00e9cialis\u00e9. S\u00e9ances : 22h30 et 0h00<\/li>\n<\/ul>\n<p>&nbsp;<br \/>\nInformations pratiques<br \/>\nVendredi 5 ao\u00fbt et samedi 6 ao\u00fbt 2015, de 21h \u00e0 1h<br \/>\n(Le mus\u00e9e fermera ses portes entre 18h00 et 21h00)<br \/>\nVenir au mus\u00e9e de l\u2019Air et de l\u2019Espace<br \/>\n&nbsp;<br \/>\nMat\u00e9riel d\u2019observation fourni<br \/>\nEv\u00e9nement maintenu quelle que soit la m\u00e9t\u00e9o<br \/>\n&nbsp;<br \/>\nACC\u00c8S LIBRE<\/p>\n<div class=\"mod\" data-md=\"1002\" data-ved=\"0ahUKEwjUurqKi4_OAhUJD8AKHfphA8QQkCkIhgEoATAR\">\n<div class=\"_eFb\">\n<div class=\"_mr kno-fb-ctx\" data-dtype=\"d3adr\" data-ved=\"0ahUKEwjUurqKi4_OAhUJD8AKHfphA8QQghwIhwEoADAR\"><span class=\"_Xbe\">A\u00e9roport de Paris-Le Bourget, 93350 Le Bourget<\/span><\/div>\n<\/div>\n<\/div>\n<div class=\"mod\" data-md=\"1006\" data-ved=\"0ahUKEwjUurqKi4_OAhUJD8AKHfphA8QQkCkIiAEoAjAS\">\n<div class=\"_eFb\">\n<div class=\"_mr kno-fb-ctx\" data-dtype=\"d3ph\" data-ved=\"0ahUKEwjUurqKi4_OAhUJD8AKHfphA8QQ8I0BCIkBKAAwEg\"><span class=\"_Xbe kno-fv\"><span class=\"_RCm\">T\u00e9l\u00e9phone\u00a0:<\/span><a class=\"fl r-i3PYxpf8Qvb0\" title=\"Appeller avec Hangouts\" data-number=\"+33149927000\" data-pstn-out-call-url=\"\" data-rtid=\"i3PYxpf8Qvb0\" data-ved=\"0ahUKEwjUurqKi4_OAhUJD8AKHfphA8QQkAgIigEwEg\">01 49 92 70 00<\/a><\/span><\/div>\n<\/div>\n<\/div>\n<p>&nbsp;<\/p>\n","protected":false},"excerpt":{"rendered":"<p>5 et 6 ao\u00fbt &#8211; Nuits des \u00e9toiles Observations et animations de 21h \u00e0 1h Les traditionnelles Nuits des \u00c9toiles ont lieu au mus\u00e9e de l\u2019Air et de l\u2019Espace les 5 et 6 ao\u00fbt 2016, sur le th\u00e8me des sondes&#8230;<\/p>\n","protected":false},"author":2,"featured_media":0,"comment_status":"open","ping_status":"open","sticky":false,"template":"","format":"standard","meta":{"ngg_post_thumbnail":0,"jetpack_post_was_ever_published":false,"_jetpack_newsletter_access":"","footnotes":""},"categories":[28],"tags":[],"class_list":["post-18486","post","type-post","status-publish","format-standard","hentry","category-familles"],"jetpack_featured_media_url":"","jetpack-related-posts":[{"id":17002,"url":"http:\/\/www.letourismeaparis.fr\/index.php\/2015\/08\/05\/7-et-8-aout-nuits-des-etoiles-au-milieu-des-fusees-au-musee-de-lair-et-de-lespace-au-bourget\/","url_meta":{"origin":18486,"position":0},"title":"7 et 8 ao\u00fbt : nuits des \u00e9toiles au milieu des fus\u00e9es au mus\u00e9e de l&#039;air et de l&#039;espace au Bourget","author":"Fabienne TM","date":"5 ao\u00fbt 2015","format":false,"excerpt":"\u00a0 A l\u0092occasion des Nuits des \u00c9toiles, les 7 et 8 ao\u00fbt, le mus\u00e9e de l\u0092Air et de l\u0092Espace invite les passionn\u00e9s et curieux d\u0092astronomie \u00e0 d\u00e9couvrir la vo\u00fbte c\u00e9leste \u00e0 travers des observations nocturnes et des animations dans le plan\u00e9tarium et le hall de l\u0092espace. Le mus\u00e9e de l\u0092Air\u2026","rel":"","context":"Dans &quot;Non class\u00e9&quot;","block_context":{"text":"Non class\u00e9","link":"http:\/\/www.letourismeaparis.fr\/index.php\/category\/non-classe\/"},"img":{"alt_text":"","src":"","width":0,"height":0},"classes":[]},{"id":18460,"url":"http:\/\/www.letourismeaparis.fr\/index.php\/2016\/08\/02\/la-nuit-des-etoiles-2016-a-lobservatoire-panoramique-de-la-tour-montparnasse\/","url_meta":{"origin":18486,"position":1},"title":"La Nuit des Etoiles 2016  \u00e0 l&#039;Observatoire Panoramique de la Tour Montparnasse","author":"Fabienne TM","date":"2 ao\u00fbt 2016","format":false,"excerpt":"\u00a0 L'Observatoire panoramique de la Tour Montparnasse, plus haut point de vue touristique de Paris, propose aux passionn\u00e9s de venir admirer le ciel scintillant les 5,6 et 7 ao\u00fbt 2016 lors de la Nuit des Etoiles 2016. Pour cette 26\u00e8me \u00e9dition, les \u00e9toiles en d\u00e9voileront un peu plus sur une\u2026","rel":"","context":"Dans &quot;Familles&quot;","block_context":{"text":"Familles","link":"http:\/\/www.letourismeaparis.fr\/index.php\/category\/familles\/"},"img":{"alt_text":"","src":"","width":0,"height":0},"classes":[]},{"id":15496,"url":"http:\/\/www.letourismeaparis.fr\/index.php\/2014\/08\/01\/24e-edition-de-la-nuit-des-etoiles-samedi-2-aout\/","url_meta":{"origin":18486,"position":2},"title":"24e \u00e9dition de la Nuit des Etoiles , samedi 2 aout","author":"Fabienne TM","date":"1 ao\u00fbt 2014","format":false,"excerpt":"Le Centre de culture scientifique Atlas de Saint-Ouen participe \u00e0 nouveau cette ann\u00e9e aux Nuits des Etoiles et vous propose le samedi 2 ao\u00fbt 2014 de venir profiter des animations et observations du ciel gratuitement. Le Centre de culture scientifique Atlas\u00a0situ\u00e9 \u00e0\u00a0Saint-Ouen\u00a0vous attend au grand parc de Saint-Ouen pour une\u2026","rel":"","context":"Dans &quot;Familles&quot;","block_context":{"text":"Familles","link":"http:\/\/www.letourismeaparis.fr\/index.php\/category\/familles\/"},"img":{"alt_text":"","src":"","width":0,"height":0},"classes":[]},{"id":13317,"url":"http:\/\/www.letourismeaparis.fr\/index.php\/2013\/05\/13\/le-musee-de-lair-et-de-lespace-participe-a-la-nuit-europeenne-des-musees-2013-samedi-18-mai\/","url_meta":{"origin":18486,"position":3},"title":"Le mus\u00e9e de l\u2019Air et de l\u2019Espace participe \u00e0 la nuit europ\u00e9enne des mus\u00e9es 2013 samedi 18 mai","author":"Fabienne TM","date":"13 mai 2013","format":false,"excerpt":"Le mus\u00e9e de l\u2019Air et de l\u2019Espace\u00a0 sera exceptionnellement ouvert jusqu'\u00e0 23h. Toute la soir\u00e9e - Visites guid\u00e9es th\u00e9matiques (45mn) 19h Film \"2001, l'Odyss\u00e9e de l'espace\" de Stanley Kubrick (2h23) 19h Ambiance Jazz Swing avec UNISWING (1h30) 19h-20h-21h-22h Orchestre de la Musique de l'Air (4 x 30mn) 19h-20h-21h-22h Musique classique\u2026","rel":"","context":"Dans &quot;Non class\u00e9&quot;","block_context":{"text":"Non class\u00e9","link":"http:\/\/www.letourismeaparis.fr\/index.php\/category\/non-classe\/"},"img":{"alt_text":"","src":"","width":0,"height":0},"classes":[]},{"id":20145,"url":"http:\/\/www.letourismeaparis.fr\/index.php\/2017\/07\/26\/la-nuit-des-etoiles-les-27-28-et-29-juillet-a-la-tout-montparnasse\/","url_meta":{"origin":18486,"position":4},"title":"La nuit des \u00e9toiles les 27 28 et 29 juillet \u00e0 la tour Montparnasse","author":"Fabienne TM","date":"26 juillet 2017","format":false,"excerpt":"Programme de la Nuit des Etoiles 2017 \u00e0 l\u2019Observatoire Panoramique de la Tour Montparnasse Les 28, 29 et 30 juillet prochains , l\u2019Observatoire Panoramique de la Tour Montparnasse invite petits et grands,passionn\u00e9s et amateurs, \u00e0 vivre LaNuit des Etoiles au plus pr\u00e8s du ciel \u00a0 Partez \u00e0 la recherche de\u2026","rel":"","context":"Dans &quot;Astronomie&quot;","block_context":{"text":"Astronomie","link":"http:\/\/www.letourismeaparis.fr\/index.php\/category\/culture\/musees-expositions\/astronomie\/"},"img":{"alt_text":"","src":"","width":0,"height":0},"classes":[]},{"id":3686,"url":"http:\/\/www.letourismeaparis.fr\/index.php\/2009\/07\/22\/nuit-des-etoiles-a-la-tour-montparnasse-les-24-et-25-juillet\/","url_meta":{"origin":18486,"position":5},"title":"Nuit des \u00e9toiles \u00e0 la tour Montparnasse les 24 et 25 juillet","author":"Fabienne TM","date":"22 juillet 2009","format":false,"excerpt":"Les 24 et 25 juillet prochains, , Montparnasse 56,\u00a0 transforme son toit-terrasse du 59e \u00e9tage - \u00e0 210 m\u00e8tres d\u2019altitude - en un gigantesque observatoire plein ciel. Sur la terrasse panoramique, tous les astronomes novices ou confirm\u00e9s, profiteront de t\u00e9lescopes et de jumelles plusieurs animateurs confirm\u00e9s et conf\u00e9renciers de l\u2019AFA\u2026","rel":"","context":"Dans &quot;Non class\u00e9&quot;","block_context":{"text":"Non class\u00e9","link":"http:\/\/www.letourismeaparis.fr\/index.php\/category\/non-classe\/"},"img":{"alt_text":"","src":"","width":0,"height":0},"classes":[]}],"jetpack_sharing_enabled":true,"jetpack_likes_enabled":true,"_links":{"self":[{"href":"http:\/\/www.letourismeaparis.fr\/index.php\/wp-json\/wp\/v2\/posts\/18486","targetHints":{"allow":["GET"]}}],"collection":[{"href":"http:\/\/www.letourismeaparis.fr\/index.php\/wp-json\/wp\/v2\/posts"}],"about":[{"href":"http:\/\/www.letourismeaparis.fr\/index.php\/wp-json\/wp\/v2\/types\/post"}],"author":[{"embeddable":true,"href":"http:\/\/www.letourismeaparis.fr\/index.php\/wp-json\/wp\/v2\/users\/2"}],"replies":[{"embeddable":true,"href":"http:\/\/www.letourismeaparis.fr\/index.php\/wp-json\/wp\/v2\/comments?post=18486"}],"version-history":[{"count":0,"href":"http:\/\/www.letourismeaparis.fr\/index.php\/wp-json\/wp\/v2\/posts\/18486\/revisions"}],"wp:attachment":[{"href":"http:\/\/www.letourismeaparis.fr\/index.php\/wp-json\/wp\/v2\/media?parent=18486"}],"wp:term":[{"taxonomy":"category","embeddable":true,"href":"http:\/\/www.letourismeaparis.fr\/index.php\/wp-json\/wp\/v2\/categories?post=18486"},{"taxonomy":"post_tag","embeddable":true,"href":"http:\/\/www.letourismeaparis.fr\/index.php\/wp-json\/wp\/v2\/tags?post=18486"}],"curies":[{"name":"wp","href":"https:\/\/api.w.org\/{rel}","templated":true}]}}