{"id":18509,"date":"2016-07-28T11:00:46","date_gmt":"2016-07-28T09:00:46","guid":{"rendered":"http:\/\/www.letourismeaparis.fr\/?p=18509"},"modified":"2016-07-28T11:00:46","modified_gmt":"2016-07-28T09:00:46","slug":"le-musee-rodin-vous-attend-cet-ete","status":"publish","type":"post","link":"http:\/\/www.letourismeaparis.fr\/index.php\/2016\/07\/28\/le-musee-rodin-vous-attend-cet-ete\/","title":{"rendered":"Le mus\u00e9e Rodin vous attend cet \u00e9t\u00e9 ."},"content":{"rendered":"<p><a href=\"https:\/\/www.youtube.com\/watch?v=wItu0e07KNk\">https:\/\/www.youtube.com\/watch?v=wItu0e07KNk<\/a><br \/>\n<span style=\"letter-spacing: 0.05em; line-height: 1.6875;\">Mus\u00e9e Rodin,\u00a077 rue de Varenne, 75007 Paris<br \/>\nT\u00e9l\u00e9phone : 01 44 18 61 10<\/span><br \/>\n<a href=\"http:\/\/www.letourismeaparis.fr\/wp-content\/uploads\/2016\/07\/rodin.jpg\"><img loading=\"lazy\" decoding=\"async\" class=\"aligncenter size-medium wp-image-18510\" src=\"http:\/\/www.letourismeaparis.fr\/wp-content\/uploads\/2016\/07\/rodin-200x300.jpg\" alt=\"rodin\" width=\"200\" height=\"300\" \/><\/a><br \/>\n<span style=\"letter-spacing: 0.05em; line-height: 1.6875;\">L\u2019exposition\u00a0<\/span><em style=\"letter-spacing: 0.05em; line-height: 1.6875;\">L\u2019Enfer selon Rodin<\/em><span style=\"letter-spacing: 0.05em; line-height: 1.6875;\">\u00a0invite le public \u00e0 revivre la cr\u00e9ation d\u2019une ic\u00f4ne de l\u2019art :\u00a0<\/span><em style=\"letter-spacing: 0.05em; line-height: 1.6875;\">La Porte de l\u2019Enfer<\/em><span style=\"letter-spacing: 0.05em; line-height: 1.6875;\">. Plus de 170 \u0153uvres \u2013 dont 60 dessins rarement pr\u00e9sent\u00e9s au public et de nombreuses sculptures restaur\u00e9es pour l\u2019exposition \u2013 plongeront les visiteurs dans l\u2019histoire fascinante de ce chef-d\u2019\u0153uvre dont l\u2019influence fut consid\u00e9rable dans l\u2019\u00e9volution de la sculpture et des arts. Avec cette porte myst\u00e9rieuse et imposante qui ne s\u2019ouvre pas, Rodin offre une vision spectaculaire des Enfers, pleine de fi\u00e8vre et de tourments.<\/span><br \/>\n<!--more--><br \/>\nDu 18 octobre 2016 au 22 janvier 2017<\/p>\n","protected":false},"excerpt":{"rendered":"<p>https:\/\/www.youtube.com\/watch?v=wItu0e07KNk Mus\u00e9e Rodin,\u00a077 rue de Varenne, 75007 Paris T\u00e9l\u00e9phone : 01 44 18 61 10 L\u2019exposition\u00a0L\u2019Enfer selon Rodin\u00a0invite le public \u00e0 revivre la cr\u00e9ation d\u2019une ic\u00f4ne de l\u2019art :\u00a0La Porte de l\u2019Enfer. Plus de 170 \u0153uvres \u2013 dont 60 dessins&#8230;<\/p>\n","protected":false},"author":2,"featured_media":0,"comment_status":"open","ping_status":"open","sticky":false,"template":"","format":"standard","meta":{"ngg_post_thumbnail":0,"jetpack_post_was_ever_published":false,"_jetpack_newsletter_access":"","footnotes":""},"categories":[9],"tags":[],"class_list":["post-18509","post","type-post","status-publish","format-standard","hentry","category-beaux-arts"],"jetpack_featured_media_url":"","jetpack-related-posts":[{"id":250,"url":"http:\/\/www.letourismeaparis.fr\/index.php\/2008\/07\/17\/le-musee-rodin-et-camille-claudel-jusquau-2007\/","url_meta":{"origin":18509,"position":0},"title":"le Mus\u00e9e Rodin et Camille Claudel jusqu&#039;au 20\/07","author":"Fabienne TM","date":"17 juillet 2008","format":false,"excerpt":"PARIS ADVISOR LE TOURISME A PARIS jusqu'au 20 juillet 2008 \"L'exposition rassemble l\u2019essentiel de l\u2019oeuvre de l\u2019artiste avec plus de 80 sculptures en marbre, terre cuite, pl\u00e2tre, onyx et bronze ainsi qu\u2019une dizaine de gravures et dessins provenant de collections publiques et priv\u00e9es. Certains documents comme la correspondance de Rodin\u2026","rel":"","context":"Dans &quot;Non class\u00e9&quot;","block_context":{"text":"Non class\u00e9","link":"http:\/\/www.letourismeaparis.fr\/index.php\/category\/non-classe\/"},"img":{"alt_text":"","src":"","width":0,"height":0},"classes":[]},{"id":177,"url":"http:\/\/www.letourismeaparis.fr\/index.php\/2008\/06\/02\/camille-claudel-au-musee-rodin-2\/","url_meta":{"origin":18509,"position":1},"title":"CAMILLE CLAUDEL AU MUSEE RODIN","author":"Fabienne TM","date":"2 juin 2008","format":false,"excerpt":"PARIS ADVISOR LE TOURISME A A PARIS jusqu'au 20 juillet 2008 \"L'exposition rassemble l\u2019essentiel de l\u2019oeuvre de l\u2019artiste avec plus de 80 sculptures en marbre, terre cuite, pl\u00e2tre, onyx et bronze ainsi qu\u2019une dizaine de gravures et dessins provenant de collections publiques et priv\u00e9es. Certains documents comme la correspondance de\u2026","rel":"","context":"Dans &quot;Non class\u00e9&quot;","block_context":{"text":"Non class\u00e9","link":"http:\/\/www.letourismeaparis.fr\/index.php\/category\/non-classe\/"},"img":{"alt_text":"","src":"","width":0,"height":0},"classes":[]},{"id":9543,"url":"http:\/\/www.letourismeaparis.fr\/index.php\/2011\/02\/22\/henry-moore-latelier-sculptures-et-dessins-jusquau-27-fevrier-2011\/","url_meta":{"origin":18509,"position":2},"title":"HENRY MOORE, L&#039;ATELIER SCULPTURES ET DESSINS jusqu&#039;au 27 F\u00c9VRIER 2011","author":"Fabienne TM","date":"22 f\u00e9vrier 2011","format":false,"excerpt":"Cette exposition consacr\u00e9e au sculpteur anglais Henry Moore (1898 \u2013 1986) est la premi\u00e8re grande r\u00e9trospective organis\u00e9e\u00a0 \u00e0 Paris depuis plus de trente ans.Vous pourrez suivre la visite avec une conf\u00e9renci\u00e8re\u00a0 le samedi 26 f\u00e9vrier \u00e0 12h ;\u00a0 RDV \u00e0 11h50.inscriptions obligatoires : mfpille@free.fr le mus\u00e9e Rodin pr\u00e9sente\u00a0 notamment plus\u2026","rel":"","context":"Dans &quot;Non class\u00e9&quot;","block_context":{"text":"Non class\u00e9","link":"http:\/\/www.letourismeaparis.fr\/index.php\/category\/non-classe\/"},"img":{"alt_text":"","src":"","width":0,"height":0},"classes":[]},{"id":20725,"url":"http:\/\/www.letourismeaparis.fr\/index.php\/2018\/07\/22\/les-grandes-expositions-en-2018-paris-2\/","url_meta":{"origin":18509,"position":3},"title":"Les grandes expositions en 2018 \u00e0 Paris (2)","author":"Fabienne TM","date":"22 juillet 2018","format":false,"excerpt":"\u00a0le Canal de Suez \u00e0 l'IMA du 26 mars au 5 \u00a0Guernica au mus\u00e9e Picasso du 27 mars au 29 juillet Delacroix au Louvre du 29 mars au 23 juillet \u00a0Le Japonisme \u00e0 Giverny du 30 mars au 15 juillet Rodin et la danse du 7 avril au 22 juillet\u2026","rel":"","context":"Dans &quot;Mus\u00e9es \/ Expositions&quot;","block_context":{"text":"Mus\u00e9es \/ Expositions","link":"http:\/\/www.letourismeaparis.fr\/index.php\/category\/culture\/musees-expositions\/"},"img":{"alt_text":"","src":"","width":0,"height":0},"classes":[]},{"id":18732,"url":"http:\/\/www.letourismeaparis.fr\/index.php\/2016\/09\/29\/des-visites-culturelles-a-paris-inscrivez-vous-vite\/","url_meta":{"origin":18509,"position":4},"title":"Des visites culturelles \u00e0 Paris : Inscrivez vous  vite !","author":"Fabienne TM","date":"29 septembre 2016","format":false,"excerpt":"Le Tourisme \u00e0 Paris organise des sorties culturelles \u00e0 Paris, notamment les grandes expositions . Un \u00a0tr\u00e8s bon programme cette ann\u00e9e.\u00a0Une inscription est n\u00e9cessaire pour participer . Notamment \u00a0 \u00a0 Holder, Monet, Munch Magritte Jade\u00a0\u00a0\u00a0\u00a0\u00a0\u00a0 au mus\u00e9ee Guimet Exposition de Sindbab \u00e0 Marco Polo Exposition Bernard Buffet Spectaculaire Second Empire\u2026","rel":"","context":"Dans &quot;Non class\u00e9&quot;","block_context":{"text":"Non class\u00e9","link":"http:\/\/www.letourismeaparis.fr\/index.php\/category\/non-classe\/"},"img":{"alt_text":"","src":"","width":0,"height":0},"classes":[]},{"id":11602,"url":"http:\/\/www.letourismeaparis.fr\/index.php\/2012\/03\/27\/la-semaine-du-dessin-du-28-mars-au-2-avril-2012\/","url_meta":{"origin":18509,"position":5},"title":"La semaine du dessin  du 28 mars au 2 avril 2012,","author":"Fabienne TM","date":"27 mars 2012","format":false,"excerpt":"Chaque mus\u00e9e participant \u00e0 l\u2019\u00e9v\u00e9nement organise une exposition et\/ou des visites priv\u00e9es de ses collections. Ces visites priv\u00e9es sont gratuites . il est obligatoire de s\u2019inscrire\u00a0 par t\u00e9l\u00e9phone, au 01 45 22 61 05 ou bien info@salondudessin.com, Mus\u00e9es participant \u00e0 l\u2019\u00e9dition 2012 de la Semaine du Dessin Biblioth\u00e8que Nationale de\u2026","rel":"","context":"Dans &quot;Non class\u00e9&quot;","block_context":{"text":"Non class\u00e9","link":"http:\/\/www.letourismeaparis.fr\/index.php\/category\/non-classe\/"},"img":{"alt_text":"","src":"","width":0,"height":0},"classes":[]}],"jetpack_sharing_enabled":true,"jetpack_likes_enabled":true,"_links":{"self":[{"href":"http:\/\/www.letourismeaparis.fr\/index.php\/wp-json\/wp\/v2\/posts\/18509","targetHints":{"allow":["GET"]}}],"collection":[{"href":"http:\/\/www.letourismeaparis.fr\/index.php\/wp-json\/wp\/v2\/posts"}],"about":[{"href":"http:\/\/www.letourismeaparis.fr\/index.php\/wp-json\/wp\/v2\/types\/post"}],"author":[{"embeddable":true,"href":"http:\/\/www.letourismeaparis.fr\/index.php\/wp-json\/wp\/v2\/users\/2"}],"replies":[{"embeddable":true,"href":"http:\/\/www.letourismeaparis.fr\/index.php\/wp-json\/wp\/v2\/comments?post=18509"}],"version-history":[{"count":0,"href":"http:\/\/www.letourismeaparis.fr\/index.php\/wp-json\/wp\/v2\/posts\/18509\/revisions"}],"wp:attachment":[{"href":"http:\/\/www.letourismeaparis.fr\/index.php\/wp-json\/wp\/v2\/media?parent=18509"}],"wp:term":[{"taxonomy":"category","embeddable":true,"href":"http:\/\/www.letourismeaparis.fr\/index.php\/wp-json\/wp\/v2\/categories?post=18509"},{"taxonomy":"post_tag","embeddable":true,"href":"http:\/\/www.letourismeaparis.fr\/index.php\/wp-json\/wp\/v2\/tags?post=18509"}],"curies":[{"name":"wp","href":"https:\/\/api.w.org\/{rel}","templated":true}]}}