{"id":18553,"date":"2016-08-24T16:52:56","date_gmt":"2016-08-24T14:52:56","guid":{"rendered":"http:\/\/www.letourismeaparis.fr\/?p=18553"},"modified":"2016-08-24T16:52:56","modified_gmt":"2016-08-24T14:52:56","slug":"22e-pyramide-de-chaussures-a-paris-le-24-septembre-avec-handicap-international","status":"publish","type":"post","link":"http:\/\/www.letourismeaparis.fr\/index.php\/2016\/08\/24\/22e-pyramide-de-chaussures-a-paris-le-24-septembre-avec-handicap-international\/","title":{"rendered":"22e  pyramide de chaussures \u00e0 Paris, le 24 septembre avec Handicap International"},"content":{"rendered":"<p>Bombarder les civils, ce n\u2019est pas la guerre, c\u2019est un crime.<br \/>\n22\u00e8me Pyramide de chaussures : de la rencontre nait l\u2019indignation. Une place publique jonch\u00e9e de restes explosifs de guerre, des vies enfouies sous le poids des gravats, un ami victime d\u2019un bombardement. <a href=\"http:\/\/www.letourismeaparis.fr\/wp-content\/uploads\/2016\/08\/Capture-d\u2019e\u0301cran-2016-08-24-a\u0300-16.45.47.png\"><img loading=\"lazy\" decoding=\"async\" class=\"aligncenter size-medium wp-image-18555\" src=\"http:\/\/www.letourismeaparis.fr\/wp-content\/uploads\/2016\/08\/Capture-d\u2019e\u0301cran-2016-08-24-a\u0300-16.45.47-256x300.png\" alt=\"Capture d\u2019e\u0301cran 2016-08-24 a\u0300 16.45.47\" width=\"256\" height=\"300\" \/><\/a>C\u2019est \u00e0 cette effroyable r\u00e9alit\u00e9 que sera confront\u00e9 cette ann\u00e9e le public. Non seulement invit\u00e9 \u00e0 lancer une paire de chaussures pour soutenir les victimes de guerre et \u00e0 signer la p\u00e9tition,<!--more-->il sera aussi plong\u00e9 au c\u0153ur d\u2019une exp\u00e9rience immersive. A travers la r\u00e9alit\u00e9 virtuelle, les d\u00e9monstrations de d\u00e9minage et la rencontre avec des professionnels du terrain chacun sera amen\u00e9 \u00e0 s\u2019imaginer le parcours d\u2019une victime et \u00e0 agir \u00e0 son \u00e9chelle pour dire non aux bombardements des civils.<br \/>\nPour faire un don Sur internet : <a href=\"http:\/\/www.handicap-international.fr\">www.handicap-international.fr<\/a><br \/>\nPar courrier : Handicap International Libre r\u00e9pons<br \/>\n&nbsp;<\/p>\n","protected":false},"excerpt":{"rendered":"<p>Bombarder les civils, ce n\u2019est pas la guerre, c\u2019est un crime. 22\u00e8me Pyramide de chaussures : de la rencontre nait l\u2019indignation. Une place publique jonch\u00e9e de restes explosifs de guerre, des vies enfouies sous le poids des gravats, un ami&#8230;<\/p>\n","protected":false},"author":2,"featured_media":0,"comment_status":"open","ping_status":"open","sticky":false,"template":"","format":"standard","meta":{"ngg_post_thumbnail":0,"jetpack_post_was_ever_published":false,"_jetpack_newsletter_access":"","footnotes":""},"categories":[12],"tags":[],"class_list":["post-18553","post","type-post","status-publish","format-standard","hentry","category-bonnes-oeuvres"],"jetpack_featured_media_url":"","jetpack-related-posts":[{"id":20188,"url":"http:\/\/www.letourismeaparis.fr\/index.php\/2017\/09\/14\/la-pyramide-de-chaussures-de-paris-23-septembre-recherche-des-benevoles\/","url_meta":{"origin":18553,"position":0},"title":"La Pyramide de chaussures de Paris (22 septembre) recherche des b\u00e9n\u00e9voles !","author":"Fabienne TM","date":"14 septembre 2017","format":false,"excerpt":"La Pyramide de chaussures de Paris recherche des b\u00e9n\u00e9voles\u00a0! \u00a0 22 ans qu\u2019elles symbolisent le rendez-vous contre la barbarie des armes qui tuent, blessent et brisent des vies \u00e0 l\u2019aveugle. Comme chaque ann\u00e9e, le 22 septembre prochain, des Pyramides de chaussures et des milliers de citoyens s\u2019\u00e9l\u00e8veront partout en France\u2026","rel":"","context":"Dans &quot;Actualit\u00e9s&quot;","block_context":{"text":"Actualit\u00e9s","link":"http:\/\/www.letourismeaparis.fr\/index.php\/category\/actualite\/"},"img":{"alt_text":"","src":"","width":0,"height":0},"classes":[]},{"id":17142,"url":"http:\/\/www.letourismeaparis.fr\/index.php\/2015\/12\/28\/chevaliers-et-bombardes-dazincourt-a-marignan-1415-1515-aux-invalides\/","url_meta":{"origin":18553,"position":1},"title":"CHEVALIERS ET BOMBARDES. D\u2019AZINCOURT \u00c0 MARIGNAN, 1415-1515 aux Invalides (ouvert le lundi)","author":"Fabienne TM","date":"28 d\u00e9cembre 2015","format":false,"excerpt":"\u00a0 jusqu' au dimanche 24 janvier 2016 Tous les jours de 10h \u00e0 17h \u00a0 En pleine guerre de Cent Ans, le 25 octobre 1415, la bataille d'Azincourt sonne le glas de l'arm\u00e9e f\u00e9odale. Un si\u00e8cle plus tard, l'artillerie de Fran\u00e7ois Ier joue un r\u00f4le d\u00e9cisif dans la victoire contre\u2026","rel":"","context":"Dans &quot;Familles&quot;","block_context":{"text":"Familles","link":"http:\/\/www.letourismeaparis.fr\/index.php\/category\/familles\/"},"img":{"alt_text":"","src":"","width":0,"height":0},"classes":[]},{"id":15953,"url":"http:\/\/www.letourismeaparis.fr\/index.php\/2014\/11\/11\/le-cinema-la-grande-guerre-de-nombreux-films-lauditorium-des-invalides\/","url_meta":{"origin":18553,"position":2},"title":"LE CINEMA &amp; LA GRANDE GUERRE : de nombreux films \u00e0 l&#039;auditorium des invalides","author":"Fabienne TM","date":"11 novembre 2014","format":false,"excerpt":"\u00a0 En \u00e9cho \u00e0 l'exposition Vu du Front. Repr\u00e9senter la Grande Guerre actuellement pr\u00e9sent\u00e9e \u00e0 l'h\u00f4tel national des Invalides, le mus\u00e9e de l'Arm\u00e9e et la Biblioth\u00e8que de documentation internationale contemporaine (BDIC) proposent tout au long du mois de novembre, une programmation cin\u00e9matographique autour du premier conflit mondial. \u00a0 4 FILMS\u2026","rel":"","context":"Dans &quot;Non class\u00e9&quot;","block_context":{"text":"Non class\u00e9","link":"http:\/\/www.letourismeaparis.fr\/index.php\/category\/non-classe\/"},"img":{"alt_text":"","src":"https:\/\/i0.wp.com\/www.letourismeaparis.fr\/wp-content\/uploads\/2014\/10\/vu-du-front.jpg?resize=350%2C200","width":350,"height":200},"classes":[]},{"id":23949,"url":"http:\/\/www.letourismeaparis.fr\/index.php\/2020\/01\/16\/visite-en-realite-virtuelle-de-la-pyramide-de-kheops\/","url_meta":{"origin":18553,"position":3},"title":"Visite en r\u00e9alit\u00e9 virtuelle de la pyramide de Kh\u00e9ops","author":"Fabienne TM","date":"16 janvier 2020","format":false,"excerpt":"Galerie des moulages ScanPyramids VR propose de se t\u00e9l\u00e9porter en groupe sur le plateau de Gizeh, en \u00c9gypte, et d\u2019arpenter la Grande Pyramide en taille r\u00e9elle avec un guide conf\u00e9rencier, durant une visite de 45 minutes. Pour cette premi\u00e8re exp\u00e9rimentation, ScanPyramids VR, les visiteurs-explorateurs sont \u00e9quip\u00e9s d\u2019un sac \u00e0 dos\u2026","rel":"","context":"Dans &quot;Non class\u00e9&quot;","block_context":{"text":"Non class\u00e9","link":"http:\/\/www.letourismeaparis.fr\/index.php\/category\/non-classe\/"},"img":{"alt_text":"","src":"https:\/\/i0.wp.com\/www.letourismeaparis.fr\/wp-content\/uploads\/2020\/01\/Capture-d%E2%80%99e%CC%81cran-2020-01-16-a%CC%80-15.20.20.png?resize=350%2C200","width":350,"height":200,"srcset":"https:\/\/i0.wp.com\/www.letourismeaparis.fr\/wp-content\/uploads\/2020\/01\/Capture-d%E2%80%99e%CC%81cran-2020-01-16-a%CC%80-15.20.20.png?resize=350%2C200 1x, https:\/\/i0.wp.com\/www.letourismeaparis.fr\/wp-content\/uploads\/2020\/01\/Capture-d%E2%80%99e%CC%81cran-2020-01-16-a%CC%80-15.20.20.png?resize=525%2C300 1.5x"},"classes":[]},{"id":24501,"url":"http:\/\/www.letourismeaparis.fr\/index.php\/2021\/12\/02\/grande-vente-de-noel-samedi-18-et-dimanche-19-decembre-au-profit-des-enfants-cardiaques\/","url_meta":{"origin":18553,"position":4},"title":"GRANDE VENTE DE NO\u00cbL SAMEDI 18 ET DIMANCHE 19 D\u00c9CEMBRE  AU PROFIT DES ENFANTS CARDIAQUES","author":"Fabienne TM","date":"2 d\u00e9cembre 2021","format":false,"excerpt":"PARC FLORAL, PARIS - DES GRANDES MARQUES PROPOS\u00c9ES JUSQU'\u00c0 -70% 100% AU PROFIT DES ENFANTS CARDIAQUES Pour f\u00eater les 3 700 enfants op\u00e9r\u00e9s depuis 1996, M\u00e9c\u00e9nat Chirurgie Cardiaque organise, les 18 et 19 d\u00e9cembre, la plus Grande Vente de No\u00ebl au Parc Floral de Paris. Longchamp, Figaret, Maje, Clarins, Ladur\u00e9e,\u2026","rel":"","context":"Dans &quot;Bons Plans&quot;","block_context":{"text":"Bons Plans","link":"http:\/\/www.letourismeaparis.fr\/index.php\/category\/bon-plan\/"},"img":{"alt_text":"","src":"","width":0,"height":0},"classes":[]},{"id":12108,"url":"http:\/\/www.letourismeaparis.fr\/index.php\/2012\/11\/02\/jusqu-au-4-novembre-2012-la-chaussure-une-passion-fran-caise-a-latelier-richelieu\/","url_meta":{"origin":18553,"position":5},"title":"jusqu&#039; au 4 novembre 2012,  LA CHAUSSURE , UNE PASSION FRAN CAISE \u00e0 l\u2019Atelier Richelieu","author":"Fabienne TM","date":"2 novembre 2012","format":false,"excerpt":"Entr\u00e9e\u00a0 libre. La Chaussure,une passion fran\u00e7aise cr\u00e9ation & innovation depuis 150 ans Cet \u00e9v\u00e9nement a pour but de faire partager cette passion et de montrer l\u2019existence de cette activit\u00e9 et de ses acteurs, riches de savoir-faire, et tourn\u00e9s vers l\u2019avenir. La vari\u00e9t\u00e9 de leurs cr\u00e9ations offre l\u2019opportunit\u00e9, rare, d\u2019aborder tous\u2026","rel":"","context":"Dans &quot;Non class\u00e9&quot;","block_context":{"text":"Non class\u00e9","link":"http:\/\/www.letourismeaparis.fr\/index.php\/category\/non-classe\/"},"img":{"alt_text":"","src":"","width":0,"height":0},"classes":[]}],"jetpack_sharing_enabled":true,"jetpack_likes_enabled":true,"_links":{"self":[{"href":"http:\/\/www.letourismeaparis.fr\/index.php\/wp-json\/wp\/v2\/posts\/18553","targetHints":{"allow":["GET"]}}],"collection":[{"href":"http:\/\/www.letourismeaparis.fr\/index.php\/wp-json\/wp\/v2\/posts"}],"about":[{"href":"http:\/\/www.letourismeaparis.fr\/index.php\/wp-json\/wp\/v2\/types\/post"}],"author":[{"embeddable":true,"href":"http:\/\/www.letourismeaparis.fr\/index.php\/wp-json\/wp\/v2\/users\/2"}],"replies":[{"embeddable":true,"href":"http:\/\/www.letourismeaparis.fr\/index.php\/wp-json\/wp\/v2\/comments?post=18553"}],"version-history":[{"count":0,"href":"http:\/\/www.letourismeaparis.fr\/index.php\/wp-json\/wp\/v2\/posts\/18553\/revisions"}],"wp:attachment":[{"href":"http:\/\/www.letourismeaparis.fr\/index.php\/wp-json\/wp\/v2\/media?parent=18553"}],"wp:term":[{"taxonomy":"category","embeddable":true,"href":"http:\/\/www.letourismeaparis.fr\/index.php\/wp-json\/wp\/v2\/categories?post=18553"},{"taxonomy":"post_tag","embeddable":true,"href":"http:\/\/www.letourismeaparis.fr\/index.php\/wp-json\/wp\/v2\/tags?post=18553"}],"curies":[{"name":"wp","href":"https:\/\/api.w.org\/{rel}","templated":true}]}}