{"id":18561,"date":"2016-08-28T14:13:03","date_gmt":"2016-08-28T12:13:03","guid":{"rendered":"http:\/\/www.letourismeaparis.fr\/?p=18561"},"modified":"2016-08-28T14:13:03","modified_gmt":"2016-08-28T12:13:03","slug":"rock-en-seine-au-domaine-de-saint-cloud","status":"publish","type":"post","link":"http:\/\/www.letourismeaparis.fr\/index.php\/2016\/08\/28\/rock-en-seine-au-domaine-de-saint-cloud\/","title":{"rendered":"Rock en Seine au domaine de Saint-Cloud"},"content":{"rendered":"<p>DIMANCHE 28 AO\u00dbT<br \/>\nKillason \u2013 Sc\u00e8ne de l\u2019Industrie<br \/>\n16h10 \u2013 16h50<br \/>\nEditors \u2013 Grande Sc\u00e8ne<br \/>\n16h05 \u2013 16h55<a href=\"http:\/\/www.letourismeaparis.fr\/wp-content\/uploads\/2016\/08\/RES16_PLAN_ACCES_PUBLIC_TRANSPORTS_COMMUN-2.jpg\"><img loading=\"lazy\" decoding=\"async\" class=\"aligncenter size-medium wp-image-18562\" src=\"http:\/\/www.letourismeaparis.fr\/wp-content\/uploads\/2016\/08\/RES16_PLAN_ACCES_PUBLIC_TRANSPORTS_COMMUN-2-300x234.jpg\" alt=\"RES16_PLAN_ACCES_PUBLIC_TRANSPORTS_COMMUN-2\" width=\"300\" height=\"234\" \/><\/a><br \/>\n<!--more--><br \/>\nGregory Porter \u2013 Sc\u00e8ne de la Cascade<br \/>\n16h55 \u2013 17h45<br \/>\nSum 41 \u2013 Grande Sc\u00e8ne<br \/>\n17h45 \u2013 18h45<br \/>\nMiike Snow \u2013 Sc\u00e8ne de l\u2019Industrie<br \/>\n17h50 \u2013 18h40<!--more--><br \/>\nIggy Pop \u2013 Grande Sc\u00e8ne<br \/>\n19h45 \u2013 21h50<br \/>\nChvrches \u2013 Sc\u00e8ne de l\u2019Industrie<br \/>\n19h50 \u2013 20h50<br \/>\n26-27-28 AO\u00dbT 2016<br \/>\nDOMAINE NATIONAL DE SAINT-CLOUD \/ PARIS &#8211; FRANCE<br \/>\n<a href=\"http:\/\/www.rockenseine.com\/\">http:\/\/www.rockenseine.com\/<\/a><br \/>\n&nbsp;<br \/>\nLe Domaine national de Saint-Cloud se trouve aux portes de Paris. L\u2019entr\u00e9e du public s\u2019effectue avenue de la Grille d\u2019honneur.<\/p>\n","protected":false},"excerpt":{"rendered":"<p>DIMANCHE 28 AO\u00dbT Killason \u2013 Sc\u00e8ne de l\u2019Industrie 16h10 \u2013 16h50 Editors \u2013 Grande Sc\u00e8ne 16h05 \u2013 16h55<\/p>\n","protected":false},"author":2,"featured_media":0,"comment_status":"open","ping_status":"open","sticky":false,"template":"","format":"standard","meta":{"ngg_post_thumbnail":0,"jetpack_post_was_ever_published":false,"_jetpack_newsletter_access":"","footnotes":""},"categories":[29],"tags":[],"class_list":["post-18561","post","type-post","status-publish","format-standard","hentry","category-festival"],"jetpack_featured_media_url":"","jetpack-related-posts":[{"id":11021,"url":"http:\/\/www.letourismeaparis.fr\/index.php\/2011\/08\/22\/rock-en-seine-du-26-aout-au-28-aout\/","url_meta":{"origin":18561,"position":0},"title":"Rock en seine du 26 ao\u00fbt  au 28 ao\u00fbt","author":"Fabienne TM","date":"22 ao\u00fbt 2011","format":false,"excerpt":"Le festival a lieu chaque ann\u00e9e le dernier week-end d'ao\u00fbt, dans le Domaine national de Saint-Cloud, aux portes de Paris. Depuis Paris, en transport en commun Venez en m\u00e9tro, en tramway, en Bus\u2026 Le festival a lieu aux portes de Paris, dans le Domaine national de Saint-Cloud. Le Domaine est\u2026","rel":"","context":"Dans &quot;Non class\u00e9&quot;","block_context":{"text":"Non class\u00e9","link":"http:\/\/www.letourismeaparis.fr\/index.php\/category\/non-classe\/"},"img":{"alt_text":"","src":"","width":0,"height":0},"classes":[]},{"id":221,"url":"http:\/\/www.letourismeaparis.fr\/index.php\/2008\/08\/25\/rock-sur-seine-28-et-2908-a-saint-cloud\/","url_meta":{"origin":18561,"position":1},"title":"Rock sur seine  28 et 29\/08 \u00e0 Saint Cloud","author":"Fabienne TM","date":"25 ao\u00fbt 2008","format":false,"excerpt":"Le Tourisme \u00e0 Paris Paris Advisor Le festival a lieu dans le Domaine national de Saint Cloud les 20, 28 et 29 aout ww.rockenseine.com","rel":"","context":"Dans &quot;Non class\u00e9&quot;","block_context":{"text":"Non class\u00e9","link":"http:\/\/www.letourismeaparis.fr\/index.php\/category\/non-classe\/"},"img":{"alt_text":"","src":"","width":0,"height":0},"classes":[]},{"id":8288,"url":"http:\/\/www.letourismeaparis.fr\/index.php\/2010\/08\/17\/rock-en-seine-du-27-au-29-aout-au-domaine-de-saint-cloud\/","url_meta":{"origin":18561,"position":2},"title":"Rock en Seine du 27 au 29 ao\u00fbt au domaine de Saint Cloud","author":"Fabienne TM","date":"17 ao\u00fbt 2010","format":false,"excerpt":"Folk, pop, punk, soul, hip hop, comme toujours au Festival Rock en Seine, dans le domaine national de Saint-Cloud. l'\u00e9dition 2010 aligne des groupes mythiques. Le 27, The Kooks, les californiens d\u00e9j\u00e0 cultes de Black Rebel Motorcycle Club. Le hip hop et le rap rock\u00a0 avec le groupe mythique Cypress\u2026","rel":"","context":"Dans &quot;Non class\u00e9&quot;","block_context":{"text":"Non class\u00e9","link":"http:\/\/www.letourismeaparis.fr\/index.php\/category\/non-classe\/"},"img":{"alt_text":"","src":"https:\/\/i0.wp.com\/www.letourismeaparis.fr\/wp-content\/uploads\/2010\/08\/rock-en-seine-2010-300x250.jpg?resize=350%2C200","width":350,"height":200},"classes":[]},{"id":209,"url":"http:\/\/www.letourismeaparis.fr\/index.php\/2008\/06\/26\/films-sous-les-etoiles-du-28-au-30-juin-au-parc-de-saint-cloud\/","url_meta":{"origin":18561,"position":3},"title":"Films sous les \u00e9toiles du 28 au 30 juin au Parc de Saint Cloud","author":"Fabienne TM","date":"26 juin 2008","format":false,"excerpt":"Paris Advisor Le Tourisme \u00e0 Paris Chaque apr\u00e8s-midi le festival propose des projections \u00e0 16h00 et 18h30 sous chapiteau. Le soir,\u00e0 22h le cadre exceptionnel du Domaine national de Saint-Cloud se transforme avec deux longs-m\u00e9trages projet\u00e9s simultan\u00e9ment Les spectateurs go\u00fbtent au plaisir des s\u00e9ances sur \u00e9crans g\u00e9ants am\u00e9nag\u00e9s dans des\u2026","rel":"","context":"Dans &quot;Non class\u00e9&quot;","block_context":{"text":"Non class\u00e9","link":"http:\/\/www.letourismeaparis.fr\/index.php\/category\/non-classe\/"},"img":{"alt_text":"","src":"","width":0,"height":0},"classes":[]},{"id":13808,"url":"http:\/\/www.letourismeaparis.fr\/index.php\/2013\/08\/30\/le-grand-feu-de-saint-cloud-7-septembre-2013-domaine-de-saint-cloud\/","url_meta":{"origin":18561,"position":4},"title":"LE GRAND FEU DE SAINT-CLOUD  7 septembre 2013 &#8211; Domaine de Saint-Cloud","author":"Fabienne TM","date":"30 ao\u00fbt 2013","format":false,"excerpt":"\u00a0 Tous les ans, \u00e0 la rentr\u00e9e de septembre, au Domaine National de Saint Cloud (92), a lieu le plus grand feu d\u2019artifice d\u2019Europe. C\u2019est un gigantesque spectacle pyrotechnique, qui se d\u00e9roule ce samedi l\u00e0, entre 21h et 23h, et qui rassemble jusqu\u2019\u00e0 23000 personnes. \u00a0 Le Grand Feu est\u2026","rel":"","context":"Dans &quot;Musique&quot;","block_context":{"text":"Musique","link":"http:\/\/www.letourismeaparis.fr\/index.php\/category\/culture\/concerts-musique\/musique\/"},"img":{"alt_text":"","src":"","width":0,"height":0},"classes":[]},{"id":11016,"url":"http:\/\/www.letourismeaparis.fr\/index.php\/2011\/08\/21\/grand-feu-dartifice-a-saint-cloud-10-septembre-2011\/","url_meta":{"origin":18561,"position":5},"title":"Grand feu d&#039;artifice \u00e0 Saint Cloud : 10 septembre 2011","author":"Fabienne TM","date":"21 ao\u00fbt 2011","format":false,"excerpt":"\u00ab LE GRAND FEU \u00bb Domaine National de Saint-Cloud Le plus grand feu d\u2019artifice d\u2019Europe Ouverture des portes : 19h D\u00e9but du spectacle : 21h Fin du spectacle : 23h Premi\u00e8re partie pr\u00e9sent\u00e9e et anim\u00e9e par St\u00e9phane BERN Transports en commun fortement recommand\u00e9s (pas de parking alentour) : - M\u00e9tro\u2026","rel":"","context":"Dans &quot;Non class\u00e9&quot;","block_context":{"text":"Non class\u00e9","link":"http:\/\/www.letourismeaparis.fr\/index.php\/category\/non-classe\/"},"img":{"alt_text":"","src":"","width":0,"height":0},"classes":[]}],"jetpack_sharing_enabled":true,"jetpack_likes_enabled":true,"_links":{"self":[{"href":"http:\/\/www.letourismeaparis.fr\/index.php\/wp-json\/wp\/v2\/posts\/18561","targetHints":{"allow":["GET"]}}],"collection":[{"href":"http:\/\/www.letourismeaparis.fr\/index.php\/wp-json\/wp\/v2\/posts"}],"about":[{"href":"http:\/\/www.letourismeaparis.fr\/index.php\/wp-json\/wp\/v2\/types\/post"}],"author":[{"embeddable":true,"href":"http:\/\/www.letourismeaparis.fr\/index.php\/wp-json\/wp\/v2\/users\/2"}],"replies":[{"embeddable":true,"href":"http:\/\/www.letourismeaparis.fr\/index.php\/wp-json\/wp\/v2\/comments?post=18561"}],"version-history":[{"count":0,"href":"http:\/\/www.letourismeaparis.fr\/index.php\/wp-json\/wp\/v2\/posts\/18561\/revisions"}],"wp:attachment":[{"href":"http:\/\/www.letourismeaparis.fr\/index.php\/wp-json\/wp\/v2\/media?parent=18561"}],"wp:term":[{"taxonomy":"category","embeddable":true,"href":"http:\/\/www.letourismeaparis.fr\/index.php\/wp-json\/wp\/v2\/categories?post=18561"},{"taxonomy":"post_tag","embeddable":true,"href":"http:\/\/www.letourismeaparis.fr\/index.php\/wp-json\/wp\/v2\/tags?post=18561"}],"curies":[{"name":"wp","href":"https:\/\/api.w.org\/{rel}","templated":true}]}}