{"id":18598,"date":"2016-09-05T12:05:23","date_gmt":"2016-09-05T10:05:23","guid":{"rendered":"http:\/\/www.letourismeaparis.fr\/?p=18598"},"modified":"2016-09-05T12:05:23","modified_gmt":"2016-09-05T10:05:23","slug":"le-salon-du-sake-a-paris","status":"publish","type":"post","link":"http:\/\/www.letourismeaparis.fr\/index.php\/2016\/09\/05\/le-salon-du-sake-a-paris\/","title":{"rendered":"Le Salon du Sak\u00e9 \u00e0 Paris"},"content":{"rendered":"<p>Pour sa 3e \u00e9dition, le Salon propose deux fois plus d\u2019ateliers de d\u00e9gustation.\u00a0\u00a0Sylvain Huet r\u00e9unira pour l\u2019occasion de talentueux Chefs, lan\u00e7ant m\u00eame le d\u00e9fi \u00e0 certains de<br \/>\nmettre au point une recette originale en s\u2019inspirant d\u2019un sak\u00e9 d\u2019exception.<!--more--><br \/>\nOn privil\u00e9giera ceux qui d\u00e9veloppent une belle amertume avec des l\u00e9gumes, ceux avec de l\u2019umami pour des viandes riches, alors que les ar\u00f4mes de min\u00e9ralit\u00e9 servent tous le terroir de la mer&#8230;Une boisson qui cultive son propre art de vivre<!--more--><br \/>\n&nbsp;<br \/>\nLe Salon Europ\u00e9en du Sak\u00e9 et des boissons japonaises 2016<br \/>\nNEW CAP EVENT CENTER<br \/>\n1-13, quai de Grenelle 75015 Paris<br \/>\nJourn\u00e9es grand public: samedi 22 &#8211; dimanche 23 octobre 2016 de 11h \u00e0 19h<br \/>\nwww.salon-du-sake.fr\/<\/p>\n","protected":false},"excerpt":{"rendered":"<p>Pour sa 3e \u00e9dition, le Salon propose deux fois plus d\u2019ateliers de d\u00e9gustation.\u00a0\u00a0Sylvain Huet r\u00e9unira pour l\u2019occasion de talentueux Chefs, lan\u00e7ant m\u00eame le d\u00e9fi \u00e0 certains de mettre au point une recette originale en s\u2019inspirant d\u2019un sak\u00e9 d\u2019exception.<\/p>\n","protected":false},"author":2,"featured_media":0,"comment_status":"open","ping_status":"open","sticky":false,"template":"","format":"standard","meta":{"ngg_post_thumbnail":0,"jetpack_post_was_ever_published":false,"_jetpack_newsletter_access":"","footnotes":""},"categories":[1],"tags":[],"class_list":["post-18598","post","type-post","status-publish","format-standard","hentry","category-non-classe"],"jetpack_featured_media_url":"","jetpack-related-posts":[{"id":20296,"url":"http:\/\/www.letourismeaparis.fr\/index.php\/2017\/10\/06\/le-salon-du-sake-a-paris-les-7-et-8-octobre\/","url_meta":{"origin":18598,"position":0},"title":"Le salon du Sak\u00e9 \u00e0 Paris les 7 et 8 octobre","author":"Fabienne TM","date":"6 octobre 2017","format":false,"excerpt":"LE SALON DU SAK\u00c9 ET DES BOISSONS JAPONAISES, C\u2019EST AUSSI UN RICHE PROGRAMME D\u2019ATELIERS-D\u00c9GUSTATION, CONF\u00c9RENCES, MASTER CLASSES, TABLES RONDES\u2026 C\u2019est donc non seulement l\u2019occasion de rencontrer de nombreux producteurs venus sp\u00e9cialement du Japon pour l\u2019\u00e9v\u00e9nement, certains pour la premi\u00e8re fois en France , mais aussi celle de multiples \u00e9changes, exp\u00e9rimentations\u2026","rel":"","context":"Dans &quot;Non class\u00e9&quot;","block_context":{"text":"Non class\u00e9","link":"http:\/\/www.letourismeaparis.fr\/index.php\/category\/non-classe\/"},"img":{"alt_text":"","src":"","width":0,"height":0},"classes":[]},{"id":21626,"url":"http:\/\/www.letourismeaparis.fr\/index.php\/2018\/11\/26\/before-japon-dans-le-cadre-de-lexposition-fendre-lair-art-du-bambou-au-japon-jusquau-7-avril-2019\/","url_meta":{"origin":18598,"position":1},"title":"BEFORE JAPON   dans le cadre de l&#039;exposition FENDRE L&#039;AIR. Art du bambou au Japon, jusqu&#039;au 7 avril 2019","author":"Fabienne TM","date":"26 novembre 2018","format":false,"excerpt":"Vendredi 30 novembre 2018 de 19h \u00e0 minuit - Gratuit et en acc\u00e8s libre dans la limite des places disponibles - \u00a0 Anonyme, carte postale coloris\u00e9e japonaise 1900-1930 \u00a9 mus\u00e9e du quai Branly \u2013 Jacques Chirac Pour ce premier Before de la saison, le mus\u00e9e du quai Branly - Jacques\u2026","rel":"","context":"Dans &quot;Cultures du Monde&quot;","block_context":{"text":"Cultures du Monde","link":"http:\/\/www.letourismeaparis.fr\/index.php\/category\/culture\/musees-expositions\/cultures-du-monde\/"},"img":{"alt_text":"","src":"","width":0,"height":0},"classes":[]},{"id":9921,"url":"http:\/\/www.letourismeaparis.fr\/index.php\/2011\/04\/02\/festival-le-freischutz-du-5-au-17-avril-a-lopera-comique\/","url_meta":{"origin":18598,"position":2},"title":"FESTIVAL LE FREISCH\u00dcTZ Du 5 au 17 avril   \u00e0 l&#039;op\u00e9ra comique","author":"Fabienne TM","date":"2 avril 2011","format":false,"excerpt":"Op\u00e9ra romantique de Carl Maria von Weber pr\u00e9sent\u00e9 dans la version fran\u00e7aise d'Hector Berlioz, cr\u00e9\u00e9e \u00e0 l\u2019Op\u00e9ra de Paris en 1841. 7, 9, 11, 13, 15 et 17 avril Sir John Eliot Gardiner, direction musicale Dan Jemmett, mise en sc\u00e8ne The Monteverdi Choir Orchestre R\u00e9volutionnaire et Romantique Avec Sophie Karth\u00e4user,\u2026","rel":"","context":"Dans &quot;Non class\u00e9&quot;","block_context":{"text":"Non class\u00e9","link":"http:\/\/www.letourismeaparis.fr\/index.php\/category\/non-classe\/"},"img":{"alt_text":"","src":"","width":0,"height":0},"classes":[]},{"id":18887,"url":"http:\/\/www.letourismeaparis.fr\/index.php\/2016\/11\/03\/le-salon-international-du-patrimoine-culturel-au-carrousel-du-louvre\/","url_meta":{"origin":18598,"position":3},"title":"Le Salon International du Patrimoine Culturel au Carrousel du Louvre","author":"Fabienne TM","date":"3 novembre 2016","format":false,"excerpt":"\u00c9b\u00e9niste, orf\u00e8vre, restaurateur de meubles, de vitraux ou de tableaux, ferronnier, tailleur de pierre, fournisseur du patrimoine b\u00e2ti, associations de sauvegarde du patrimoine, collectivit\u00e9s locales\u2026 pr\u00e8s de 340 exposants fran\u00e7ais et \u00e9trangers de plus de 40 m\u00e9tiers diff\u00e9rents se donnent rendez-vous dans une ambiance chaleureuse au Carrousel du Louvre, lieu\u2026","rel":"","context":"Dans &quot;Non class\u00e9&quot;","block_context":{"text":"Non class\u00e9","link":"http:\/\/www.letourismeaparis.fr\/index.php\/category\/non-classe\/"},"img":{"alt_text":"","src":"","width":0,"height":0},"classes":[]},{"id":18990,"url":"http:\/\/www.letourismeaparis.fr\/index.php\/2016\/11\/30\/longines-masters-du-1er-au-4-decembre-au-salon-du-cheval-de-villepinte\/","url_meta":{"origin":18598,"position":4},"title":"Longines Masters du 1er au 4 d\u00e9cembre  et le  Salon du Cheval de Villepinte","author":"Fabienne TM","date":"30 novembre 2016","format":false,"excerpt":"\u00ab WE RIDE THE WORLD \u00bb La s\u00e9rie des Longines Masters poursuit son voyage \u00e0 travers les continents, et d\u00e9barque dans la capitale parisienne du 1er au 4 d\u00e9cembre 2016 pour l\u2019\u00e9tape Europ\u00e9enne du Grand Slam Indoor of Show Jumping.\u00a0 Saut d'obstacle, western, concours complet indoor, attelage, horse ball, comp\u00e9tition\u2026","rel":"","context":"Dans &quot;Familles&quot;","block_context":{"text":"Familles","link":"http:\/\/www.letourismeaparis.fr\/index.php\/category\/familles\/"},"img":{"alt_text":"","src":"","width":0,"height":0},"classes":[]},{"id":18609,"url":"http:\/\/www.letourismeaparis.fr\/index.php\/2016\/09\/09\/le-parcours-des-mondes-salon-darts-premiers-international-a-saint-germain-des-pres\/","url_meta":{"origin":18598,"position":5},"title":"Le Parcours des mondes , salon d\u2019arts premiers international \u00e0 Saint Germain- des-  Pr\u00e9s","author":"Fabienne TM","date":"9 septembre 2016","format":false,"excerpt":"\u00a0 Parcours des mondes est le plus important salon d\u2019arts premiers international par le nombre, la qualit\u00e9 et la diversit\u00e9 de ses participants. Depuis 2002, il rassemble chaque ann\u00e9e \u00e0 Paris une soixantaine de galeristes sp\u00e9cialis\u00e9s dans les arts d\u2019Afrique, d\u2019Asie, d\u2019Oc\u00e9anie, des Am\u00e9riques et d'Arch\u00e9ologie. Pendant la deuxi\u00e8me semaine\u2026","rel":"","context":"Dans &quot;Non class\u00e9&quot;","block_context":{"text":"Non class\u00e9","link":"http:\/\/www.letourismeaparis.fr\/index.php\/category\/non-classe\/"},"img":{"alt_text":"","src":"https:\/\/i0.wp.com\/www.letourismeaparis.fr\/wp-content\/uploads\/2016\/09\/Capture-d%C3%A2%C2%80%C2%99e%C3%8C%C2%81cran-2016-09-09-a%C3%8C%C2%80-10.32.02-300x219.png?resize=350%2C200","width":350,"height":200},"classes":[]}],"jetpack_sharing_enabled":true,"jetpack_likes_enabled":true,"_links":{"self":[{"href":"http:\/\/www.letourismeaparis.fr\/index.php\/wp-json\/wp\/v2\/posts\/18598","targetHints":{"allow":["GET"]}}],"collection":[{"href":"http:\/\/www.letourismeaparis.fr\/index.php\/wp-json\/wp\/v2\/posts"}],"about":[{"href":"http:\/\/www.letourismeaparis.fr\/index.php\/wp-json\/wp\/v2\/types\/post"}],"author":[{"embeddable":true,"href":"http:\/\/www.letourismeaparis.fr\/index.php\/wp-json\/wp\/v2\/users\/2"}],"replies":[{"embeddable":true,"href":"http:\/\/www.letourismeaparis.fr\/index.php\/wp-json\/wp\/v2\/comments?post=18598"}],"version-history":[{"count":0,"href":"http:\/\/www.letourismeaparis.fr\/index.php\/wp-json\/wp\/v2\/posts\/18598\/revisions"}],"wp:attachment":[{"href":"http:\/\/www.letourismeaparis.fr\/index.php\/wp-json\/wp\/v2\/media?parent=18598"}],"wp:term":[{"taxonomy":"category","embeddable":true,"href":"http:\/\/www.letourismeaparis.fr\/index.php\/wp-json\/wp\/v2\/categories?post=18598"},{"taxonomy":"post_tag","embeddable":true,"href":"http:\/\/www.letourismeaparis.fr\/index.php\/wp-json\/wp\/v2\/tags?post=18598"}],"curies":[{"name":"wp","href":"https:\/\/api.w.org\/{rel}","templated":true}]}}