{"id":18609,"date":"2016-09-09T10:29:14","date_gmt":"2016-09-09T08:29:14","guid":{"rendered":"http:\/\/www.letourismeaparis.fr\/?p=18609"},"modified":"2016-09-09T10:29:14","modified_gmt":"2016-09-09T08:29:14","slug":"le-parcours-des-mondes-salon-darts-premiers-international-a-saint-germain-des-pres","status":"publish","type":"post","link":"http:\/\/www.letourismeaparis.fr\/index.php\/2016\/09\/09\/le-parcours-des-mondes-salon-darts-premiers-international-a-saint-germain-des-pres\/","title":{"rendered":"Le Parcours des mondes , salon d\u2019arts premiers international \u00e0 Saint Germain- des-  Pr\u00e9s"},"content":{"rendered":"<p>&nbsp;<br \/>\nParcours des mondes est le plus important salon d\u2019arts premiers international par le nombre, la qualit\u00e9 et la diversit\u00e9 de ses participants. Depuis 2002, il rassemble chaque ann\u00e9e \u00e0 Paris une soixantaine de galeristes sp\u00e9cialis\u00e9s dans les arts d\u2019Afrique, d\u2019Asie, d\u2019Oc\u00e9anie, des Am\u00e9riques et d&rsquo;Arch\u00e9ologie. Pendant la deuxi\u00e8me semaine du mois de septembre, galeries allemandes, am\u00e9ricaines, anglaises, australiennes, belges, canadiennes<a href=\"http:\/\/www.letourismeaparis.fr\/wp-content\/uploads\/2016\/09\/parcours-des-mondes-paris-art-aborigene.jpg\"><img loading=\"lazy\" decoding=\"async\" class=\"aligncenter size-medium wp-image-18610\" src=\"http:\/\/www.letourismeaparis.fr\/wp-content\/uploads\/2016\/09\/parcours-des-mondes-paris-art-aborigene-300x61.jpg\" alt=\"parcours-des-mondes-paris-art-aborigene\" width=\"300\" height=\"61\" \/><\/a><!--more-->, espagnoles, italiennes, n\u00e9erlandaises, suisses ou de province rejoignent leurs confr\u00e8res parisiens install\u00e9s \u00e0 demeure dans le quartier des Beaux-arts de Saint-Germain-des-Pr\u00e9s. Cette concentration exceptionnelle d\u2019\u0153uvres et d\u2019experts prend la forme d\u2019un salon ouvert en acc\u00e8s libre o\u00f9 les visiteurs peuvent parcourir les rues pittoresques de ce quartier historique, devenu l\u2019\u00e9crin des arts premiers. Chaque galerie offre dans une pr\u00e9sentation personnalis\u00e9e et intime des chefs-d\u2019\u0153uvre inconnus d\u2019Afrique ou d\u2019Oc\u00e9anie, des pi\u00e8ces ethnographiques plus abordables et des \u0153uvres recherch\u00e9es des collectionneurs. Le succ\u00e8s de ce salon hors-les-murs, salu\u00e9 par une presse unanime et une fr\u00e9quentation croissante et toujours plus internationale, tient \u00e0 la conjonction d\u2019\u00e9l\u00e9ments compl\u00e9mentaires : la bonne sant\u00e9 du march\u00e9 des arts premiers, l\u2019engouement croissant des amateurs pour ces arts dits lointains, les efforts engag\u00e9s par les marchands pour proposer des expositions th\u00e9matiques de qualit\u00e9 et la vigilance des organisateurs en mati\u00e8re de qualit\u00e9 et d\u2019expertise des pi\u00e8ces expos\u00e9es.<br \/>\n&nbsp;<br \/>\nParis, quartier des Beaux-Arts \u00e0 Saint-Germain-des-Pr\u00e8s, 6e arrondissement<br \/>\nOccupation des galeries situ\u00e9es le long des rues des Beaux-Arts, de Seine, J. Callot, Mazarine, Gu\u00e9n\u00e9gaud, Visconti, Jacob, Bonaparte, de l\u2019Echaud\u00e9, rue St-Sulpice et St-Beno\u00eet<br \/>\nDu mardi 6 au dimanche 11 septembre 2016<br \/>\nDu mercredi au samedi de 11h \u00e0 19h<br \/>\nDimanche 11 septembre, fermeture \u00e0 18h<a href=\"http:\/\/www.letourismeaparis.fr\/wp-content\/uploads\/2016\/09\/Capture-d\u2019e\u0301cran-2016-09-09-a\u0300-10.32.02.png\"><img loading=\"lazy\" decoding=\"async\" class=\"aligncenter size-medium wp-image-18617\" src=\"http:\/\/www.letourismeaparis.fr\/wp-content\/uploads\/2016\/09\/Capture-d\u2019e\u0301cran-2016-09-09-a\u0300-10.32.02-300x219.png\" alt=\"capture-decran-2016-09-09-a-10-32-02\" width=\"300\" height=\"219\" \/><\/a><br \/>\n<a href=\"http:\/\/www.parcours-des-mondes.com\/index.php?section=plan&amp;lang=fr\">http:\/\/www.parcours-des-mondes.com<\/a><\/p>\n","protected":false},"excerpt":{"rendered":"<p>&nbsp; Parcours des mondes est le plus important salon d\u2019arts premiers international par le nombre, la qualit\u00e9 et la diversit\u00e9 de ses participants. Depuis 2002, il rassemble chaque ann\u00e9e \u00e0 Paris une soixantaine de galeristes sp\u00e9cialis\u00e9s dans les arts d\u2019Afrique,&#8230;<\/p>\n","protected":false},"author":2,"featured_media":0,"comment_status":"open","ping_status":"open","sticky":false,"template":"","format":"standard","meta":{"ngg_post_thumbnail":0,"jetpack_post_was_ever_published":false,"_jetpack_newsletter_access":"","footnotes":""},"categories":[1],"tags":[],"class_list":["post-18609","post","type-post","status-publish","format-standard","hentry","category-non-classe"],"jetpack_featured_media_url":"","jetpack-related-posts":[{"id":15585,"url":"http:\/\/www.letourismeaparis.fr\/index.php\/2014\/09\/09\/parcours-des-mondes-2014-saint-germain-des-pres\/","url_meta":{"origin":18609,"position":0},"title":"Parcours des Mondes 2014 \u00e0 Saint Germain des pr\u00e9s","author":"Fabienne TM","date":"9 septembre 2014","format":false,"excerpt":"Le plus important salon d\u2019arts premiers international par le nombre, la qualit\u00e9 et la diversit\u00e9 de ses participants. Chaque galerie expose des chefs-d\u2019\u0153uvre inconnus d\u2019Afrique ou d\u2019Oc\u00e9anie, des pi\u00e8ces ethnographiques et des \u0153uvres recherch\u00e9es des collectionneurs. Pendant la deuxi\u00e8me semaine du mois de septembre, galeries allemandes, am\u00e9ricaines, anglaises, australiennes, belges,\u2026","rel":"","context":"Dans &quot;Cultures du Monde&quot;","block_context":{"text":"Cultures du Monde","link":"http:\/\/www.letourismeaparis.fr\/index.php\/category\/culture\/musees-expositions\/cultures-du-monde\/"},"img":{"alt_text":"","src":"https:\/\/i0.wp.com\/www.letourismeaparis.fr\/wp-content\/uploads\/2014\/09\/1294.jpg?resize=350%2C200","width":350,"height":200},"classes":[]},{"id":20191,"url":"http:\/\/www.letourismeaparis.fr\/index.php\/2017\/09\/10\/parcours-des-mondes-arts-asiatiques-et-arts-premiers-du-13-au-17-septembre-au-quartier-latin\/","url_meta":{"origin":18609,"position":1},"title":"Parcours des mondes (arts asiatiques et arts premiers) du 13 au 17 septembre au quartier latin","author":"Fabienne TM","date":"10 septembre 2017","format":false,"excerpt":"Parcours\u00a0des mondes, l\u2019incontournable salon international des arts premiers et asiatiques, sera cette ann\u00e9e un rendez-vous plus m\u00e9tiss\u00e9 que jamais. Pour sa XVIe\u00a0\u00e9dition, le salon, implant\u00e9 depuis toujours au c\u0153ur de Saint-Germain-des-Pr\u00e9s conserve une programmation de caract\u00e8re. Outre les nombreuses expositions propos\u00e9es par les marchands, le salon a invit\u00e9 un pr\u00e9sident\u2026","rel":"","context":"Dans &quot;Cultures du Monde&quot;","block_context":{"text":"Cultures du Monde","link":"http:\/\/www.letourismeaparis.fr\/index.php\/category\/culture\/musees-expositions\/cultures-du-monde\/"},"img":{"alt_text":"","src":"","width":0,"height":0},"classes":[]},{"id":21188,"url":"http:\/\/www.letourismeaparis.fr\/index.php\/2018\/08\/09\/parcours-des-mondes-du-11-au-16-septembre\/","url_meta":{"origin":18609,"position":2},"title":"Parcours des mondes du 11 au 16 septembre","author":"Fabienne TM","date":"9 ao\u00fbt 2018","format":false,"excerpt":"\u00a0 \u00a0Parcours des mondes\u00a0 s\u2019impose indiscutablement comme le plus grand \u00e9v\u00e9nement international consacr\u00e9 aux arts premiers par le nombre, la qualit\u00e9 et la diversit\u00e9 des galeries participantes. Marchands, collectionneurs, amateurs et curieux se donnent donc rendez-vous une nouvelle fois au c\u0153ur du VIe arrondissement, dans ce quartier de Saint-Germain-des-Pr\u00e9s .\u2026","rel":"","context":"Dans &quot;Cultures du Monde&quot;","block_context":{"text":"Cultures du Monde","link":"http:\/\/www.letourismeaparis.fr\/index.php\/category\/culture\/musees-expositions\/cultures-du-monde\/"},"img":{"alt_text":"","src":"https:\/\/i0.wp.com\/www.letourismeaparis.fr\/wp-content\/uploads\/2018\/08\/Capture-d%C3%A2%C2%80%C2%99e%C3%8C%C2%81cran-2018-08-09-a%C3%8C%C2%80-17.25.56-295x300.png?resize=350%2C200","width":350,"height":200},"classes":[]},{"id":14850,"url":"http:\/\/www.letourismeaparis.fr\/index.php\/2014\/03\/27\/drawing-now-paris-le-salon-du-dessin-contemporain-au-carreau-du-temple-jusquau-30-mars\/","url_meta":{"origin":18609,"position":3},"title":"DRAWING NOW PARIS &#124; LE SALON DU DESSIN CONTEMPORAIN au carreau du temple jusqu&#039;au 30 mars","author":"Fabienne TM","date":"27 mars 2014","format":false,"excerpt":"La 8e \u00e9dition de DRAWING NOW PARIS | LE SALON DU DESSIN CONTEMPORAIN s\u2019installe\u00a0au c\u0153ur de Paris\u00a0du mercredi 26 au dimanche 30 mars 2014 au\u00a0Carreau du Temple\u00a0et \u00e0 l\u2019Espace Commines\u00a0pour\u00a0FRESH, section r\u00e9serv\u00e9e aux jeunes galeries.\u00a087 galeries internationales\u00a0s\u00e9lectionn\u00e9es par\u00a0un comit\u00e9 ind\u00e9pendant\u00a0compos\u00e9 de personnalit\u00e9s du monde de l\u2019art participent \u00e0 DRAWING NOW\u2026","rel":"","context":"Dans &quot;Non class\u00e9&quot;","block_context":{"text":"Non class\u00e9","link":"http:\/\/www.letourismeaparis.fr\/index.php\/category\/non-classe\/"},"img":{"alt_text":"","src":"","width":0,"height":0},"classes":[]},{"id":23252,"url":"http:\/\/www.letourismeaparis.fr\/index.php\/2019\/05\/22\/revelations-le-rendez-vous-des-metiers-dart-et-de-la-creation-internationale\/","url_meta":{"origin":18609,"position":4},"title":"REVELATIONS : LE RENDEZ-VOUS DES M\u00c9TIERS D&#039;ART ET DE LA CR\u00c9ATION INTERNATIONALE","author":"Fabienne TM","date":"22 mai 2019","format":false,"excerpt":"Positionnant le cr\u00e9ateur comme central, R\u00e9v\u00e9lations porte un regard nouveau et cr\u00e9e un environnement o\u00f9 la cr\u00e9ation contemporaine mondiale rencontre son march\u00e9 et se r\u00e9v\u00e8le au grand public. Lieu de dialogues, d\u2019\u00e9changes et de d\u00e9couvertes, une programmation culturelle particuli\u00e8rement riche d\u00e9voile toute la singularit\u00e9 et l'audace des m\u00e9tiers d\u2019art contemporain.\u2026","rel":"","context":"Dans &quot;Non class\u00e9&quot;","block_context":{"text":"Non class\u00e9","link":"http:\/\/www.letourismeaparis.fr\/index.php\/category\/non-classe\/"},"img":{"alt_text":"","src":"","width":0,"height":0},"classes":[]},{"id":25382,"url":"http:\/\/www.letourismeaparis.fr\/index.php\/2023\/11\/19\/fab-paris\/","url_meta":{"origin":18609,"position":5},"title":"FAB  PARIS","author":"Fabienne TM","date":"19 novembre 2023","format":false,"excerpt":"FAB Paris est un salon issu de l\u2019alliance de Fine Arts Paris et de La Biennale des Antiquaires, (Grand Palais Eph\u00e9m\u00e8re du 22 au 26 novembre 2023.) Vous y d\u00e9couvrirez plus de 110 galeries, venant de 12 pays diff\u00e9rents, rassemblant ainsi sous un m\u00eame toit, toutes les disciplines et toutes\u2026","rel":"","context":"Dans &quot;Art-Contemporain&quot;","block_context":{"text":"Art-Contemporain","link":"http:\/\/www.letourismeaparis.fr\/index.php\/category\/culture\/musees-expositions\/art-contemporain\/"},"img":{"alt_text":"","src":"https:\/\/i0.wp.com\/www.letourismeaparis.fr\/wp-content\/uploads\/2023\/11\/Capture-decran-2023-11-19-a-14.28.32.png?resize=350%2C200","width":350,"height":200},"classes":[]}],"jetpack_sharing_enabled":true,"jetpack_likes_enabled":true,"_links":{"self":[{"href":"http:\/\/www.letourismeaparis.fr\/index.php\/wp-json\/wp\/v2\/posts\/18609","targetHints":{"allow":["GET"]}}],"collection":[{"href":"http:\/\/www.letourismeaparis.fr\/index.php\/wp-json\/wp\/v2\/posts"}],"about":[{"href":"http:\/\/www.letourismeaparis.fr\/index.php\/wp-json\/wp\/v2\/types\/post"}],"author":[{"embeddable":true,"href":"http:\/\/www.letourismeaparis.fr\/index.php\/wp-json\/wp\/v2\/users\/2"}],"replies":[{"embeddable":true,"href":"http:\/\/www.letourismeaparis.fr\/index.php\/wp-json\/wp\/v2\/comments?post=18609"}],"version-history":[{"count":0,"href":"http:\/\/www.letourismeaparis.fr\/index.php\/wp-json\/wp\/v2\/posts\/18609\/revisions"}],"wp:attachment":[{"href":"http:\/\/www.letourismeaparis.fr\/index.php\/wp-json\/wp\/v2\/media?parent=18609"}],"wp:term":[{"taxonomy":"category","embeddable":true,"href":"http:\/\/www.letourismeaparis.fr\/index.php\/wp-json\/wp\/v2\/categories?post=18609"},{"taxonomy":"post_tag","embeddable":true,"href":"http:\/\/www.letourismeaparis.fr\/index.php\/wp-json\/wp\/v2\/tags?post=18609"}],"curies":[{"name":"wp","href":"https:\/\/api.w.org\/{rel}","templated":true}]}}