{"id":18683,"date":"2016-09-22T11:46:50","date_gmt":"2016-09-22T09:46:50","guid":{"rendered":"http:\/\/www.letourismeaparis.fr\/?p=18683"},"modified":"2016-09-22T11:46:50","modified_gmt":"2016-09-22T09:46:50","slug":"des-concerts-de-musique-classique-expliquee-aux-enfants-au-college-des-bernardins-le-mercredi","status":"publish","type":"post","link":"http:\/\/www.letourismeaparis.fr\/index.php\/2016\/09\/22\/des-concerts-de-musique-classique-expliquee-aux-enfants-au-college-des-bernardins-le-mercredi\/","title":{"rendered":"Des concerts de musique classique ,expliqu\u00e9e aux enfants au coll\u00e8ge des Bernardins, le mercredi"},"content":{"rendered":"<p>Les \u00ab Concerts du Mercredi \u00bb(\u00e0 partir de 7 ans) de Marianne Vourch sont un rendez-vous incontournable pour la musique, l\u2019histoire des arts, l\u2019histoire des hommes, \u00e0 l\u2019attention du Jeune Public et de leur famille.<br \/>\nChaque \u0153uvre est introduite, replac\u00e9e dans son contexte de cr\u00e9ation artistique et historique. Puis les partitions sont ouvertes, jou\u00e9es par les musiciens, d\u00e9taill\u00e9es et racont\u00e9es comme une histoire.<!--more--><br \/>\nLe propos de Marianne Vourch est illustr\u00e9 d\u2019un diaporama qui permet d\u2019\u00e9tablir des passerelles avec les arts (peinture, litt\u00e9rature, th\u00e9\u00e2tre ou cin\u00e9ma) mais aussi avec l\u2019histoire des hommes et ainsi faire r\u00e9sonner en chacun un message de vie cach\u00e9 au sein de l\u2019\u0153uvre et d\u00e9couvert comme un tr\u00e9sor. Tr\u00e9sor de vie que chacun emporte \u00e0 la fin du concert.<!--more--><br \/>\n&nbsp;<br \/>\n4 s\u00e9ances, les mercredis de 15h \u00e0 16h<br \/>\n&nbsp;<br \/>\n26\u00a0OCT15H00<br \/>\nLE ROI DANSE, LOUIS XIV ET LA MISE EN SC\u00c8NE DU POUVOIR ABSOLU<br \/>\n21\u00a0DEC15H00<br \/>\nLA BO\u00ceTE \u00c0 JOUJOUX DE CLAUDE DEBUSSY<br \/>\n1\u00a0FEV15H00<br \/>\nLA PLUME DE MOZART<br \/>\n29\u00a0MAR15H00<br \/>\nL&rsquo;OFFRANDE MUSICALE DE JEAN S\u00c9BASTIEN BACH<br \/>\n&nbsp;<br \/>\nColl\u00e8ge des Bernardins\u00a020 rue de Poissy\u00a075005 Paris\u00a0T\u00e9l\u00e9phone 01 53 10 74 44<br \/>\nA compl\u00e9ter par les magazines de Bayard Presse<br \/>\nComment faire d\u00e9couvrir la musique aux enfants\u00a0?<br \/>\n<a href=\"http:\/\/www.bayard-jeunesse.\">http:\/\/www.bayard-jeunesse.<\/a><\/p>\n","protected":false},"excerpt":{"rendered":"<p>Les \u00ab Concerts du Mercredi \u00bb(\u00e0 partir de 7 ans) de Marianne Vourch sont un rendez-vous incontournable pour la musique, l\u2019histoire des arts, l\u2019histoire des hommes, \u00e0 l\u2019attention du Jeune Public et de leur famille. Chaque \u0153uvre est introduite, replac\u00e9e&#8230;<\/p>\n","protected":false},"author":2,"featured_media":0,"comment_status":"open","ping_status":"open","sticky":false,"template":"","format":"standard","meta":{"ngg_post_thumbnail":0,"jetpack_post_was_ever_published":false,"_jetpack_newsletter_access":"","footnotes":""},"categories":[1],"tags":[],"class_list":["post-18683","post","type-post","status-publish","format-standard","hentry","category-non-classe"],"jetpack_featured_media_url":"","jetpack-related-posts":[{"id":6812,"url":"http:\/\/www.letourismeaparis.fr\/index.php\/2010\/05\/22\/sainte-russie-au-louvre-exposition-concerts-colloques\/","url_meta":{"origin":18683,"position":0},"title":"&quot;Sainte Russie&quot; au Louvre  : derniers jours.","author":"Fabienne TM","date":"22 mai 2010","format":false,"excerpt":"du 05-03-2010 au 24-05-2010 L'art russe, des origines \u00e0 Pierre le Grand : cette exposition concernel\u2019histoire de la Russie chr\u00e9tienne, du IXe au XVIIIe si\u00e8cle. Vous y d\u00e9couvrirez plus 438 objets rares, choisies dans 24 collections russes , plusieurs tr\u00e8sors nationaux , qui n'avaient jamais voyag\u00e9, seront pr\u00e9sents; le titre\u2026","rel":"","context":"Dans &quot;Non class\u00e9&quot;","block_context":{"text":"Non class\u00e9","link":"http:\/\/www.letourismeaparis.fr\/index.php\/category\/non-classe\/"},"img":{"alt_text":"","src":"","width":0,"height":0},"classes":[]},{"id":16529,"url":"http:\/\/www.letourismeaparis.fr\/index.php\/2015\/04\/02\/des-conferences-musicales-a-paris-bellini-mairie-du-11-eme-liszttheatre-de-lile-saint-louis\/","url_meta":{"origin":18683,"position":1},"title":"Des conf\u00e9rences musicales \u00e0 Paris : Bellini (mairie du 11 \u00e8me), Liszt(th\u00e9atre de l&#039;\u00eele saint louis)","author":"Fabienne TM","date":"2 avril 2015","format":false,"excerpt":"\u00a0Vincenzo Bellini (1801-1835) mercredi 15 avril : une conf\u00e9rence consacr\u00e9e \u00e0 Vincenzo Bellini et \u00e0 son \u0153uvre majeure : Norma Maestro dans l\u2019art du \"bel canto romantique\", Bellini appartient \u00e0 la grande triade des compositeurs d\u2019op\u00e9ras pr\u00e9-verdiens avec Rossini et Donizetti. Tr\u00e8s souvent caract\u00e9ris\u00e9 par ses contemporains de \u00ab c\u00e9r\u00e9bral\u2026","rel":"","context":"Dans &quot;Musique&quot;","block_context":{"text":"Musique","link":"http:\/\/www.letourismeaparis.fr\/index.php\/category\/culture\/concerts-musique\/musique\/"},"img":{"alt_text":"","src":"","width":0,"height":0},"classes":[]},{"id":11555,"url":"http:\/\/www.letourismeaparis.fr\/index.php\/2012\/03\/21\/les-juifs-dans-lorientalisme-au-musee-dart-et-dhistoire-du-judaisme-des-conferences-et-des-concerts\/","url_meta":{"origin":18683,"position":2},"title":"les Juifs dans l\u2019Orientalisme, au Mus\u00e9e d\u2019art et d\u2019histoire du juda\u00efsme, des conf\u00e9rences et des concerts&#8230;.","author":"Fabienne TM","date":"21 mars 2012","format":false,"excerpt":"Le sujet est \u00e0 la fois la repr\u00e9sentation et l\u2019imaginaire, de 1832 \u00e0 1929, du juif comme \u00ab Oriental \u00bb dans l\u2019art, et un parcours dans la peinture orientaliste. La route vers l\u2019Orient, que les artistes empruntent au d\u00e9but du XIXe si\u00e8cle, leur donne l\u2019occasion de d\u00e9couvrir les communaut\u00e9s juives\u2026","rel":"","context":"Dans &quot;Non class\u00e9&quot;","block_context":{"text":"Non class\u00e9","link":"http:\/\/www.letourismeaparis.fr\/index.php\/category\/non-classe\/"},"img":{"alt_text":"","src":"","width":0,"height":0},"classes":[]},{"id":9742,"url":"http:\/\/www.letourismeaparis.fr\/index.php\/2011\/05\/17\/les-prochaines-activites-du-musee-carnavalet-conferences-et-concerts\/","url_meta":{"origin":18683,"position":3},"title":"Les&quot; expositions universelles &quot;\u00e0 Carnavalet et des concerts","author":"Fabienne TM","date":"17 mai 2011","format":false,"excerpt":"Mercredi 18 mai \u00e0 16h : conf\u00e9rence Les Expositions Universelles Fruits de la r\u00e9volution industrielle, les Expositions Universelles sont mont\u00e9es p\u00e9riodiquement \u00e0 Paris, entre 1855 et 1937. S\u2019adressant \u00e0 des foules innombrables, elles sont la vitrine des techniques, du commerce et de l\u2019art. Paris en sort m\u00e9tamorphos\u00e9. Anne Lecoq (conf\u00e9renci\u00e8re\u2026","rel":"","context":"Dans &quot;Non class\u00e9&quot;","block_context":{"text":"Non class\u00e9","link":"http:\/\/www.letourismeaparis.fr\/index.php\/category\/non-classe\/"},"img":{"alt_text":"","src":"","width":0,"height":0},"classes":[]},{"id":10389,"url":"http:\/\/www.letourismeaparis.fr\/index.php\/2011\/06\/04\/lyre-et-muses-en-concert-le-8-juin\/","url_meta":{"origin":18683,"position":4},"title":"&quot;Lyre et Muses &quot;en concert le 8 juin","author":"Fabienne TM","date":"4 juin 2011","format":false,"excerpt":"Les spectacles cr\u00e9\u00e9s par \"Lyre & Muses\" sont \u00e0 vocation patrimoniale; ils mettent en sc\u00e8ne, les grands auteurs et les grands compositeurs classiques dans des lieux charg\u00e9s d'histoire et d'\u00e9motions.\"Lyre\u00a0 et Muses\" propose dans Paris, une saison de concerts de musiques classique et jazz dans des lieux rares, insolites ou\u2026","rel":"","context":"Dans &quot;Non class\u00e9&quot;","block_context":{"text":"Non class\u00e9","link":"http:\/\/www.letourismeaparis.fr\/index.php\/category\/non-classe\/"},"img":{"alt_text":"","src":"","width":0,"height":0},"classes":[]},{"id":19171,"url":"http:\/\/www.letourismeaparis.fr\/index.php\/2016\/12\/07\/lheure-bleue-entre-chien-et-loup-pour-les-familles\/","url_meta":{"origin":18683,"position":5},"title":"L\u2019HEURE BLEUE, ENTRE CHIEN ET LOUP pour les familles","author":"Fabienne TM","date":"7 d\u00e9cembre 2016","format":false,"excerpt":"Jusqu'au \u00a05 f\u00e9vrier 2017, la Cit\u00e9 pr\u00e9sente \u00ab L\u2019Heure Bleue, entre chien et loup \u00bb, une installation v\u00e9g\u00e9tale f\u00e9\u00e9rique imagin\u00e9e par la sc\u00e9nographe et designer Marianne Guedin. \u00a0 Tous les jours, de 10 h \u00e0 minuit, de l\u2019entr\u00e9e du 34 Quai d\u2019Austerlitz jusque dans l\u2019Atrium de la Cit\u00e9, venez d\u00e9couvrir\u2026","rel":"","context":"Dans &quot;Familles&quot;","block_context":{"text":"Familles","link":"http:\/\/www.letourismeaparis.fr\/index.php\/category\/familles\/"},"img":{"alt_text":"","src":"","width":0,"height":0},"classes":[]}],"jetpack_sharing_enabled":true,"jetpack_likes_enabled":true,"_links":{"self":[{"href":"http:\/\/www.letourismeaparis.fr\/index.php\/wp-json\/wp\/v2\/posts\/18683","targetHints":{"allow":["GET"]}}],"collection":[{"href":"http:\/\/www.letourismeaparis.fr\/index.php\/wp-json\/wp\/v2\/posts"}],"about":[{"href":"http:\/\/www.letourismeaparis.fr\/index.php\/wp-json\/wp\/v2\/types\/post"}],"author":[{"embeddable":true,"href":"http:\/\/www.letourismeaparis.fr\/index.php\/wp-json\/wp\/v2\/users\/2"}],"replies":[{"embeddable":true,"href":"http:\/\/www.letourismeaparis.fr\/index.php\/wp-json\/wp\/v2\/comments?post=18683"}],"version-history":[{"count":0,"href":"http:\/\/www.letourismeaparis.fr\/index.php\/wp-json\/wp\/v2\/posts\/18683\/revisions"}],"wp:attachment":[{"href":"http:\/\/www.letourismeaparis.fr\/index.php\/wp-json\/wp\/v2\/media?parent=18683"}],"wp:term":[{"taxonomy":"category","embeddable":true,"href":"http:\/\/www.letourismeaparis.fr\/index.php\/wp-json\/wp\/v2\/categories?post=18683"},{"taxonomy":"post_tag","embeddable":true,"href":"http:\/\/www.letourismeaparis.fr\/index.php\/wp-json\/wp\/v2\/tags?post=18683"}],"curies":[{"name":"wp","href":"https:\/\/api.w.org\/{rel}","templated":true}]}}