{"id":1885,"date":"2009-02-10T15:59:59","date_gmt":"2009-02-10T14:59:59","guid":{"rendered":"http:\/\/www.letourismeaparis.fr\/?p=1885"},"modified":"2009-02-10T15:59:59","modified_gmt":"2009-02-10T14:59:59","slug":"carnaval-a-paris-le-jeudi-12-fevrier","status":"publish","type":"post","link":"http:\/\/www.letourismeaparis.fr\/index.php\/2009\/02\/10\/carnaval-a-paris-le-jeudi-12-fevrier\/","title":{"rendered":"Carnaval \u00e0 Paris le jeudi 12 f\u00e9vrier"},"content":{"rendered":"<p>Les \u00e9l\u00e8ves de plusieurs \u00e9coles du 2\u00e8me arrondissement d\u00e9fileront le 12 f\u00e9vrier 2009, \u00e0 partir de 14h30 dans le <strong>quartier Montorgueil -Saint-Denis.<\/strong><br \/>\nIls seront accompagn\u00e9s par des \u00e9tudiants d\u2019Esmod portant les costumes qu\u2019ils ont cr\u00e9\u00e9 pour l\u2019occasion, ainsi que des \u00e9chassiers, des cracheurs de feu et autres mandragores\u2026<br \/>\nUn second cort\u00e8ge qd\u00e9butera du Centre Cerise \u00e0 19h30.<br \/>\nRendez-vous :<br \/>\n&#8211; 14h00 : Cort\u00e8ge des \u00e9coles du 2e, d\u00e9part haut de la rue des Petits Carreaux.<br \/>\n&#8211; 19h30 : Grand Cort\u00e8ge de rue tout public, d\u00e9part Centre Cerise (46 rue Montorgueil)<\/p>\n","protected":false},"excerpt":{"rendered":"<p>Les \u00e9l\u00e8ves de plusieurs \u00e9coles du 2\u00e8me arrondissement d\u00e9fileront le 12 f\u00e9vrier 2009, \u00e0 partir de 14h30 dans le quartier Montorgueil -Saint-Denis. Ils seront accompagn\u00e9s par des \u00e9tudiants d\u2019Esmod portant les costumes qu\u2019ils ont cr\u00e9\u00e9 pour l\u2019occasion, ainsi que des&#8230;<\/p>\n","protected":false},"author":2,"featured_media":0,"comment_status":"open","ping_status":"open","sticky":false,"template":"","format":"standard","meta":{"ngg_post_thumbnail":0,"jetpack_post_was_ever_published":false,"_jetpack_newsletter_access":"","footnotes":""},"categories":[1],"tags":[],"class_list":["post-1885","post","type-post","status-publish","format-standard","hentry","category-non-classe"],"jetpack_featured_media_url":"","jetpack-related-posts":[{"id":9948,"url":"http:\/\/www.letourismeaparis.fr\/index.php\/2011\/04\/04\/carnaval-de-printemps-jeudi-7-avril\/","url_meta":{"origin":1885,"position":0},"title":"Carnaval de printemps , jeudi 7 avril","author":"Fabienne TM","date":"4 avril 2011","format":false,"excerpt":"Rendez-vous \u00e0 15h en haut de la rue des Petits carreaux. Un premier cort\u00e8ge passera par les rues Bellan, Montmartre, Tiquetone et retour Petits carreaux. Le second passera par les rues Saint Sauveur, Saint Denis, Tiquetone et Montorgueil. Tout le monde se retrouvera rues des Petits carreaux \u2013 Montorgueil vers\u2026","rel":"","context":"Dans &quot;Non class\u00e9&quot;","block_context":{"text":"Non class\u00e9","link":"http:\/\/www.letourismeaparis.fr\/index.php\/category\/non-classe\/"},"img":{"alt_text":"","src":"","width":0,"height":0},"classes":[]},{"id":7019,"url":"http:\/\/www.letourismeaparis.fr\/index.php\/2010\/03\/29\/le-carnaval-du-2e-arrondissement-jeudi-8-avril-2010\/","url_meta":{"origin":1885,"position":1},"title":"Le Carnaval du 2e arrondissement  jeudi 8 avril 2010","author":"Fabienne TM","date":"29 mars 2010","format":false,"excerpt":"Le Carnaval du 2e . Le th\u00e8me cette ann\u00e9e est la mer, les b\u00e2teaux et les voyages; il aura lieu le 8 avril 2010. D\u00e8s 14h , les enfants des \u00e9coles d\u00e9fileront dans les costumes qu\u2019ils auront confectionn\u00e9s eux-m\u00eames, accompagn\u00e9s de musiciens, de danseurs, de leurs enseignants et parents. \u00c0\u2026","rel":"","context":"Dans &quot;Non class\u00e9&quot;","block_context":{"text":"Non class\u00e9","link":"http:\/\/www.letourismeaparis.fr\/index.php\/category\/non-classe\/"},"img":{"alt_text":"","src":"","width":0,"height":0},"classes":[]},{"id":4447,"url":"http:\/\/www.letourismeaparis.fr\/index.php\/2009\/10\/02\/rallye-pedestre-dans-le-2eme-le-3-octobre\/","url_meta":{"origin":1885,"position":2},"title":"Rallye P\u00e9destre dans le 2\u00e8me le 3 octobre","author":"Fabienne TM","date":"2 octobre 2009","format":false,"excerpt":"Formez une \u00e9quipe de 3 \/ 4 personnes et inscrivez-vous. Le rallye p\u00e9destre d\u00e9bute et finit devant le centre Cerise. A l'arriv\u00e9e, retrouvons-nous autour d'un verre pour la remise des prix aux gagnants. Inscrivez-vous a au pr\u00e9alable au Centre Cerise D\u00e9part du Rallye P\u00e9destre : Samedi 3 octobre A 13h30\u2026","rel":"","context":"Dans &quot;Non class\u00e9&quot;","block_context":{"text":"Non class\u00e9","link":"http:\/\/www.letourismeaparis.fr\/index.php\/category\/non-classe\/"},"img":{"alt_text":"","src":"","width":0,"height":0},"classes":[]},{"id":6146,"url":"http:\/\/www.letourismeaparis.fr\/index.php\/2010\/02\/12\/nouvel-an-chinois-2010-et-fete-du-tet-14-fevrier\/","url_meta":{"origin":1885,"position":3},"title":"Nouvel an chinois 2010 et F\u00eate du T\u00eat : 14 f\u00e9vrier ! 3\u00e8me  ,13 \u00e8me, 15 f\u00e9vrier dans le 11\u00e8me","author":"Fabienne TM","date":"12 f\u00e9vrier 2010","format":false,"excerpt":"Paris propose des festivit\u00e9s lors du Nouvel an chinois ou f\u00eate du Printemps 2010, qui correspond \u00e9galement au Nouvel An Vietnamien (f\u00eate du t\u00eat). Le Nouvel an Chinois tombe cette ann\u00e9e le 14 f\u00e9vrier, jour de la Saint-Valentin et le Buffle laissera place au signe\u00a0\u00a0\u00a0 zodiacal du Tigre de M\u00e9tal.\u2026","rel":"","context":"Dans &quot;Non class\u00e9&quot;","block_context":{"text":"Non class\u00e9","link":"http:\/\/www.letourismeaparis.fr\/index.php\/category\/non-classe\/"},"img":{"alt_text":"","src":"","width":0,"height":0},"classes":[]},{"id":20800,"url":"http:\/\/www.letourismeaparis.fr\/index.php\/2018\/02\/16\/le-nouvel-chinois-paris\/","url_meta":{"origin":1885,"position":4},"title":"Le nouvel an chinois \u00e0 Paris","author":"Fabienne TM","date":"16 f\u00e9vrier 2018","format":false,"excerpt":"Pour marquer le passage du nouvel an chinois, du 9 au 23 f\u00e9vrier, deux gigantesques portes lumineuses prennent place en hommage \u00e0 la Chine, rue du Faubourg Saint-Honor\u00e9 et rue Royale. D\u00e9fil\u00e9 vendredi 16 f\u00e9vrier Le 16 f\u00e9vrier 2018\u00a0 \u00a0De 14h30 \u00e0 16h30\u00a0 www.comitedufaubourgsainthonore.com \u00a0 et ce week end de\u2026","rel":"","context":"Dans &quot;Cultures du Monde&quot;","block_context":{"text":"Cultures du Monde","link":"http:\/\/www.letourismeaparis.fr\/index.php\/category\/culture\/musees-expositions\/cultures-du-monde\/"},"img":{"alt_text":"","src":"","width":0,"height":0},"classes":[]},{"id":6374,"url":"http:\/\/www.letourismeaparis.fr\/index.php\/2010\/02\/14\/le-carnaval-de-paris-2010dimanche-14-fevrier-2010\/","url_meta":{"origin":1885,"position":5},"title":"Le Carnaval de Paris 2010,dimanche 14 f\u00e9vrier","author":"Fabienne TM","date":"14 f\u00e9vrier 2010","format":false,"excerpt":"D\u00e9part place Gambetta (20e) \u00e0 14h30 - Arriv\u00e9e place de l\u2019H\u00f4tel de Ville (4e) \u00e0 19h Jour de la Saint Valentin et folie carnavalesque obligent, en 2010, le Carnaval d\u00e9ambulera dans Paris 25 000 participants et 60 000 spectateurs sont attendus pour la 13\u00e8me \u00e9dition. lancement du carnaval par les\u2026","rel":"","context":"Dans &quot;Non class\u00e9&quot;","block_context":{"text":"Non class\u00e9","link":"http:\/\/www.letourismeaparis.fr\/index.php\/category\/non-classe\/"},"img":{"alt_text":"","src":"","width":0,"height":0},"classes":[]}],"jetpack_sharing_enabled":true,"jetpack_likes_enabled":true,"_links":{"self":[{"href":"http:\/\/www.letourismeaparis.fr\/index.php\/wp-json\/wp\/v2\/posts\/1885","targetHints":{"allow":["GET"]}}],"collection":[{"href":"http:\/\/www.letourismeaparis.fr\/index.php\/wp-json\/wp\/v2\/posts"}],"about":[{"href":"http:\/\/www.letourismeaparis.fr\/index.php\/wp-json\/wp\/v2\/types\/post"}],"author":[{"embeddable":true,"href":"http:\/\/www.letourismeaparis.fr\/index.php\/wp-json\/wp\/v2\/users\/2"}],"replies":[{"embeddable":true,"href":"http:\/\/www.letourismeaparis.fr\/index.php\/wp-json\/wp\/v2\/comments?post=1885"}],"version-history":[{"count":0,"href":"http:\/\/www.letourismeaparis.fr\/index.php\/wp-json\/wp\/v2\/posts\/1885\/revisions"}],"wp:attachment":[{"href":"http:\/\/www.letourismeaparis.fr\/index.php\/wp-json\/wp\/v2\/media?parent=1885"}],"wp:term":[{"taxonomy":"category","embeddable":true,"href":"http:\/\/www.letourismeaparis.fr\/index.php\/wp-json\/wp\/v2\/categories?post=1885"},{"taxonomy":"post_tag","embeddable":true,"href":"http:\/\/www.letourismeaparis.fr\/index.php\/wp-json\/wp\/v2\/tags?post=1885"}],"curies":[{"name":"wp","href":"https:\/\/api.w.org\/{rel}","templated":true}]}}