{"id":18897,"date":"2016-11-03T20:55:44","date_gmt":"2016-11-03T18:55:44","guid":{"rendered":"http:\/\/www.letourismeaparis.fr\/?p=18897"},"modified":"2020-12-01T15:36:26","modified_gmt":"2020-12-01T14:36:26","slug":"grand-vide-dressing-caritatif-chaussures-et-accessoires-a-paris","status":"publish","type":"post","link":"http:\/\/www.letourismeaparis.fr\/index.php\/2016\/11\/03\/grand-vide-dressing-caritatif-chaussures-et-accessoires-a-paris\/","title":{"rendered":"Grand Vide-dressing caritatif  ,chaussures et accessoires,  \u00e0 Paris"},"content":{"rendered":"<p>le 5 novembre 2016 de 11h \u00e0 18h, au sein de l\u2019h\u00f4tel Hilton Paris Opera dans le sublime salon Baccarat, une quinzaine de blogueuses et journalistes mode vendront les plus belles pi\u00e8ces, chaussures et accessoires, issues de leur dressing<!--more--><br \/>\n&nbsp;<br \/>\n&nbsp;<br \/>\nLes fonds r\u00e9colt\u00e9s lors de cet \u00e9v\u00e8nement permettront de financer l&rsquo;am\u00e9nagement et la d\u00e9coration d&rsquo;une salle de maquillage destin\u00e9e aux adolescents du service de dermatologie d&rsquo;un grand h\u00f4pital parisien &#8211; projet initi\u00e9 par l\u2019association Main dans la main et solidaires.<br \/>\n&nbsp;<br \/>\n&nbsp;<br \/>\nCette s\u00e9ance shopping ouverte \u00e0 tous sera l\u2019occasion de passer un moment convivial et de trouver des tr\u00e9sors mode \u00e0 des prix plus qu\u2019attractifs pour remplir sa garde-robe avant les f\u00eates.! Des animations viendront ponctuer cette journ\u00e9e comme un maquillage express offert par la prestigieuse Maison Guerlain de 14h \u00e0 17h.<br \/>\nLes personnes pr\u00e9sentes pourront \u00e9galement participer \u00e0 un jeu concours sur place pour tenter de remporter une nuit pour deux \u00e0 l\u2019h\u00f4tel Hilton Paris Opera ou encore un brunch au Pain Quotidien pour deux.<br \/>\n&nbsp;<br \/>\nsamedi 5 novembre 2016<br \/>\nHoraires : de 11h \u00e0 18h<br \/>\nHilton Paris Opera, 108 rue Saint-Lazare, Paris 8<br \/>\nEntr\u00e9e libre et gratuite<br \/>\n&nbsp;<br \/>\n&nbsp;<br \/>\nA propos de Main dans la main et solidaires<br \/>\n<a href=\"http:\/\/maindanslamain.asso.fr\/\">http:\/\/maindanslamain.asso.fr\/<\/a><\/p>\n","protected":false},"excerpt":{"rendered":"<p>le 5 novembre 2016 de 11h \u00e0 18h, au sein de l\u2019h\u00f4tel Hilton Paris Opera dans le sublime salon Baccarat, une quinzaine de blogueuses et journalistes mode vendront les plus belles pi\u00e8ces, chaussures et accessoires, issues de leur dressing<\/p>\n","protected":false},"author":2,"featured_media":0,"comment_status":"open","ping_status":"open","sticky":false,"template":"","format":"standard","meta":{"ngg_post_thumbnail":0,"jetpack_post_was_ever_published":false,"_jetpack_newsletter_access":"","footnotes":""},"categories":[11,37,12],"tags":[230],"class_list":["post-18897","post","type-post","status-publish","format-standard","hentry","category-bon-plan","category-mode","category-bonnes-oeuvres","tag-main-dans-la-main"],"jetpack_featured_media_url":"","jetpack-related-posts":[{"id":15906,"url":"http:\/\/www.letourismeaparis.fr\/index.php\/2014\/11\/15\/braderie-de-la-solidarite-de-lassociation-autremonde-les-6-et-7-decembre-quand-la-mode-tisse-des-liens\/","url_meta":{"origin":18897,"position":0},"title":"Braderie de la Solidarit\u00e9 de l&#039;association Autremonde les 6 et 7 d\u00e9cembre  : Quand la mode tisse des liens","author":"Fabienne TM","date":"15 novembre 2014","format":false,"excerpt":"6 et 7 d\u00e9cembre 2014 dans les salons d'honneur de la mairie du 20\u00e8me arrondissement de Paris. L'association Autremonde organise son \u00e9v\u00e8nement chic et solidaire ouvert \u00e0 tous. Une braderie o\u00f9 sont mis en vente plus de 25 000 v\u00eatements, accessoires, cosm\u00e9tiques, tous neufs et de marque. Quelques 120 partenaires\u2026","rel":"","context":"Dans &quot;Oeuvres-Caritatives&quot;","block_context":{"text":"Oeuvres-Caritatives","link":"http:\/\/www.letourismeaparis.fr\/index.php\/category\/bonnes-oeuvres\/"},"img":{"alt_text":"","src":"","width":0,"height":0},"classes":[]},{"id":17339,"url":"http:\/\/www.letourismeaparis.fr\/index.php\/2015\/12\/02\/jusquau-20-mars-2016-le-musee-galliera-presente-la-garde-robe-de-la-comtesse-greffulhe\/","url_meta":{"origin":18897,"position":1},"title":"Jusqu\u2019au 20 mars 2016, le Mus\u00e9e Galliera pr\u00e9sente la garde-robe de la Comtesse Greffulhe.","author":"Fabienne TM","date":"2 d\u00e9cembre 2015","format":false,"excerpt":"\"la femme la plus en vue de la capitale\"\u00a0dans la premi\u00e8re moiti\u00e9 du XXe si\u00e8cle. elle fut\u00a0la muse de Proust,\u00a0et l'inspira pour le personnage d'Oriane de Guermantes dans son si c\u00e9l\u00e8bre\u00a0A la recherche du temps perdu. elle organisera notamment des \u00e9v\u00e9nements caritatifs, \u00a0 Marcel Proust affirmait dans un article de\u2026","rel":"","context":"Dans &quot;Mode \/ Shopping&quot;","block_context":{"text":"Mode \/ Shopping","link":"http:\/\/www.letourismeaparis.fr\/index.php\/category\/loisirs\/mode\/"},"img":{"alt_text":"","src":"https:\/\/i0.wp.com\/www.letourismeaparis.fr\/wp-content\/uploads\/2015\/11\/150402-la-garde-robe-de-la-comtesse-greffulhe-au-musee-galliera-225x300.jpg?resize=350%2C200","width":350,"height":200},"classes":[]},{"id":18240,"url":"http:\/\/www.letourismeaparis.fr\/index.php\/2016\/05\/28\/les-apprentis-dauteuil-organisent-une-grande-braderie-solidaire-le-28-mai-place-de-la-bastille-a-paris\/","url_meta":{"origin":18897,"position":2},"title":"&quot; Les Apprentis d\u2019Auteuil&quot; organisent une  grande braderie solidaire le 28 mai, Place de la Bastille \u00e0 Paris","author":"Fabienne TM","date":"28 mai 2016","format":false,"excerpt":"\u00a0 Fort du succ\u00e8s des ann\u00e9es pr\u00e9c\u00e9dentes, Apprentis d\u2019Auteuil - qui accompagne plus de 5000 familles fragilis\u00e9es - lance la 5\u00e8me \u00e9dition de l\u2019op\u00e9ration \u00ab Mamans en F\u00eate \u00bb au profit des mamans en difficult\u00e9.. Un rendez-vous convivial qui fait rimer bonnes affaires et solidaire la veille de la F\u00eate\u2026","rel":"","context":"Dans &quot;Bons Plans&quot;","block_context":{"text":"Bons Plans","link":"http:\/\/www.letourismeaparis.fr\/index.php\/category\/bon-plan\/"},"img":{"alt_text":"","src":"","width":0,"height":0},"classes":[]},{"id":18366,"url":"http:\/\/www.letourismeaparis.fr\/index.php\/2016\/06\/10\/anatomie-dune-collection-au-palais-galliera\/","url_meta":{"origin":18897,"position":3},"title":"&quot;Anatomie d\u2019une collection &quot;au Palais Galli\u00e9ra","author":"Fabienne TM","date":"10 juin 2016","format":false,"excerpt":"De l\u2019habit de cour au bleu de chauffe, entre anonymes et c\u00e9l\u00e9brit\u00e9s, l\u2019exposition r\u00e9unit une centaine de pi\u00e8ces de v\u00eatements et accessoires issus du fonds Galliera pour revisiter la mode du XVIIIe si\u00e8cle \u00e0 nos jours. Ainsi, parmi tous les corsets des r\u00e9serves du mus\u00e9e de la Mode de la\u2026","rel":"","context":"Dans &quot;Mode \/ Shopping&quot;","block_context":{"text":"Mode \/ Shopping","link":"http:\/\/www.letourismeaparis.fr\/index.php\/category\/loisirs\/mode\/"},"img":{"alt_text":"","src":"","width":0,"height":0},"classes":[]},{"id":19244,"url":"http:\/\/www.letourismeaparis.fr\/index.php\/2016\/12\/14\/tenue-correcte-exigee-quand-le-vetement-fait-scandale-jusquau-23-avril-2017\/","url_meta":{"origin":18897,"position":4},"title":"TENUE CORRECTE EXIG\u00c9E, QUAND LE V\u00caTEMENT FAIT SCANDALE  jusqu&#039;au 23 avril 2017","author":"Fabienne TM","date":"14 d\u00e9cembre 2016","format":false,"excerpt":"\u00a0 . \u00ab Tenue correcte exig\u00e9e, quand le v\u00eatement fait scandale \u00bb invite \u00e0 revisiter les scandales qui ont pr\u00e9sid\u00e9 les grands tournants de l\u2019histoire de la mode du XIVe si\u00e8cle \u00e0 nos jours. Cette exposition originale et inattendue propose d\u2019explorer pr\u00e8s de 300 v\u00eatements et accessoires, portraits, caricatures et\u2026","rel":"","context":"Dans &quot;Mode \/ Shopping&quot;","block_context":{"text":"Mode \/ Shopping","link":"http:\/\/www.letourismeaparis.fr\/index.php\/category\/loisirs\/mode\/"},"img":{"alt_text":"","src":"","width":0,"height":0},"classes":[]},{"id":14549,"url":"http:\/\/www.letourismeaparis.fr\/index.php\/2014\/02\/04\/laiguille-en-fete-2014-la-creativite-au-bout-des-doigts-du-6-au-9-fevrier-porte-de-versailles\/","url_meta":{"origin":18897,"position":5},"title":"L&#039;Aiguille en F\u00eate 2014 : la cr\u00e9ativit\u00e9 au bout des doigts ! du 6 au 9 f\u00e9vrier, Porte de Versailles","author":"Fabienne TM","date":"4 f\u00e9vrier 2014","format":false,"excerpt":"une nocturne le vendredi 7 f\u00e9vrier jusqu'\u00e0 21 heures !\u00a0De bar en bar, les assoiff\u00e9es de techniques nouvelles viendront s'abreuver !Bar \u00e0 mailles, bar \u00e0 couture, bar \u00e0 customisation ou encore bar \u00e0 crochet\u2026\u00a0Des ateliers o\u00f9 les meilleurs professeurs distillent les savoir-faire des plus classiques aux plus exotiques\u2026: Broder \u00e0\u2026","rel":"","context":"Dans &quot;Artisanat&quot;","block_context":{"text":"Artisanat","link":"http:\/\/www.letourismeaparis.fr\/index.php\/category\/culture\/musees-expositions\/artisanat\/"},"img":{"alt_text":"","src":"","width":0,"height":0},"classes":[]}],"jetpack_sharing_enabled":true,"jetpack_likes_enabled":true,"_links":{"self":[{"href":"http:\/\/www.letourismeaparis.fr\/index.php\/wp-json\/wp\/v2\/posts\/18897","targetHints":{"allow":["GET"]}}],"collection":[{"href":"http:\/\/www.letourismeaparis.fr\/index.php\/wp-json\/wp\/v2\/posts"}],"about":[{"href":"http:\/\/www.letourismeaparis.fr\/index.php\/wp-json\/wp\/v2\/types\/post"}],"author":[{"embeddable":true,"href":"http:\/\/www.letourismeaparis.fr\/index.php\/wp-json\/wp\/v2\/users\/2"}],"replies":[{"embeddable":true,"href":"http:\/\/www.letourismeaparis.fr\/index.php\/wp-json\/wp\/v2\/comments?post=18897"}],"version-history":[{"count":1,"href":"http:\/\/www.letourismeaparis.fr\/index.php\/wp-json\/wp\/v2\/posts\/18897\/revisions"}],"predecessor-version":[{"id":24246,"href":"http:\/\/www.letourismeaparis.fr\/index.php\/wp-json\/wp\/v2\/posts\/18897\/revisions\/24246"}],"wp:attachment":[{"href":"http:\/\/www.letourismeaparis.fr\/index.php\/wp-json\/wp\/v2\/media?parent=18897"}],"wp:term":[{"taxonomy":"category","embeddable":true,"href":"http:\/\/www.letourismeaparis.fr\/index.php\/wp-json\/wp\/v2\/categories?post=18897"},{"taxonomy":"post_tag","embeddable":true,"href":"http:\/\/www.letourismeaparis.fr\/index.php\/wp-json\/wp\/v2\/tags?post=18897"}],"curies":[{"name":"wp","href":"https:\/\/api.w.org\/{rel}","templated":true}]}}