{"id":18985,"date":"2016-11-15T17:32:54","date_gmt":"2016-11-15T15:32:54","guid":{"rendered":"http:\/\/www.letourismeaparis.fr\/?p=18985"},"modified":"2016-11-15T17:32:54","modified_gmt":"2016-11-15T15:32:54","slug":"grand-defile-de-chevaux-et-dattelages-dimanche-20-novembre-a-paris","status":"publish","type":"post","link":"http:\/\/www.letourismeaparis.fr\/index.php\/2016\/11\/15\/grand-defile-de-chevaux-et-dattelages-dimanche-20-novembre-a-paris\/","title":{"rendered":"Grand d\u00e9fil\u00e9 de chevaux et d&#039;attelages, dimanche 20 novembre \u00e0 Paris : Annul\u00e9 en raison de la m\u00e9t\u00e9o !"},"content":{"rendered":"<p>&nbsp;<br \/>\nLe 20 novembre 2016, au d\u00e9part du Bois de Boulogne, les\u00a0<strong>chevaux et attelages du <\/strong><strong>Salon du Cheval de Paris<\/strong>\u00a0fouleront le sol parisien pour la vingti\u00e8me ann\u00e9e.\u00a0<a href=\"http:\/\/www.letourismeaparis.fr\/wp-content\/uploads\/2016\/11\/Defile_article_l_salon_du_cheval_fre.jpg\"><img loading=\"lazy\" decoding=\"async\" class=\"aligncenter size-medium wp-image-18986\" src=\"http:\/\/www.letourismeaparis.fr\/wp-content\/uploads\/2016\/11\/Defile_article_l_salon_du_cheval_fre-300x199.jpg\" alt=\"defile_article_l_salon_du_cheval_fre\" width=\"300\" height=\"199\" \/><\/a><br \/>\nAvenue des Ternes, Op\u00e9ra Garnier, Louvre, Quai Branly, Champ de Mars, Tour Eiffel et Trocad\u00e9ro\u00a0: vous ne pourrez pas les manquer\u00a0!\u00a0<!--more--><br \/>\nCe\u00a0<strong>d\u00e9fil\u00e9 dans Paris<\/strong>\u00a0est l&rsquo;occasion de mettre l&rsquo;accent sur diff\u00e9rents aspects de la\u00a0<strong>culture \u00e9questre<\/strong>\u00a0et un coup de projecteur sera \u00e9galement port\u00e9 sur le travail de la police mont\u00e9e lors de tels \u00e9v\u00e9nements.<br \/>\n&nbsp;<br \/>\n&nbsp;<br \/>\n&nbsp;<\/p>\n","protected":false},"excerpt":{"rendered":"<p>&nbsp; Le 20 novembre 2016, au d\u00e9part du Bois de Boulogne, les\u00a0chevaux et attelages du Salon du Cheval de Paris\u00a0fouleront le sol parisien pour la vingti\u00e8me ann\u00e9e.\u00a0 Avenue des Ternes, Op\u00e9ra Garnier, Louvre, Quai Branly, Champ de Mars, Tour Eiffel&#8230;<\/p>\n","protected":false},"author":2,"featured_media":0,"comment_status":"open","ping_status":"open","sticky":false,"template":"","format":"standard","meta":{"ngg_post_thumbnail":0,"jetpack_post_was_ever_published":false,"_jetpack_newsletter_access":"","footnotes":""},"categories":[1],"tags":[],"class_list":["post-18985","post","type-post","status-publish","format-standard","hentry","category-non-classe"],"jetpack_featured_media_url":"","jetpack-related-posts":[{"id":12218,"url":"http:\/\/www.letourismeaparis.fr\/index.php\/2012\/11\/23\/defile-de-chevaux-dimanche-25-novembre-dans-les-rues-de-paris\/","url_meta":{"origin":18985,"position":0},"title":"D\u00e9fil\u00e9 de chevaux dimanche 25 novembre dans les rues de Paris","author":"Fabienne TM","date":"23 novembre 2012","format":false,"excerpt":"D\u00e9fil\u00e9 de chevaux dans Paris Le 25\/11\/12 de 10h00 \u00e0 13h00 A l'occasion\u00a0 du\u00a0 futur Salon du Cheval de Paris, un d\u00e9fil\u00e9 de 130 chevaux et une quarantaine d'attelages, traverseront\u00a0 Paris le dimanche 25 novembre :de l'hippodrome de Longchamp en passant par l'Op\u00e9ra et le Trocad\u00e9ro 130 chevaux, une quarantaine\u2026","rel":"","context":"Dans &quot;Non class\u00e9&quot;","block_context":{"text":"Non class\u00e9","link":"http:\/\/www.letourismeaparis.fr\/index.php\/category\/non-classe\/"},"img":{"alt_text":"","src":"","width":0,"height":0},"classes":[]},{"id":20376,"url":"http:\/\/www.letourismeaparis.fr\/index.php\/2017\/10\/31\/les-chevaux-defilent-au-coeur-de-la-ville\/","url_meta":{"origin":18985,"position":1},"title":"LES CHEVAUX DEFILENT AU C\u0152UR DE LA VILLE !","author":"Fabienne TM","date":"31 octobre 2017","format":false,"excerpt":"LES CHEVAUX DEFILENT AU C\u0152UR DE LA VILLE ! \u00a0 Dimanche 19 novembre, le Salon du Cheval de Paris organise la 20e \u00e9dition de son traditionnel d\u00e9fil\u00e9 dans les rues de Paris. Venez vivre cette matin\u00e9e au plus pr\u00e8s des chevaux et de leurs cavaliers ! Un d\u00e9fil\u00e9 original organis\u00e9\u2026","rel":"","context":"Dans &quot;\u00e9quitation&quot;","block_context":{"text":"\u00e9quitation","link":"http:\/\/www.letourismeaparis.fr\/index.php\/category\/equitation\/"},"img":{"alt_text":"","src":"","width":0,"height":0},"classes":[]},{"id":14256,"url":"http:\/\/www.letourismeaparis.fr\/index.php\/2013\/11\/26\/le-salon-du-cheval-et-la-nuit-du-cheval-villepinte-du-3011-au0812\/","url_meta":{"origin":18985,"position":2},"title":"Le salon du cheval et &quot;la nuit du cheval&quot; \u00e0 Villepinte du 30\/11 au08\/12","author":"Fabienne TM","date":"26 novembre 2013","format":false,"excerpt":"\u00a0\u00a0Le salon ouvre officiellement ses portes\u00a0le 30 novembre. Toutefois, le hall 5b sera exceptionnellement ouvert le 29 novembre (acc\u00e8s gratuit uniquement ce jour) pour \u00a0le Championnat du Monde du Cheval Arabe, La Paris\u2019CUP d\u2019Attelage et le Master Internationale de Voltige by CWD\u00a0de 10h \u00e0 19h. Spectacle la Nuit du Cheval\u2026","rel":"","context":"Dans &quot;Familles&quot;","block_context":{"text":"Familles","link":"http:\/\/www.letourismeaparis.fr\/index.php\/category\/familles\/"},"img":{"alt_text":"","src":"","width":0,"height":0},"classes":[]},{"id":18990,"url":"http:\/\/www.letourismeaparis.fr\/index.php\/2016\/11\/30\/longines-masters-du-1er-au-4-decembre-au-salon-du-cheval-de-villepinte\/","url_meta":{"origin":18985,"position":3},"title":"Longines Masters du 1er au 4 d\u00e9cembre  et le  Salon du Cheval de Villepinte","author":"Fabienne TM","date":"30 novembre 2016","format":false,"excerpt":"\u00ab WE RIDE THE WORLD \u00bb La s\u00e9rie des Longines Masters poursuit son voyage \u00e0 travers les continents, et d\u00e9barque dans la capitale parisienne du 1er au 4 d\u00e9cembre 2016 pour l\u2019\u00e9tape Europ\u00e9enne du Grand Slam Indoor of Show Jumping.\u00a0 Saut d'obstacle, western, concours complet indoor, attelage, horse ball, comp\u00e9tition\u2026","rel":"","context":"Dans &quot;Familles&quot;","block_context":{"text":"Familles","link":"http:\/\/www.letourismeaparis.fr\/index.php\/category\/familles\/"},"img":{"alt_text":"","src":"","width":0,"height":0},"classes":[]},{"id":12269,"url":"http:\/\/www.letourismeaparis.fr\/index.php\/2012\/12\/05\/fete-de-la-sainte-barbe-2012-aux-invalides-les-7-et-8-decembre-a-14h\/","url_meta":{"origin":18985,"position":4},"title":"F\u00eate de la Sainte Barbe 2012 aux Invalides les 7 et 8 d\u00e9cembre \u00e0 14h","author":"Fabienne TM","date":"5 d\u00e9cembre 2012","format":false,"excerpt":"Man\u0153uvres d\u2019artillerie dans la cour d\u2019honneur des Invalides . le mus\u00e9e de l\u2019Arm\u00e9e organise une animation gratuite et exceptionnelle \u00e0 destination du grand public.Cette \u00e9dition 2012 fait \u00e9cho au 220e anniversaire de la bataille de Valmy ( 20 septembre 1792), c\u00e9l\u00e8bre victoire de l\u2019arm\u00e9e fran\u00e7aise pendant les guerres de la\u2026","rel":"","context":"Dans &quot;Non class\u00e9&quot;","block_context":{"text":"Non class\u00e9","link":"http:\/\/www.letourismeaparis.fr\/index.php\/category\/non-classe\/"},"img":{"alt_text":"","src":"","width":0,"height":0},"classes":[]},{"id":20520,"url":"http:\/\/www.letourismeaparis.fr\/index.php\/2017\/11\/13\/le-cirque-gruss-pelouse-de-reuilly-du-24-novembre-au-7-decembre\/","url_meta":{"origin":18985,"position":5},"title":"Le Cirque Gruss, porte de Passy ,","author":"Fabienne TM","date":"13 novembre 2017","format":false,"excerpt":"La 43\u00e8me cr\u00e9ation de la famille Alexis Gruss Avec la collaboration de la compagnie Les Farfadais L\u2019histoire du spectacle : afin de sauver P\u00e9gase, le cheval ail\u00e9 r\u00e9put\u00e9 indomptable, Joseph fils de Bell\u00e9rophon, doit accomplir une mission. En h\u00e9ros valeureux, il devra r\u00e9cup\u00e9rer un fragment de l\u2019essence de chaque \u00e9l\u00e9ment\u00a0:\u2026","rel":"","context":"Dans &quot;Familles&quot;","block_context":{"text":"Familles","link":"http:\/\/www.letourismeaparis.fr\/index.php\/category\/familles\/"},"img":{"alt_text":"","src":"","width":0,"height":0},"classes":[]}],"jetpack_sharing_enabled":true,"jetpack_likes_enabled":true,"_links":{"self":[{"href":"http:\/\/www.letourismeaparis.fr\/index.php\/wp-json\/wp\/v2\/posts\/18985","targetHints":{"allow":["GET"]}}],"collection":[{"href":"http:\/\/www.letourismeaparis.fr\/index.php\/wp-json\/wp\/v2\/posts"}],"about":[{"href":"http:\/\/www.letourismeaparis.fr\/index.php\/wp-json\/wp\/v2\/types\/post"}],"author":[{"embeddable":true,"href":"http:\/\/www.letourismeaparis.fr\/index.php\/wp-json\/wp\/v2\/users\/2"}],"replies":[{"embeddable":true,"href":"http:\/\/www.letourismeaparis.fr\/index.php\/wp-json\/wp\/v2\/comments?post=18985"}],"version-history":[{"count":0,"href":"http:\/\/www.letourismeaparis.fr\/index.php\/wp-json\/wp\/v2\/posts\/18985\/revisions"}],"wp:attachment":[{"href":"http:\/\/www.letourismeaparis.fr\/index.php\/wp-json\/wp\/v2\/media?parent=18985"}],"wp:term":[{"taxonomy":"category","embeddable":true,"href":"http:\/\/www.letourismeaparis.fr\/index.php\/wp-json\/wp\/v2\/categories?post=18985"},{"taxonomy":"post_tag","embeddable":true,"href":"http:\/\/www.letourismeaparis.fr\/index.php\/wp-json\/wp\/v2\/tags?post=18985"}],"curies":[{"name":"wp","href":"https:\/\/api.w.org\/{rel}","templated":true}]}}