{"id":19217,"date":"2016-12-25T09:36:11","date_gmt":"2016-12-25T07:36:11","guid":{"rendered":"http:\/\/www.letourismeaparis.fr\/?p=19217"},"modified":"2016-12-25T09:36:11","modified_gmt":"2016-12-25T07:36:11","slug":"les-illuminations-2016-a-paris","status":"publish","type":"post","link":"http:\/\/www.letourismeaparis.fr\/index.php\/2016\/12\/25\/les-illuminations-2016-a-paris\/","title":{"rendered":"Les illuminations 2016 \u00e0 Paris"},"content":{"rendered":"<p>Illuminations de No\u00ebl sur l&rsquo;avenue des Champs-Elys\u00e9es<br \/>\nIlluminations de No\u00ebl, Faubourg Saint-Honor\u00e9<!--more--><br \/>\nIlluminations de No\u00ebl, place Vend\u00f4me et alentours<br \/>\nIlluminations de No\u00ebl sur l&rsquo;avenue Montaigne<br \/>\nIlluminations de No\u00ebl, Forum des Halles<br \/>\nIlluminations de No\u00ebl \u00e0 Bercy Village<br \/>\nIlluminations de No\u00ebl au Viaduc des Arts<\/p>\n","protected":false},"excerpt":{"rendered":"<p>Illuminations de No\u00ebl sur l&rsquo;avenue des Champs-Elys\u00e9es Illuminations de No\u00ebl, Faubourg Saint-Honor\u00e9<\/p>\n","protected":false},"author":2,"featured_media":0,"comment_status":"open","ping_status":"open","sticky":false,"template":"","format":"standard","meta":{"ngg_post_thumbnail":0,"jetpack_post_was_ever_published":false,"_jetpack_newsletter_access":"","footnotes":""},"categories":[1],"tags":[],"class_list":["post-19217","post","type-post","status-publish","format-standard","hentry","category-non-classe"],"jetpack_featured_media_url":"","jetpack-related-posts":[{"id":14356,"url":"http:\/\/www.letourismeaparis.fr\/index.php\/2013\/12\/28\/les-illuminations-paris\/","url_meta":{"origin":19217,"position":0},"title":"LES ILLUMINATIONS \u00c0 PARIS","author":"Fabienne TM","date":"28 d\u00e9cembre 2013","format":false,"excerpt":"\u00a0 ILLUMINATIONS DE NOEL DES CHAMPS-ELYSEES ILLUMINATIONS DE NOEL PLACE VENDOME ILLUMINATIONS DE NOEL A BERCY VILLAGE ILLUMINATIONS DE NOEL DU QUARTIER DU HAUT MONTMARTRE ILLUMINATIONS DE NOEL QUARTIER ABBESSES ILLUMINATIONS DE NOEL AU FORUM DES HALLES ILLUMINATIONS DE NOEL AVENUE MONTAIGNE ILLUMINATIONS AU VIADUC DES ARTS ILLUMINATIONS DE NOEL\u2026","rel":"","context":"Dans &quot;Non class\u00e9&quot;","block_context":{"text":"Non class\u00e9","link":"http:\/\/www.letourismeaparis.fr\/index.php\/category\/non-classe\/"},"img":{"alt_text":"","src":"","width":0,"height":0},"classes":[]},{"id":11353,"url":"http:\/\/www.letourismeaparis.fr\/index.php\/2011\/12\/26\/paris-illumine-festif\/","url_meta":{"origin":19217,"position":1},"title":"Paris illumin\u00e9 &#8230;&#8230;&#8230;..festif","author":"Fabienne TM","date":"26 d\u00e9cembre 2011","format":false,"excerpt":"Les vitrines de No\u00ebl des grands magasins Illuminations, avenue des Champs-Elys\u00e9es Illuminations de No\u00ebl, avenue Montaigne Illuminations-bercy-village Cour Saint Emilion, Paris 12e M\u00e9tro : Cour Saint-Emilion Illuminations, place Vend\u00f4me\u00a0\u00a0 Illuminations de No\u00ebl au Forum des Halles Illuminations au Viaduc des Arts La f\u00e9erie des constellations Avenue Daumesnil, Paris 12e","rel":"","context":"Dans &quot;Non class\u00e9&quot;","block_context":{"text":"Non class\u00e9","link":"http:\/\/www.letourismeaparis.fr\/index.php\/category\/non-classe\/"},"img":{"alt_text":"","src":"","width":0,"height":0},"classes":[]},{"id":21780,"url":"http:\/\/www.letourismeaparis.fr\/index.php\/2018\/12\/28\/les-illuminations-de-noel\/","url_meta":{"origin":19217,"position":2},"title":"LES ILLUMINATIONS DE NO\u00cbL","author":"Fabienne TM","date":"28 d\u00e9cembre 2018","format":false,"excerpt":"Illuminations de No\u00ebl sur l'avenue des Champs-Elys\u00e9es Boulevard Haussmann Place Vend\u00f4me - Place Vend\u00f4me, Paris Bercy Village - Cour Saint-\u00c9milion, Paris Christmas Montaigne Avenue Montaigne - Des Champs-Elys\u00e9es \u00e0 la place de l'Alma, Paris La rue du Faubourg Saint-Honor\u00e9 se part de ses plus belles illuminations et d\u00e9corations de f\u00eate\u2026","rel":"","context":"Dans &quot;Spectacle&quot;","block_context":{"text":"Spectacle","link":"http:\/\/www.letourismeaparis.fr\/index.php\/category\/spectacle\/"},"img":{"alt_text":"","src":"","width":0,"height":0},"classes":[]},{"id":17409,"url":"http:\/\/www.letourismeaparis.fr\/index.php\/2015\/12\/25\/les-illuminations-de-noel-a-paris-2\/","url_meta":{"origin":19217,"position":3},"title":"Les illuminations de NO\u00cbL \u00e0 Paris","author":"Fabienne TM","date":"25 d\u00e9cembre 2015","format":false,"excerpt":"Avenue des Champs Elys\u00e9es jusqu'au 6 janvier Faubourg Saint Honor\u00e9 \u00a0\u00a0jusqu'au 7 janvier Place Vend\u00f4me et alentours jusqu'au 10 janvier Avenue \u00a0Montaigne \u00a0jusqu'\u00e0 d\u00e9but janvier Bercy Village \u00a0\u00a0jusqu'au 24 janvier Forum des Halles \u00a0jusqu'\u00e0 d\u00e9but janvier Viaduc des arts avenue Daumesnil \u00a0jusqu'au 5 janvier \u00a0 \u00a0 \u00a0 \u00a0","rel":"","context":"Dans &quot;Familles&quot;","block_context":{"text":"Familles","link":"http:\/\/www.letourismeaparis.fr\/index.php\/category\/familles\/"},"img":{"alt_text":"","src":"","width":0,"height":0},"classes":[]},{"id":11345,"url":"http:\/\/www.letourismeaparis.fr\/index.php\/2011\/12\/30\/illuminations-et-marche-de-noel-sur-les-champs-elysees\/","url_meta":{"origin":19217,"position":4},"title":"Illuminations  et march\u00e9 de No\u00ebl sur les Champs-Elys\u00e9es","author":"Fabienne TM","date":"30 d\u00e9cembre 2011","format":false,"excerpt":"Cette ann\u00e9e vous d\u00e9couvrirez les\u00a0 \"anneaux des arbres\".\u00a0\u00a0 Les\" tree rings\" sont des anneaux lumineux positionn\u00e9s autour des 200 arbres de l'avenue. Ces installations cr\u00e9ent un jeu de lumi\u00e8re in\u00e9dit avec la mise en place d'une centaine de miroirs parsem\u00e9s dans les branches des arbres. Reflets, vagues de couleurs, synchronisation\u2026","rel":"","context":"Dans &quot;Non class\u00e9&quot;","block_context":{"text":"Non class\u00e9","link":"http:\/\/www.letourismeaparis.fr\/index.php\/category\/non-classe\/"},"img":{"alt_text":"","src":"","width":0,"height":0},"classes":[]},{"id":15917,"url":"http:\/\/www.letourismeaparis.fr\/index.php\/2014\/11\/19\/lancement-des-illuminations-de-noel-le-25-novembre\/","url_meta":{"origin":19217,"position":5},"title":"Lancement des illuminations de No\u00ebl le 25 novembre","author":"Fabienne TM","date":"19 novembre 2014","format":false,"excerpt":"Le Forum des Halles, en partenariat avec la Fnac, lancera les illuminations de No\u00ebl le mardi 25 novembre. \u00c0 cette occasion, la chanteuse IRMA donnera un showcase exclusif sur la Place Carr\u00e9e du Forum des Halles. Rendez-vous \u00e0 19h pour c\u00e9l\u00e9brer l'\u00e9v\u00e9nement 'XMAS Plays' !","rel":"","context":"Dans &quot;Familles&quot;","block_context":{"text":"Familles","link":"http:\/\/www.letourismeaparis.fr\/index.php\/category\/familles\/"},"img":{"alt_text":"","src":"","width":0,"height":0},"classes":[]}],"jetpack_sharing_enabled":true,"jetpack_likes_enabled":true,"_links":{"self":[{"href":"http:\/\/www.letourismeaparis.fr\/index.php\/wp-json\/wp\/v2\/posts\/19217","targetHints":{"allow":["GET"]}}],"collection":[{"href":"http:\/\/www.letourismeaparis.fr\/index.php\/wp-json\/wp\/v2\/posts"}],"about":[{"href":"http:\/\/www.letourismeaparis.fr\/index.php\/wp-json\/wp\/v2\/types\/post"}],"author":[{"embeddable":true,"href":"http:\/\/www.letourismeaparis.fr\/index.php\/wp-json\/wp\/v2\/users\/2"}],"replies":[{"embeddable":true,"href":"http:\/\/www.letourismeaparis.fr\/index.php\/wp-json\/wp\/v2\/comments?post=19217"}],"version-history":[{"count":0,"href":"http:\/\/www.letourismeaparis.fr\/index.php\/wp-json\/wp\/v2\/posts\/19217\/revisions"}],"wp:attachment":[{"href":"http:\/\/www.letourismeaparis.fr\/index.php\/wp-json\/wp\/v2\/media?parent=19217"}],"wp:term":[{"taxonomy":"category","embeddable":true,"href":"http:\/\/www.letourismeaparis.fr\/index.php\/wp-json\/wp\/v2\/categories?post=19217"},{"taxonomy":"post_tag","embeddable":true,"href":"http:\/\/www.letourismeaparis.fr\/index.php\/wp-json\/wp\/v2\/tags?post=19217"}],"curies":[{"name":"wp","href":"https:\/\/api.w.org\/{rel}","templated":true}]}}