{"id":19244,"date":"2016-12-14T15:42:31","date_gmt":"2016-12-14T13:42:31","guid":{"rendered":"http:\/\/www.letourismeaparis.fr\/?p=19244"},"modified":"2016-12-14T15:42:31","modified_gmt":"2016-12-14T13:42:31","slug":"tenue-correcte-exigee-quand-le-vetement-fait-scandale-jusquau-23-avril-2017","status":"publish","type":"post","link":"http:\/\/www.letourismeaparis.fr\/index.php\/2016\/12\/14\/tenue-correcte-exigee-quand-le-vetement-fait-scandale-jusquau-23-avril-2017\/","title":{"rendered":"TENUE CORRECTE EXIG\u00c9E, QUAND LE V\u00caTEMENT FAIT SCANDALE  jusqu&#039;au 23 avril 2017"},"content":{"rendered":"<p>&nbsp;<br \/>\n. \u00ab Tenue correcte exig\u00e9e, quand le v\u00eatement fait scandale \u00bb invite \u00e0 revisiter les scandales qui ont pr\u00e9sid\u00e9 les grands tournants de l\u2019histoire de la mode du XIVe si\u00e8cle \u00e0 nos jours.<!--more--><br \/>\nCette exposition originale et inattendue propose d\u2019explorer pr\u00e8s de 300 v\u00eatements et accessoires, portraits, caricatures et petits objets, les prises de libert\u00e9s et les infractions faites \u00e0 la norme vestimentaire, aux codes et aux valeurs morales.\u00a0<!--more--><br \/>\n<a class=\"zem_slink\" title=\"Mus\u00e9e des Arts D\u00e9coratifs, Paris\" href=\"http:\/\/maps.google.com\/maps?ll=48.8627833333,2.33410833333&amp;spn=0.01,0.01&amp;q=48.8627833333,2.33410833333 (Mus%C3%A9e%20des%20Arts%20D%C3%A9coratifs%2C%20Paris)&amp;t=h\" target=\"_blank\" rel=\"geolocation noopener noreferrer\">Mus\u00e9e des Arts d\u00e9coratifs<\/a><br \/>\n107, rue de Rivoli<br \/>\n75001 Paris<br \/>\n<a href=\"http:\/\/www.lesartsdecoratifs.fr\/\">http:\/\/www.lesartsdecoratifs.fr\/<\/a><\/p>\n","protected":false},"excerpt":{"rendered":"<p>&nbsp; . \u00ab Tenue correcte exig\u00e9e, quand le v\u00eatement fait scandale \u00bb invite \u00e0 revisiter les scandales qui ont pr\u00e9sid\u00e9 les grands tournants de l\u2019histoire de la mode du XIVe si\u00e8cle \u00e0 nos jours.<\/p>\n","protected":false},"author":2,"featured_media":0,"comment_status":"open","ping_status":"open","sticky":false,"template":"","format":"standard","meta":{"ngg_post_thumbnail":0,"jetpack_post_was_ever_published":false,"_jetpack_newsletter_access":"","footnotes":""},"categories":[37,27],"tags":[159,244],"class_list":["post-19244","post","type-post","status-publish","format-standard","hentry","category-mode","category-musees-expositions","tag-fashion","tag-mode"],"jetpack_featured_media_url":"","jetpack-related-posts":[{"id":19333,"url":"http:\/\/www.letourismeaparis.fr\/index.php\/2017\/02\/20\/tenue-correcte-exigee-quand-le-vetement-fait-scandale-au-musee-des-arts-decoratifs\/","url_meta":{"origin":19244,"position":0},"title":"TENUE CORRECTE EXIG\u00c9E, QUAND LE V\u00caTEMENT FAIT SCANDALE, au mus\u00e9e des arts d\u00e9coratifs","author":"Fabienne TM","date":"20 f\u00e9vrier 2017","format":false,"excerpt":"\u00ab Tenue correcte exig\u00e9e, quand le v\u00eatement fait scandale \u00bb invite \u00e0 revisiter les scandales qui ont pr\u00e9sid\u00e9 les grands tournants de l\u2019histoire de la mode du XIVe si\u00e8cle \u00e0 nos jours. jusqu'au 23 avril 2017 Cette exposition \u00a0propose d\u2019explorer pr\u00e8s de 300 v\u00eatements et accessoires, portraits, caricatures et petits\u2026","rel":"","context":"Dans &quot;Mode \/ Shopping&quot;","block_context":{"text":"Mode \/ Shopping","link":"http:\/\/www.letourismeaparis.fr\/index.php\/category\/loisirs\/mode\/"},"img":{"alt_text":"","src":"","width":0,"height":0},"classes":[]},{"id":23858,"url":"http:\/\/www.letourismeaparis.fr\/index.php\/2019\/11\/28\/marche-et-demarche-une-histoire-de-la-chaussure-au-musee-des-arts-decoratifs\/","url_meta":{"origin":19244,"position":1},"title":"Marche et d\u00e9marche, une histoire de la chaussure  au mus\u00e9e des arts d\u00e9coratifs","author":"Fabienne TM","date":"28 novembre 2019","format":false,"excerpt":"du 7 novembre 2019 au 23 f\u00e9vrier 2020 Apr\u00e8s \u00ab La M\u00e9canique des dessous \u00bb (2013) et \u00ab Tenue correcte exig\u00e9e ! \u00bb (2017), le Mus\u00e9e des Arts D\u00e9coratifs poursuit l\u2019exploration du rapport entre le corps et la mode avec un troisi\u00e8me volet aussi surprenant qu\u2019original autour de la chaussure,\u2026","rel":"","context":"Dans &quot;Non class\u00e9&quot;","block_context":{"text":"Non class\u00e9","link":"http:\/\/www.letourismeaparis.fr\/index.php\/category\/non-classe\/"},"img":{"alt_text":"","src":"https:\/\/i0.wp.com\/www.letourismeaparis.fr\/wp-content\/uploads\/2019\/11\/Capture-d%E2%80%99e%CC%81cran-2019-11-28-a%CC%80-11.25.02.png?resize=350%2C200","width":350,"height":200},"classes":[]},{"id":427,"url":"http:\/\/www.letourismeaparis.fr\/index.php\/2008\/11\/18\/sonia-rykiel-au-musee-des-arts-decoratifs\/","url_meta":{"origin":19244,"position":2},"title":"Sonia Rykiel au mus\u00e9e des arts d\u00e9coratifs","author":"Fabienne TM","date":"18 novembre 2008","format":false,"excerpt":"20 novembre 2008 - 19 avril 2009 \"Premi\u00e8re exposition consacr\u00e9e \u00e0 cette cr\u00e9atrice \u00e0 l\u2019occasion du 40e anniversaire de sa maison. Ev\u00e9nement construit \u00e0 part \u00e9gale entre le v\u00eatement, la photographie de mode\u00a0 (Sarah Moon, Isserman) et la vid\u00e9o de d\u00e9fil\u00e9s. Si la mode de Sonia Rykiel r\u00e9siste si bien\u2026","rel":"","context":"Dans &quot;Non class\u00e9&quot;","block_context":{"text":"Non class\u00e9","link":"http:\/\/www.letourismeaparis.fr\/index.php\/category\/non-classe\/"},"img":{"alt_text":"","src":"","width":0,"height":0},"classes":[]},{"id":13237,"url":"http:\/\/www.letourismeaparis.fr\/index.php\/2013\/05\/12\/beyond-dress-codes-la-mode-entre-traditions-et-modernite-a-lunesco-du-15-au-31-ami\/","url_meta":{"origin":19244,"position":3},"title":"Beyond dress codes : la mode entre traditions et modernit\u00e9 \u00e0 l&#039;unesco du 15 au 31 mai","author":"Fabienne TM","date":"12 mai 2013","format":false,"excerpt":"Lla mode entre traditions et modernit\u00e9 \u00bb est le volet chypriote de l\u2019exposition itin\u00e9rante Beyond dress codes qui s\u2019est tenue \u00e0 Nicosie\u00a0 .Y sont explor\u00e9s, au-del\u00e0 des codes sociaux que le v\u00eatement \u00e9tablit, les liens entre les costumes r\u00e9gionaux de Chypre et la mode contemporaine. Ce dialogue stimulant entre la\u2026","rel":"","context":"Dans &quot;Mus\u00e9es \/ Expositions&quot;","block_context":{"text":"Mus\u00e9es \/ Expositions","link":"http:\/\/www.letourismeaparis.fr\/index.php\/category\/culture\/musees-expositions\/"},"img":{"alt_text":"","src":"","width":0,"height":0},"classes":[]},{"id":25437,"url":"http:\/\/www.letourismeaparis.fr\/index.php\/2024\/01\/20\/iris-van-herpen-creatrice-de-mode-visionnaire-au-musee-des-arts-decoratifs\/","url_meta":{"origin":19244,"position":4},"title":"IRIS VAN HERPEN, cr\u00e9atrice de mode visionnaire,  au mus\u00e9e des arts d\u00e9coratifs","author":"Fabienne TM","date":"20 janvier 2024","format":false,"excerpt":"IRIS VAN HERPEN. SCULPTING THE SENSES Jusqu\u2019au 28 avril 2024 au mus\u00e9e des Arts D\u00e9coratifs \u00ab Iris van Herpen. Sculpting the Senses \u00bb rend hommage \u00e0 l\u2019une des cr\u00e9atrices de mode les plus visionnaires de sa g\u00e9n\u00e9ration . Pionni\u00e8re dans l\u2019usage des nouvelles technologies dans sa discipline, Iris van Herpen\u2026","rel":"","context":"Dans &quot;Haute couture&quot;","block_context":{"text":"Haute couture","link":"http:\/\/www.letourismeaparis.fr\/index.php\/category\/haute-couture\/"},"img":{"alt_text":"","src":"","width":0,"height":0},"classes":[]},{"id":19554,"url":"http:\/\/www.letourismeaparis.fr\/index.php\/2017\/03\/01\/mode-femmes-1418-28-fevrier-17-juin-2017-bibliotheque-forney-4e\/","url_meta":{"origin":19244,"position":5},"title":"Mode &amp; Femmes 14\/18  28 f\u00e9vrier &#8211; 17 juin 2017 \/ Biblioth\u00e8que Forney (4e)","author":"Fabienne TM","date":"1 mars 2017","format":false,"excerpt":"\u00a0 Le vestiaire f\u00e9minin change radicalement au d\u00e9but du XXe si\u00e8cle : la silhouette s\u2019all\u00e8ge, abandonnant les cages de crinolines et les tournures du si\u00e8cle pass\u00e9, le nombre de changements de tenues quotidiennes se r\u00e9duit chez la femme de la classe ais\u00e9e car le costume-tailleur accompagne d\u00e9sormais la femme tout\u2026","rel":"","context":"Dans &quot;Mode \/ Shopping&quot;","block_context":{"text":"Mode \/ Shopping","link":"http:\/\/www.letourismeaparis.fr\/index.php\/category\/loisirs\/mode\/"},"img":{"alt_text":"","src":"https:\/\/i0.wp.com\/www.letourismeaparis.fr\/wp-content\/uploads\/2017\/03\/Unknown-1-203x300.png?resize=350%2C200","width":350,"height":200},"classes":[]}],"jetpack_sharing_enabled":true,"jetpack_likes_enabled":true,"_links":{"self":[{"href":"http:\/\/www.letourismeaparis.fr\/index.php\/wp-json\/wp\/v2\/posts\/19244","targetHints":{"allow":["GET"]}}],"collection":[{"href":"http:\/\/www.letourismeaparis.fr\/index.php\/wp-json\/wp\/v2\/posts"}],"about":[{"href":"http:\/\/www.letourismeaparis.fr\/index.php\/wp-json\/wp\/v2\/types\/post"}],"author":[{"embeddable":true,"href":"http:\/\/www.letourismeaparis.fr\/index.php\/wp-json\/wp\/v2\/users\/2"}],"replies":[{"embeddable":true,"href":"http:\/\/www.letourismeaparis.fr\/index.php\/wp-json\/wp\/v2\/comments?post=19244"}],"version-history":[{"count":0,"href":"http:\/\/www.letourismeaparis.fr\/index.php\/wp-json\/wp\/v2\/posts\/19244\/revisions"}],"wp:attachment":[{"href":"http:\/\/www.letourismeaparis.fr\/index.php\/wp-json\/wp\/v2\/media?parent=19244"}],"wp:term":[{"taxonomy":"category","embeddable":true,"href":"http:\/\/www.letourismeaparis.fr\/index.php\/wp-json\/wp\/v2\/categories?post=19244"},{"taxonomy":"post_tag","embeddable":true,"href":"http:\/\/www.letourismeaparis.fr\/index.php\/wp-json\/wp\/v2\/tags?post=19244"}],"curies":[{"name":"wp","href":"https:\/\/api.w.org\/{rel}","templated":true}]}}