{"id":19254,"date":"2016-12-15T13:46:57","date_gmt":"2016-12-15T11:46:57","guid":{"rendered":"http:\/\/www.letourismeaparis.fr\/?p=19254"},"modified":"2016-12-15T13:46:57","modified_gmt":"2016-12-15T11:46:57","slug":"vacances-de-noel-du-17-decembre-2016-au-2-janvier-2017-cite-des-sciences-et-de-lindustrie-palais-de-la-decouverte","status":"publish","type":"post","link":"http:\/\/www.letourismeaparis.fr\/index.php\/2016\/12\/15\/vacances-de-noel-du-17-decembre-2016-au-2-janvier-2017-cite-des-sciences-et-de-lindustrie-palais-de-la-decouverte\/","title":{"rendered":"VACANCES DE NO\u00cbL Du 17 d\u00e9cembre 2016 au 2 janvier 2017 Cit\u00e9 des sciences et de l\u2019industrie &#8211; Palais de la d\u00e9couverte"},"content":{"rendered":"<p>Ouverts sept jours sur sept durant ces vacances<br \/>\nDes \u00a0expositions temporaires et activit\u00e9s nouvelles sont propos\u00e9es aux publics, d\u00e8s l\u2019\u00e2ge de 2 ans.<br \/>\nA la Cit\u00e9 des sciences et de l\u2019industrie, place aux b\u00e9b\u00e9s animaux, aux nouvelles manips de la Cit\u00e9 des enfants<!--more--> et aux ateliers grafs autour de l\u2019exposition Moyen \u00c2ge. Pour les mordus, des stages et ateliers ouverts \u00e0 tous, pour prolonger sur un ou plusieurs jours l\u2019aventure m\u00e9di\u00e9vale, mener des enqu\u00eates, s\u2019int\u00e9resser \u00e0 la lumi\u00e8re ou encore cr\u00e9er son propre dessin anim\u00e9.<!--more--><br \/>\nAu Palais, le hasard et les probabilit\u00e9s comme les questions de viralit\u00e9 r\u00e9jouiront tous les curieux de sciences<br \/>\n&nbsp;<br \/>\nCit\u00e9 des sciences et de l\u2019industrie 30, avenue Corentin-Cariou &#8211; 75019 Paris MPorte de la Villette T3b Ouvertures exceptionnelles De 10h \u00e0 19h du lun. 19 au vend. 23 d\u00e9c. ; du 26 au 30 d\u00e9c. De 10h\u00e0 16h30 les sam. 24 et 31 d\u00e9c. Ferm\u00e9 les 25 d\u00e9c. 2016 et 1er jan. 2017.<br \/>\n. Palais de la d\u00e9couverte Avenue Franklin Roosevelt &#8211; 75008 Paris MFranklin Roosevelt ou Champs-Elys\u00e9es Clemenceau Ouvertures exceptionnelles De 10h \u00e0 19h du lun. 19 au vend. 23 d\u00e9c. ; du 26 au 30 d\u00e9c. De 10h\u00e0 16h30 les sam. 24 et 31 d\u00e9c. Ferm\u00e9 les 25 d\u00e9c. 2016 et 1er jan. 2017. palais-decouverte.fr<\/p>\n","protected":false},"excerpt":{"rendered":"<p>Ouverts sept jours sur sept durant ces vacances Des \u00a0expositions temporaires et activit\u00e9s nouvelles sont propos\u00e9es aux publics, d\u00e8s l\u2019\u00e2ge de 2 ans. A la Cit\u00e9 des sciences et de l\u2019industrie, place aux b\u00e9b\u00e9s animaux, aux nouvelles manips de la&#8230;<\/p>\n","protected":false},"author":2,"featured_media":0,"comment_status":"open","ping_status":"open","sticky":false,"template":"","format":"standard","meta":{"ngg_post_thumbnail":0,"jetpack_post_was_ever_published":false,"_jetpack_newsletter_access":"","footnotes":""},"categories":[28],"tags":[],"class_list":["post-19254","post","type-post","status-publish","format-standard","hentry","category-familles"],"jetpack_featured_media_url":"","jetpack-related-posts":[{"id":19649,"url":"http:\/\/www.letourismeaparis.fr\/index.php\/2017\/04\/05\/un-jour-au-moyen-age-la-sortie-des-vacances-a-la-cite-des-sciences-et-de-lindustrie\/","url_meta":{"origin":19254,"position":0},"title":"UN JOUR AU MOYEN \u00c2GE  LA sortie des vacances  \u00c0 la Cit\u00e9 des sciences et de l\u2019industrie","author":"Fabienne TM","date":"5 avril 2017","format":false,"excerpt":"\u00a0 Du 11 au 23 avril 2017, en continu de 11h \u00e0 18h Dans le cadre de l\u2019exposition temporaire Quoi de neuf au Moyen \u00c2ge ?, la Cit\u00e9 des sciences et de l\u2019industrie a concoct\u00e9 pour son public une programmation sp\u00e9ciale pour les vacances. Un jour au Moyen \u00c2ge est\u2026","rel":"","context":"Dans &quot;Familles&quot;","block_context":{"text":"Familles","link":"http:\/\/www.letourismeaparis.fr\/index.php\/category\/familles\/"},"img":{"alt_text":"","src":"https:\/\/i0.wp.com\/www.letourismeaparis.fr\/wp-content\/uploads\/2017\/04\/unnamed-203x300.jpg?resize=350%2C200","width":350,"height":200},"classes":[]},{"id":17259,"url":"http:\/\/www.letourismeaparis.fr\/index.php\/2015\/10\/22\/vacances-de-la-toussaint-au-palais-de-la-decouverte-et-a-la-cite-des-sciences-et-de-lindustrie\/","url_meta":{"origin":19254,"position":1},"title":"Vacances de la Toussaint  au Palais de la d\u00e9couverte et \u00e0 la Cit\u00e9 des sciences et de l\u2019industrie","author":"Fabienne TM","date":"22 octobre 2015","format":false,"excerpt":"Ouverts exceptionnellement les lundis, les deux mus\u00e9es proposent 14 jours non-stop d\u2018activit\u00e9s. Les ateliers et expos\u00e9s qui accompagnent les expositions temporaires aux th\u00e9matiques fortes et dans l\u2019air du temps, permettent \u00e0 chacun de trouver son bonheur. Ouvertures exceptionnelles les lundis 19 et 26 octobre. Ouverts tous les jours jusqu\u2019\u00e0 19h.\u2026","rel":"","context":"Dans &quot;Familles&quot;","block_context":{"text":"Familles","link":"http:\/\/www.letourismeaparis.fr\/index.php\/category\/familles\/"},"img":{"alt_text":"","src":"","width":0,"height":0},"classes":[]},{"id":23962,"url":"http:\/\/www.letourismeaparis.fr\/index.php\/2020\/02\/08\/double-jeu-a-la-cite-des-sciences-et-de-lindustrie-et-au-palais-de-la-decouverte\/","url_meta":{"origin":19254,"position":2},"title":"Double jeu \u00e0 la Cit\u00e9 des sciences et de l&rsquo;industrie et au Palais de la d\u00e9couverte","author":"Fabienne TM","date":"8 f\u00e9vrier 2020","format":false,"excerpt":"Pour les vacances d\u2019hiver, on joue double jeu \u00e0 la Cit\u00e9 des sciences et de l\u2019industrie et au Palais de la d\u00e9couverte : d\u00e9couvrir tout et son contraire, les secrets les mieux gard\u00e9s des espions, les myst\u00e8res de l\u2019amour et les faces cach\u00e9es de l\u2019attraction\u2026 Tout un programme vers l\u2019inconnu...Contraires\u2026","rel":"","context":"Dans &quot;Familles&quot;","block_context":{"text":"Familles","link":"http:\/\/www.letourismeaparis.fr\/index.php\/category\/familles\/"},"img":{"alt_text":"","src":"https:\/\/i0.wp.com\/www.letourismeaparis.fr\/wp-content\/uploads\/2020\/02\/Capture-d%E2%80%99e%CC%81cran-2020-02-08-a%CC%80-12.45.26.png?resize=350%2C200","width":350,"height":200},"classes":[]},{"id":23991,"url":"http:\/\/www.letourismeaparis.fr\/index.php\/2020\/03\/02\/la-semaine-du-cerveau\/","url_meta":{"origin":19254,"position":3},"title":"la Semaine du cerveau :","author":"Fabienne TM","date":"2 mars 2020","format":false,"excerpt":"Du samedi 14 au dimanche 22 mars 2020 \u00e0 la Cit\u00e9 des sciences et de l\u2019industrie et au Palais de la d\u00e9couverte Que se passe-t-il dans le cerveau d\u2019un hypnotis\u00e9 ? Est-ce possible de muscler le cerveau ? Comment fonctionnent les neurones ? Cette ann\u00e9e encore, la Cit\u00e9 des sciences\u2026","rel":"","context":"Dans &quot;Non class\u00e9&quot;","block_context":{"text":"Non class\u00e9","link":"http:\/\/www.letourismeaparis.fr\/index.php\/category\/non-classe\/"},"img":{"alt_text":"","src":"https:\/\/i0.wp.com\/www.letourismeaparis.fr\/wp-content\/uploads\/2020\/03\/Capture-d%E2%80%99e%CC%81cran-2020-03-02-a%CC%80-16.47.13.png?resize=350%2C200","width":350,"height":200},"classes":[]},{"id":398,"url":"http:\/\/www.letourismeaparis.fr\/index.php\/2008\/10\/19\/le-salon-de-lauto-nous-entraine-pour-voir-une-exposition-sur-les-2cv\/","url_meta":{"origin":19254,"position":4},"title":"Le Salon de l&#039;auto nous entraine pour voir une exposition sur les 2CV","author":"Fabienne TM","date":"19 octobre 2008","format":false,"excerpt":"\"2 CV Expo Show\" \u00e0 la Cit\u00e9 des sciences et de l'industrie jusqu'au 30\/11\/08 \"\u00c0 l'occasion des 60 ans de la 2 CV, Citro\u00ebn et la Cit\u00e9 des sciences et de l'industrie exposent deux exemples d'innovation technologique : la 2 CV ou TPV (Toute Petite Voiture) dont le projet a\u2026","rel":"","context":"Dans &quot;Non class\u00e9&quot;","block_context":{"text":"Non class\u00e9","link":"http:\/\/www.letourismeaparis.fr\/index.php\/category\/non-classe\/"},"img":{"alt_text":"","src":"","width":0,"height":0},"classes":[]},{"id":23686,"url":"http:\/\/www.letourismeaparis.fr\/index.php\/2019\/09\/29\/la-cite-des-sciences-et-de-lindustrie-et-le-palais-de-la-decouverte-participent-a-la-fete-de-la-science-les-5-et-6-octobre-2019-et-a-lanuit-blanche-le-5-octobre-2019\/","url_meta":{"origin":19254,"position":5},"title":"La Cit\u00e9 des sciences et de l&rsquo;industrie et le Palais de la d\u00e9couverte participent \u00e0 la F\u00eate de la science les 5 et 6 octobre 2019\/et  \u00e0 la\u00a0\u00bbNuit Blanche\u00a0\u00bb le 5 octobre 2019","author":"Fabienne TM","date":"29 septembre 2019","format":false,"excerpt":"F\u00eate de la science - Les 5 et 6 octobre - Entr\u00e9e libre et gratuite Ce week-end gratuit met \u00e0 l\u2019honneur les disciplines les plus diverses de la recherche o\u00f9 tous les domaines scientifiques sont abord\u00e9s : de la biodiversit\u00e9 aux sciences de l\u2019univers, en passant par les math\u00e9matiques, l\u2019environnement,\u2026","rel":"","context":"Dans &quot;Non class\u00e9&quot;","block_context":{"text":"Non class\u00e9","link":"http:\/\/www.letourismeaparis.fr\/index.php\/category\/non-classe\/"},"img":{"alt_text":"","src":"","width":0,"height":0},"classes":[]}],"jetpack_sharing_enabled":true,"jetpack_likes_enabled":true,"_links":{"self":[{"href":"http:\/\/www.letourismeaparis.fr\/index.php\/wp-json\/wp\/v2\/posts\/19254","targetHints":{"allow":["GET"]}}],"collection":[{"href":"http:\/\/www.letourismeaparis.fr\/index.php\/wp-json\/wp\/v2\/posts"}],"about":[{"href":"http:\/\/www.letourismeaparis.fr\/index.php\/wp-json\/wp\/v2\/types\/post"}],"author":[{"embeddable":true,"href":"http:\/\/www.letourismeaparis.fr\/index.php\/wp-json\/wp\/v2\/users\/2"}],"replies":[{"embeddable":true,"href":"http:\/\/www.letourismeaparis.fr\/index.php\/wp-json\/wp\/v2\/comments?post=19254"}],"version-history":[{"count":0,"href":"http:\/\/www.letourismeaparis.fr\/index.php\/wp-json\/wp\/v2\/posts\/19254\/revisions"}],"wp:attachment":[{"href":"http:\/\/www.letourismeaparis.fr\/index.php\/wp-json\/wp\/v2\/media?parent=19254"}],"wp:term":[{"taxonomy":"category","embeddable":true,"href":"http:\/\/www.letourismeaparis.fr\/index.php\/wp-json\/wp\/v2\/categories?post=19254"},{"taxonomy":"post_tag","embeddable":true,"href":"http:\/\/www.letourismeaparis.fr\/index.php\/wp-json\/wp\/v2\/tags?post=19254"}],"curies":[{"name":"wp","href":"https:\/\/api.w.org\/{rel}","templated":true}]}}