{"id":19260,"date":"2016-12-16T20:56:39","date_gmt":"2016-12-16T18:56:39","guid":{"rendered":"http:\/\/www.letourismeaparis.fr\/?p=19260"},"modified":"2016-12-16T20:56:39","modified_gmt":"2016-12-16T18:56:39","slug":"une-patinoire-a-glaciere","status":"publish","type":"post","link":"http:\/\/www.letourismeaparis.fr\/index.php\/2016\/12\/16\/une-patinoire-a-glaciere\/","title":{"rendered":"Une patinoire \u00e0 &quot;Glaci\u00e8re&quot; !"},"content":{"rendered":"<p style=\"margin: 0cm; margin-bottom: .0001pt; vertical-align: baseline;\"><span style=\"font-size: 7.5pt; font-family: Verdana; color: #333333;\">Situ\u00e9e sous le m\u00e9tro a\u00e9rien \u00e0 la station Glaci\u00e8re, la patinoire sera ouverte du 16 au 20 d\u00e9cembre de 12h \u00e0 19h, et en nocturne le samedi 17 d\u00e9cembre jusqu\u2019\u00e0 20h30.<\/span><\/p>\n<p style=\"margin: 0cm; margin-bottom: .0001pt; vertical-align: baseline; font-variant-ligatures: normal; font-variant-caps: normal; orphans: 2; widows: 2; -webkit-text-stroke-width: 0px; word-spacing: 0px;\"><span style=\"font-size: 7.5pt; font-family: Verdana; color: #333333;\">Un groupe des musiciens du m\u00e9tro assurera l\u2019ambiance musicale et festive le vendredi (de 12h \u00e0 14h30) et le samedi (de 18h \u00e0 20h30).<a href=\"http:\/\/www.letourismeaparis.fr\/wp-content\/uploads\/2016\/12\/Capture-d\u2019e\u0301cran-2016-12-16-a\u0300-19.58.49.png\"><img loading=\"lazy\" decoding=\"async\" class=\"aligncenter size-medium wp-image-19271\" src=\"http:\/\/www.letourismeaparis.fr\/wp-content\/uploads\/2016\/12\/Capture-d\u2019e\u0301cran-2016-12-16-a\u0300-19.58.49-189x300.png\" alt=\"capture-decran-2016-12-16-a-19-58-49\" width=\"189\" height=\"300\" \/><\/a><a href=\"http:\/\/www.letourismeaparis.fr\/wp-content\/uploads\/2016\/12\/Capture-d\u2019e\u0301cran-2016-12-16-a\u0300-19.50.36.png\"><br \/>\n<\/a><\/span><\/p>\n<p style=\"margin: 0cm; margin-bottom: .0001pt; vertical-align: baseline; font-variant-ligatures: normal; font-variant-caps: normal; orphans: 2; widows: 2; -webkit-text-stroke-width: 0px; word-spacing: 0px;\"><span style=\"font-size: 7.5pt; font-family: Verdana; color: #333333;\">Nos agents sur place attendent les voyageurs, seuls, \u00e0 deux, en famille*. Ils pourront b\u00e9n\u00e9ficier du pr\u00eat de patins et de gants pour s\u2019initier aux joies de la glisse sur glace sur une piste de 70 m\u00b2. Un stand de marrons chauds sera \u00e9galement \u00e0 disposition.<\/span><\/p>\n<p style=\"margin: 0cm; margin-bottom: .0001pt; vertical-align: baseline; font-variant-ligatures: normal; font-variant-caps: normal; orphans: 2; widows: 2; -webkit-text-stroke-width: 0px; word-spacing: 0px;\"><strong><span style=\"font-size: 7.5pt; font-family: Verdana; color: #333333;\">Une patinoire 100% \u00e9cologique<\/span><\/strong><b><span style=\"font-size: 7.5pt; font-family: Verdana; color: #333333;\"><br \/>\n<\/span><\/b><span style=\"font-size: 7.5pt; font-family: Verdana; color: #333333;\">Particularit\u00e9 notable : la patinoire install\u00e9e par la RATP n&rsquo;a aucun besoin \u00e9lectrique, et ne n\u00e9cessite pas d&rsquo;eau pour son fonctionnement. Elle est compos\u00e9e d\u2019un assemblage de dalles synth\u00e9tiques, faites de mat\u00e9riaux inertes dont le recyclage syst\u00e9matique procurera une mati\u00e8re pour la fabrication d\u2019objets comme du mobilier d\u2019ext\u00e9rieur, des arrosoirs\u2026<span class=\"apple-converted-space\">\u00a0<\/span><\/span><br \/>\n<!--more--><\/p>\n<p><em><span style=\"font-family: Verdana;\">*Acc\u00e8s \u00e0 la patinoire r\u00e9serv\u00e9 aux adultes et aux enfants de plus de 5 ans. Les enfants \u00e2g\u00e9s de 5 \u00e0 10 ans devront \u00eatre accompagn\u00e9s par un adulte.<\/span><\/em><\/p>\n","protected":false},"excerpt":{"rendered":"<p>Situ\u00e9e sous le m\u00e9tro a\u00e9rien \u00e0 la station Glaci\u00e8re, la patinoire sera ouverte du 16 au 20 d\u00e9cembre de 12h \u00e0 19h, et en nocturne le samedi 17 d\u00e9cembre jusqu\u2019\u00e0 20h30. Un groupe des musiciens du m\u00e9tro assurera l\u2019ambiance musicale&#8230;<\/p>\n","protected":false},"author":2,"featured_media":0,"comment_status":"open","ping_status":"open","sticky":false,"template":"","format":"standard","meta":{"ngg_post_thumbnail":0,"jetpack_post_was_ever_published":false,"_jetpack_newsletter_access":"","footnotes":""},"categories":[28],"tags":[],"class_list":["post-19260","post","type-post","status-publish","format-standard","hentry","category-familles"],"jetpack_featured_media_url":"","jetpack-related-posts":[{"id":9183,"url":"http:\/\/www.letourismeaparis.fr\/index.php\/2010\/01\/02\/les-patinoires-en-plein-air-a-paris\/","url_meta":{"origin":19260,"position":0},"title":"Les patinoires en plein air \u00e0 Paris","author":"Fabienne TM","date":"2 janvier 2010","format":false,"excerpt":"Les patinoires en plein air \u00e0 Paris Patinoire \u00e0 H\u00f4tel de Ville jusqu'au dimanche 27 f\u00e9vrier 2011,\u00a0 deux patinoires seront\u00a0 install\u00e9es , une piste de luge et une petite patinoire sont \u00e9galement pr\u00e9vues. M\u00e9tro H\u00f4tel de Ville Acc\u00e8s gratuit Du lundi au vendredi de 12h \u00e0 22h et les samedis,\u2026","rel":"","context":"Dans &quot;Non class\u00e9&quot;","block_context":{"text":"Non class\u00e9","link":"http:\/\/www.letourismeaparis.fr\/index.php\/category\/non-classe\/"},"img":{"alt_text":"","src":"","width":0,"height":0},"classes":[]},{"id":5939,"url":"http:\/\/www.letourismeaparis.fr\/index.php\/2010\/01\/03\/des-patinoires-gratuites-a-paris\/","url_meta":{"origin":19260,"position":1},"title":"Des patinoires gratuites \u00e0 Paris&#8230;.","author":"Fabienne TM","date":"3 janvier 2010","format":false,"excerpt":"Du 18 d\u00e9cembre au 6 mars 2010, la Mairie de Parisi installe deux patinoires de plein air \u00e0 L\u2019une sur le Parvis de l\u2019H\u00f4tel de Ville et la seconde sur le Parvis de la gare Montparnasse L\u2019acc\u00e8s des patinoires est gratuit et la location de patins est de 5\u20ac. Des\u2026","rel":"","context":"Dans &quot;Non class\u00e9&quot;","block_context":{"text":"Non class\u00e9","link":"http:\/\/www.letourismeaparis.fr\/index.php\/category\/non-classe\/"},"img":{"alt_text":"","src":"","width":0,"height":0},"classes":[]},{"id":16102,"url":"http:\/\/www.letourismeaparis.fr\/index.php\/2014\/12\/27\/les-sports-dhiver-paris\/","url_meta":{"origin":19260,"position":2},"title":"Les sports d&#039;hiver \u00e0 Paris !","author":"Fabienne TM","date":"27 d\u00e9cembre 2014","format":false,"excerpt":"Le temps des vacances de No\u00ebl,\u00a0Le Stade\u00a0Charl\u00e9ty (13e)devient une station de sports d'hiver pour les jeunes de 3-16 ans, au menu, de la luge, du patin, de l'escalades etc..GRATUIT ! du 24 d\u00e9cembre 2014 au 4 janvier 2015 Parvis de l'H\u00f4tel de Ville (4e) une patinoire\u00a0\u00e0 partir du 17 d\u00e9cembre\u2026","rel":"","context":"Dans &quot;Familles&quot;","block_context":{"text":"Familles","link":"http:\/\/www.letourismeaparis.fr\/index.php\/category\/familles\/"},"img":{"alt_text":"","src":"","width":0,"height":0},"classes":[]},{"id":12387,"url":"http:\/\/www.letourismeaparis.fr\/index.php\/2013\/01\/05\/patinez-a-paris-a-lhotel-de-ville-sur-les-champs-elysees-au-grand-palis\/","url_meta":{"origin":19260,"position":3},"title":"Patinez \u00e0 Paris  jusqu&#039;au 6 janvier au Grand Palais &#8230;..","author":"Fabienne TM","date":"5 janvier 2013","format":false,"excerpt":"Le Grand-Palais des Glaces La plus grande patinoire jamais cr\u00e9\u00e9e en France accueille tous les jours, sportifs, amateurs ou simples visiteurs .L\u2019\u00e9v\u00e9nement sera ponctu\u00e9 d\u2019animations (spectacles sur glace, soir\u00e9es avec DJ ) et de happenings, (\u00e9missions de radio ou plateaux de t\u00e9l\u00e9vision en direct de la Patinoire) qui participeront \u00e0\u2026","rel":"","context":"Dans &quot;Non class\u00e9&quot;","block_context":{"text":"Non class\u00e9","link":"http:\/\/www.letourismeaparis.fr\/index.php\/category\/non-classe\/"},"img":{"alt_text":"","src":"https:\/\/i0.wp.com\/www.letourismeaparis.fr\/wp-content\/uploads\/2013\/01\/Photo0118-300x225.jpg?resize=350%2C200","width":350,"height":200},"classes":[]},{"id":1224,"url":"http:\/\/www.letourismeaparis.fr\/index.php\/2009\/01\/01\/patinez-a-paris\/","url_meta":{"origin":19260,"position":4},"title":"Patinez \u00e0 Paris&#8230;.","author":"Fabienne TM","date":"1 janvier 2009","format":false,"excerpt":"www.letourismeaparis.fr jusqu' au 1er mars 2009 la Mairie de Paris\u00a0 installe deux patinoires de plein air :vous trouverez, place de l\u2019H\u00f4tel de Ville ,deux patinoires (pour les grands et pour les petits)\u00a0 Montparnasse accueille une patinoire . Un tipi sera d\u00e9ploy\u00e9 sur chaque site. Des moniteurs dipl\u00f4m\u00e9s\u00a0 assurent\u00a0 une mission\u2026","rel":"","context":"Dans &quot;Non class\u00e9&quot;","block_context":{"text":"Non class\u00e9","link":"http:\/\/www.letourismeaparis.fr\/index.php\/category\/non-classe\/"},"img":{"alt_text":"","src":"https:\/\/i0.wp.com\/www.letourismeaparis.fr\/wp-content\/uploads\/2008\/12\/p1020458-300x225.jpg?resize=350%2C200","width":350,"height":200},"classes":[]},{"id":19281,"url":"http:\/\/www.letourismeaparis.fr\/index.php\/2016\/12\/17\/la-patinoire-de-la-tour-eiffel-2016-2017-du-15-decembre-2016-au-19-fevrier-2017\/","url_meta":{"origin":19260,"position":5},"title":"La patinoire de la Tour Eiffel 2016-2017  du 15 d\u00e9cembre 2016 au 19 f\u00e9vrier 2017.","author":"Fabienne TM","date":"17 d\u00e9cembre 2016","format":false,"excerpt":"fel Au premier \u00e9tage de la Tour Eiffel, une patinoire d'environ 200m\u00b2 est de retour, Des sessions d'initiation au hockey vous seront propos\u00e9s gratuitement, en partenariat avec la F\u00e9d\u00e9ration Fran\u00e7aise de Hockey sur Glace. Des entraineurs de clubs vous initieront aux techniques de patinage, au maniement du mat\u00e9riel, ou encore\u2026","rel":"","context":"Dans &quot;Non class\u00e9&quot;","block_context":{"text":"Non class\u00e9","link":"http:\/\/www.letourismeaparis.fr\/index.php\/category\/non-classe\/"},"img":{"alt_text":"","src":"","width":0,"height":0},"classes":[]}],"jetpack_sharing_enabled":true,"jetpack_likes_enabled":true,"_links":{"self":[{"href":"http:\/\/www.letourismeaparis.fr\/index.php\/wp-json\/wp\/v2\/posts\/19260","targetHints":{"allow":["GET"]}}],"collection":[{"href":"http:\/\/www.letourismeaparis.fr\/index.php\/wp-json\/wp\/v2\/posts"}],"about":[{"href":"http:\/\/www.letourismeaparis.fr\/index.php\/wp-json\/wp\/v2\/types\/post"}],"author":[{"embeddable":true,"href":"http:\/\/www.letourismeaparis.fr\/index.php\/wp-json\/wp\/v2\/users\/2"}],"replies":[{"embeddable":true,"href":"http:\/\/www.letourismeaparis.fr\/index.php\/wp-json\/wp\/v2\/comments?post=19260"}],"version-history":[{"count":0,"href":"http:\/\/www.letourismeaparis.fr\/index.php\/wp-json\/wp\/v2\/posts\/19260\/revisions"}],"wp:attachment":[{"href":"http:\/\/www.letourismeaparis.fr\/index.php\/wp-json\/wp\/v2\/media?parent=19260"}],"wp:term":[{"taxonomy":"category","embeddable":true,"href":"http:\/\/www.letourismeaparis.fr\/index.php\/wp-json\/wp\/v2\/categories?post=19260"},{"taxonomy":"post_tag","embeddable":true,"href":"http:\/\/www.letourismeaparis.fr\/index.php\/wp-json\/wp\/v2\/tags?post=19260"}],"curies":[{"name":"wp","href":"https:\/\/api.w.org\/{rel}","templated":true}]}}