{"id":19281,"date":"2016-12-17T16:34:18","date_gmt":"2016-12-17T14:34:18","guid":{"rendered":"http:\/\/www.letourismeaparis.fr\/?p=19281"},"modified":"2016-12-17T16:34:18","modified_gmt":"2016-12-17T14:34:18","slug":"la-patinoire-de-la-tour-eiffel-2016-2017-du-15-decembre-2016-au-19-fevrier-2017","status":"publish","type":"post","link":"http:\/\/www.letourismeaparis.fr\/index.php\/2016\/12\/17\/la-patinoire-de-la-tour-eiffel-2016-2017-du-15-decembre-2016-au-19-fevrier-2017\/","title":{"rendered":"La patinoire de la Tour Eiffel 2016-2017  du 15 d\u00e9cembre 2016 au 19 f\u00e9vrier 2017."},"content":{"rendered":"<p>fel<br \/>\nAu premier \u00e9tage de la Tour Eiffel, une patinoire d&rsquo;environ 200m\u00b2 est de retour,<br \/>\nDes sessions d&rsquo;initiation au hockey vous seront propos\u00e9s gratuitement, en partenariat avec la F\u00e9d\u00e9ration Fran\u00e7aise de Hockey sur Glace.<!--more--><br \/>\nDes entraineurs de clubs vous initieront aux techniques de patinage, au maniement du mat\u00e9riel, ou encore aux r\u00e8gles d&rsquo;arbitrage.<br \/>\n&nbsp;<br \/>\nLes sessions seront propos\u00e9es en d\u00e9but d&rsquo;apr\u00e8s-midi 4 jours par semaine pendant les vacances de No\u00ebl, puis ensuite les mercredis et samedis.<br \/>\nEn dehors des sessions consacr\u00e9es au hockey, la patinoire accueillera tous les jours &#8211; de 10h30 \u00e0 22h30 &#8211; tous ceux qui veulent vivre un moment inoubliable et insolite \u00e0 la tour Eiffel.<br \/>\n&nbsp;<br \/>\nTour Eiffel<br \/>\n10h30-22h30 tous les jours en hiver<br \/>\nAcc\u00e8s gratuit pour les visiteurs de la Tour munis de billets<br \/>\nLes patins sont pr\u00eat\u00e9s (les patins personnels ne sont pas autoris\u00e9s)<br \/>\nLe port de gants est obligatoire<br \/>\nSessions de hockey gratuites<br \/>\n(acc\u00e8s en fonction des places disponibles &#8211; pas de r\u00e9servation)<br \/>\nDu 17\/12 au 02\/01 : les lundis, mercredis, vendredis et samedis de 14h \u00e0 16h<br \/>\n(sauf 24\/12 et 31\/12)<br \/>\nDu 03\/01 au 19\/02 : les mercredis et samedis de 14h \u00e0 16h<\/p>\n","protected":false},"excerpt":{"rendered":"<p>fel Au premier \u00e9tage de la Tour Eiffel, une patinoire d&rsquo;environ 200m\u00b2 est de retour, Des sessions d&rsquo;initiation au hockey vous seront propos\u00e9s gratuitement, en partenariat avec la F\u00e9d\u00e9ration Fran\u00e7aise de Hockey sur Glace.<\/p>\n","protected":false},"author":2,"featured_media":0,"comment_status":"open","ping_status":"open","sticky":false,"template":"","format":"standard","meta":{"ngg_post_thumbnail":0,"jetpack_post_was_ever_published":false,"_jetpack_newsletter_access":"","footnotes":""},"categories":[1],"tags":[],"class_list":["post-19281","post","type-post","status-publish","format-standard","hentry","category-non-classe"],"jetpack_featured_media_url":"","jetpack-related-posts":[{"id":9183,"url":"http:\/\/www.letourismeaparis.fr\/index.php\/2010\/01\/02\/les-patinoires-en-plein-air-a-paris\/","url_meta":{"origin":19281,"position":0},"title":"Les patinoires en plein air \u00e0 Paris","author":"Fabienne TM","date":"2 janvier 2010","format":false,"excerpt":"Les patinoires en plein air \u00e0 Paris Patinoire \u00e0 H\u00f4tel de Ville jusqu'au dimanche 27 f\u00e9vrier 2011,\u00a0 deux patinoires seront\u00a0 install\u00e9es , une piste de luge et une petite patinoire sont \u00e9galement pr\u00e9vues. M\u00e9tro H\u00f4tel de Ville Acc\u00e8s gratuit Du lundi au vendredi de 12h \u00e0 22h et les samedis,\u2026","rel":"","context":"Dans &quot;Non class\u00e9&quot;","block_context":{"text":"Non class\u00e9","link":"http:\/\/www.letourismeaparis.fr\/index.php\/category\/non-classe\/"},"img":{"alt_text":"","src":"","width":0,"height":0},"classes":[]},{"id":12387,"url":"http:\/\/www.letourismeaparis.fr\/index.php\/2013\/01\/05\/patinez-a-paris-a-lhotel-de-ville-sur-les-champs-elysees-au-grand-palis\/","url_meta":{"origin":19281,"position":1},"title":"Patinez \u00e0 Paris  jusqu&#039;au 6 janvier au Grand Palais &#8230;..","author":"Fabienne TM","date":"5 janvier 2013","format":false,"excerpt":"Le Grand-Palais des Glaces La plus grande patinoire jamais cr\u00e9\u00e9e en France accueille tous les jours, sportifs, amateurs ou simples visiteurs .L\u2019\u00e9v\u00e9nement sera ponctu\u00e9 d\u2019animations (spectacles sur glace, soir\u00e9es avec DJ ) et de happenings, (\u00e9missions de radio ou plateaux de t\u00e9l\u00e9vision en direct de la Patinoire) qui participeront \u00e0\u2026","rel":"","context":"Dans &quot;Non class\u00e9&quot;","block_context":{"text":"Non class\u00e9","link":"http:\/\/www.letourismeaparis.fr\/index.php\/category\/non-classe\/"},"img":{"alt_text":"","src":"https:\/\/i0.wp.com\/www.letourismeaparis.fr\/wp-content\/uploads\/2013\/01\/Photo0118-300x225.jpg?resize=350%2C200","width":350,"height":200},"classes":[]},{"id":11348,"url":"http:\/\/www.letourismeaparis.fr\/index.php\/2011\/12\/27\/une-patinoire-a-la-tour-eiffel\/","url_meta":{"origin":19281,"position":2},"title":"Une patinoire \u00e0 la tour Eiffel","author":"Fabienne TM","date":"27 d\u00e9cembre 2011","format":false,"excerpt":"jusqu' au 1 f\u00e9vrier 2012 La Tour Eiffel accueille une patinoire \u00e0 son premier \u00e9tage install\u00e9e \u00e0 57 m\u00e8tres de hauteur au-dessus des toits de Paris\u2026 Les visiteurs\u00a0 pourront faire, \u00e0 titre gracieux, des acrobaties et des glissades sur sa patinoire de 200 m\u00b2,\u00a0 dans une ambiance\u00a0 festive. Au fil\u2026","rel":"","context":"Dans &quot;Non class\u00e9&quot;","block_context":{"text":"Non class\u00e9","link":"http:\/\/www.letourismeaparis.fr\/index.php\/category\/non-classe\/"},"img":{"alt_text":"","src":"","width":0,"height":0},"classes":[]},{"id":19615,"url":"http:\/\/www.letourismeaparis.fr\/index.php\/2017\/03\/22\/le-longines-paris-eiffel-jumping\/","url_meta":{"origin":19281,"position":3},"title":"le Longines Paris Eiffel Jumping,","author":"Fabienne TM","date":"22 mars 2017","format":false,"excerpt":"Les 30 juin, 1er et 2 juillet 2017, le Longines Paris Eiffel Jumping, comp\u00e9tition 5* de saut d\u2019obstacles, retrouvera le Champ de Mars de Paris. Ouverte \u00e0 tous, la 8\u00e8me \u00e9tape, d\u00e9sormais embl\u00e9matique du circuit international du LONGINES GLOBAL CHAMPIONS TOUR ET GLOBAL CHAMPIONS LEAGUE r\u00e9unira les meilleurs cavaliers du\u2026","rel":"","context":"Dans &quot;Non class\u00e9&quot;","block_context":{"text":"Non class\u00e9","link":"http:\/\/www.letourismeaparis.fr\/index.php\/category\/non-classe\/"},"img":{"alt_text":"","src":"","width":0,"height":0},"classes":[]},{"id":5939,"url":"http:\/\/www.letourismeaparis.fr\/index.php\/2010\/01\/03\/des-patinoires-gratuites-a-paris\/","url_meta":{"origin":19281,"position":4},"title":"Des patinoires gratuites \u00e0 Paris&#8230;.","author":"Fabienne TM","date":"3 janvier 2010","format":false,"excerpt":"Du 18 d\u00e9cembre au 6 mars 2010, la Mairie de Parisi installe deux patinoires de plein air \u00e0 L\u2019une sur le Parvis de l\u2019H\u00f4tel de Ville et la seconde sur le Parvis de la gare Montparnasse L\u2019acc\u00e8s des patinoires est gratuit et la location de patins est de 5\u20ac. Des\u2026","rel":"","context":"Dans &quot;Non class\u00e9&quot;","block_context":{"text":"Non class\u00e9","link":"http:\/\/www.letourismeaparis.fr\/index.php\/category\/non-classe\/"},"img":{"alt_text":"","src":"","width":0,"height":0},"classes":[]},{"id":23832,"url":"http:\/\/www.letourismeaparis.fr\/index.php\/2019\/11\/24\/une-patinoire-sur-le-toit-des-galeries-lafayette\/","url_meta":{"origin":19281,"position":5},"title":"Une patinoire sur le toit des Galeries Lafayette","author":"Fabienne TM","date":"24 novembre 2019","format":false,"excerpt":"\u00c0 l\u2019occasion de La Ruche de No\u00ebl, vivez les sensations d\u2019une abeille qui vole et glisse sur les toits de Paris ! Les Galeries Lafayette Paris Haussmann installent pour la premi\u00e8re fois sur le toit-terrasse du magasin une extraordinaire patinoire de 176m2. Vous pourrez filer sur la glace tout en\u2026","rel":"","context":"Dans &quot;Non class\u00e9&quot;","block_context":{"text":"Non class\u00e9","link":"http:\/\/www.letourismeaparis.fr\/index.php\/category\/non-classe\/"},"img":{"alt_text":"","src":"https:\/\/i0.wp.com\/www.letourismeaparis.fr\/wp-content\/uploads\/2019\/11\/Capture-d%E2%80%99e%CC%81cran-2019-11-24-a%CC%80-15.52.47.png?resize=350%2C200","width":350,"height":200,"srcset":"https:\/\/i0.wp.com\/www.letourismeaparis.fr\/wp-content\/uploads\/2019\/11\/Capture-d%E2%80%99e%CC%81cran-2019-11-24-a%CC%80-15.52.47.png?resize=350%2C200 1x, https:\/\/i0.wp.com\/www.letourismeaparis.fr\/wp-content\/uploads\/2019\/11\/Capture-d%E2%80%99e%CC%81cran-2019-11-24-a%CC%80-15.52.47.png?resize=525%2C300 1.5x"},"classes":[]}],"jetpack_sharing_enabled":true,"jetpack_likes_enabled":true,"_links":{"self":[{"href":"http:\/\/www.letourismeaparis.fr\/index.php\/wp-json\/wp\/v2\/posts\/19281","targetHints":{"allow":["GET"]}}],"collection":[{"href":"http:\/\/www.letourismeaparis.fr\/index.php\/wp-json\/wp\/v2\/posts"}],"about":[{"href":"http:\/\/www.letourismeaparis.fr\/index.php\/wp-json\/wp\/v2\/types\/post"}],"author":[{"embeddable":true,"href":"http:\/\/www.letourismeaparis.fr\/index.php\/wp-json\/wp\/v2\/users\/2"}],"replies":[{"embeddable":true,"href":"http:\/\/www.letourismeaparis.fr\/index.php\/wp-json\/wp\/v2\/comments?post=19281"}],"version-history":[{"count":0,"href":"http:\/\/www.letourismeaparis.fr\/index.php\/wp-json\/wp\/v2\/posts\/19281\/revisions"}],"wp:attachment":[{"href":"http:\/\/www.letourismeaparis.fr\/index.php\/wp-json\/wp\/v2\/media?parent=19281"}],"wp:term":[{"taxonomy":"category","embeddable":true,"href":"http:\/\/www.letourismeaparis.fr\/index.php\/wp-json\/wp\/v2\/categories?post=19281"},{"taxonomy":"post_tag","embeddable":true,"href":"http:\/\/www.letourismeaparis.fr\/index.php\/wp-json\/wp\/v2\/tags?post=19281"}],"curies":[{"name":"wp","href":"https:\/\/api.w.org\/{rel}","templated":true}]}}