{"id":19294,"date":"2017-01-07T12:34:18","date_gmt":"2017-01-07T11:34:18","guid":{"rendered":"http:\/\/www.letourismeaparis.fr\/?p=19294"},"modified":"2017-01-07T12:34:18","modified_gmt":"2017-01-07T11:34:18","slug":"dimanche-8-janvier-2017-17e-traversee-de-paris-les-annees-70-ont-le-vent-en-poupe","status":"publish","type":"post","link":"http:\/\/www.letourismeaparis.fr\/index.php\/2017\/01\/07\/dimanche-8-janvier-2017-17e-traversee-de-paris-les-annees-70-ont-le-vent-en-poupe\/","title":{"rendered":"Dimanche 8 janvier 2017  17e Travers\u00e9e de Paris , Les ann\u00e9es 70 ont le vent en poupe"},"content":{"rendered":"<p><strong>La Travers\u00e9e de Paris hivernale <\/strong>demeure le rassemblement majeur de v\u00e9hicules anciens du d\u00e9but d\u2019ann\u00e9e. Attendue par les passionn\u00e9s, elle rassemble pour chacune de ses \u00e9ditions*, plus de 700 v\u00e9hicules (autos, motos, v\u00e9los, tracteurs, bus, utilitaires l\u00e9gers) dans la capitale.<a href=\"http:\/\/www.letourismeaparis.fr\/wp-content\/uploads\/2016\/12\/Capture-d\u2019e\u0301cran-2016-12-19-a\u0300-11.30.40.png\"><img loading=\"lazy\" decoding=\"async\" class=\"aligncenter size-medium wp-image-19295\" src=\"http:\/\/www.letourismeaparis.fr\/wp-content\/uploads\/2016\/12\/Capture-d\u2019e\u0301cran-2016-12-19-a\u0300-11.30.40-208x300.png\" alt=\"capture-decran-2016-12-19-a-11-30-40\" width=\"208\" height=\"300\"><\/a><br \/>\n<!--more-->Depuis 2016, \u00ab&nbsp;Vincennes en Anciennes&nbsp;\u00bb, organisateur de la manifestation, d\u00e9finit des th\u00e8mes qui retracent l\u2019histoire de l\u2019automobile. Apr\u00e8s les femmes au volant, les d\u00e9parts en vacances, voici les ann\u00e9es 70. Pas question pour autant de rel\u00e9guer les tr\u00e8s anciennes au placard, elles seront toujours l\u00e0, fid\u00e8les au poste, pour illustrer, en roulant, l\u2019histoire de ce patrimoine !<br \/>\n&nbsp;<br \/>\n<strong>&nbsp;<\/strong><br \/>\n<strong>Informations pratiques \u2013 dimanche 8 janvier 2017<\/strong><br \/>\n<strong>D\u00e9part <\/strong>des voitures entre 8h et 8h45 de l\u2019esplanade du ch\u00e2teau de Vincennes.<br \/>\n<strong>Arriv\u00e9e <\/strong>vers 12 h\/12h30 esplanade du ch\u00e2teau de Vincennes o\u00f9 une partie des voitures sera expos\u00e9e jusqu\u2019\u00e0 15h30.<br \/>\n<strong>Renseignements pratiques et\/ou r\u00e9servation dans les bus anciens <\/strong>(dans la limite des places disponibles)<strong>&nbsp;<\/strong><br \/>\n<a href=\"http:\/\/www.vincennesenanciennes.com\">http:\/\/www.vincennesenanciennes.com&nbsp;<\/a><br \/>\n&nbsp;<br \/>\n* Il existe deux Travers\u00e9es par an&nbsp;: une en hiver, d\u00e9but janvier, une en \u00e9t\u00e9, fin juillet ou d\u00e9but ao\u00fbt (celle de 2017 aura lieu le 30 juillet).<\/p>\n","protected":false},"excerpt":{"rendered":"<p>La Travers\u00e9e de Paris hivernale demeure le rassemblement majeur de v\u00e9hicules anciens du d\u00e9but d\u2019ann\u00e9e. Attendue par les passionn\u00e9s, elle rassemble pour chacune de ses \u00e9ditions*, plus de 700 v\u00e9hicules (autos, motos, v\u00e9los, tracteurs, bus, utilitaires l\u00e9gers) dans la capitale.<\/p>\n","protected":false},"author":2,"featured_media":0,"comment_status":"open","ping_status":"open","sticky":false,"template":"","format":"standard","meta":{"ngg_post_thumbnail":0,"jetpack_post_was_ever_published":false,"_jetpack_newsletter_access":"","footnotes":""},"categories":[7,28,48],"tags":[79],"class_list":["post-19294","post","type-post","status-publish","format-standard","hentry","category-automobiles","category-familles","category-sport","tag-automobile"],"jetpack_featured_media_url":"","jetpack-related-posts":[{"id":24331,"url":"http:\/\/www.letourismeaparis.fr\/index.php\/2021\/07\/05\/la-traversee-de-paris-dimanche-25-juillet-en-voitures-de-collection\/","url_meta":{"origin":19294,"position":0},"title":"La travers\u00e9e de Paris dimanche 25 juillet en voitures de collection","author":"Fabienne TM","date":"5 juillet 2021","format":false,"excerpt":"Un patrimoine roulant bien vivant Color\u00e9es, diverses, joyeuses, patrimoniales, ainsi peut-on qualifier les Travers\u00e9es de Paris en v\u00e9hicules d\u2019\u00e9poque. Organis\u00e9e par Vincennes en Anciennes, la Travers\u00e9e qui s\u2019annonce sera, une fois de plus, riche avec ses 700 v\u00e9hicules de plus de trente ans (autos, motos, v\u00e9los, tracteurs, utilitaires l\u00e9gers et\u2026","rel":"","context":"Dans &quot;Automobiles&quot;","block_context":{"text":"Automobiles","link":"http:\/\/www.letourismeaparis.fr\/index.php\/category\/culture\/musees-expositions\/automobiles\/"},"img":{"alt_text":"","src":"","width":0,"height":0},"classes":[]},{"id":17009,"url":"http:\/\/www.letourismeaparis.fr\/index.php\/2015\/08\/02\/dimanche-2-aout-2015-8e-traversee-de-paris-estivale\/","url_meta":{"origin":19294,"position":1},"title":"Dimanche 2 ao\u00fbt 2015  8e Travers\u00e9e de Paris estivale","author":"Fabienne TM","date":"2 ao\u00fbt 2015","format":false,"excerpt":"La Travers\u00e9e de Paris estivale, organis\u00e9e par Vincennes en Anciennes, est le rendez-vous incontournable de l\u2019\u00e9t\u00e9 pour tous les collectionneurs et amateurs de belles m\u00e9caniques. C'est une manifestation joyeuse et d\u00e9contract\u00e9e o\u00f9 seule compte la passion de l'automobile, un moment de partage interg\u00e9n\u00e9rationnel. Chaque voiture \u00e0 une histoire et tout\u2026","rel":"","context":"Dans &quot;Automobiles&quot;","block_context":{"text":"Automobiles","link":"http:\/\/www.letourismeaparis.fr\/index.php\/category\/culture\/musees-expositions\/automobiles\/"},"img":{"alt_text":"","src":"https:\/\/i0.wp.com\/www.letourismeaparis.fr\/wp-content\/uploads\/2015\/07\/Visuel_TdP_Ete_2015_Complet-211x300.png?resize=350%2C200","width":350,"height":200},"classes":[]},{"id":17763,"url":"http:\/\/www.letourismeaparis.fr\/index.php\/2016\/01\/09\/la-traversee-de-paris-en-anciennes-dimanche-10-janvier-2016-de-8h-a-16h\/","url_meta":{"origin":19294,"position":2},"title":"La Travers\u00e9e de Paris  en &quot;anciennes&quot; , dimanche 10 janvier 2016  de 8h \u00e0 16h","author":"Fabienne TM","date":"9 janvier 2016","format":false,"excerpt":"\u00a0 Organis\u00e9e par Vincennes en Anciennes, la travers\u00e9e r\u00e9unira 700 v\u00e9hicules anciens qui partiront de Vincennes pour plus de 28 km dans la capitale, Dimanche 10 janvier 2016, il ne faut louper la Travers\u00e9e de Paris en anciennes, l'un des rendez-vous incontournables de la capitale. une travers\u00e9e qui se terminera\u2026","rel":"","context":"Dans &quot;Automobiles&quot;","block_context":{"text":"Automobiles","link":"http:\/\/www.letourismeaparis.fr\/index.php\/category\/culture\/musees-expositions\/automobiles\/"},"img":{"alt_text":"","src":"https:\/\/i0.wp.com\/www.letourismeaparis.fr\/wp-content\/uploads\/2016\/01\/Affiche_TdP_Hiver_2016_Red-204x300.jpg?resize=350%2C200","width":350,"height":200},"classes":[]},{"id":18481,"url":"http:\/\/www.letourismeaparis.fr\/index.php\/2016\/07\/29\/vincennes-en-anciennes-organise-sa-9e-traversee-de-paris-estivale-avec-des-voitures-de-collection-le-31-juillet\/","url_meta":{"origin":19294,"position":3},"title":"\u00ab Vincennes en Anciennes \u00bb organise sa 9e Travers\u00e9e de Paris estivale avec des voitures de collection le 31 juillet","author":"Fabienne TM","date":"29 juillet 2016","format":false,"excerpt":"L\u2019\u00e9v\u00e9nement accueillera plus de 740 v\u00e9hicules de collection (autos, motos, tracteurs bus et v\u00e9los). Des v\u00e9hicules dont les plus r\u00e9cents datent de 1987. Chaque ann\u00e9e, plus de 100 marques et 200 mod\u00e8les sont repr\u00e9sent\u00e9s dont 90% ont disparu. Vincennes en Anciennes a choisi le th\u00e8me des d\u00e9parts en vacances. Les\u2026","rel":"","context":"Dans &quot;Automobiles&quot;","block_context":{"text":"Automobiles","link":"http:\/\/www.letourismeaparis.fr\/index.php\/category\/culture\/musees-expositions\/automobiles\/"},"img":{"alt_text":"","src":"https:\/\/i0.wp.com\/www.letourismeaparis.fr\/wp-content\/uploads\/2016\/07\/voitures-200x300.jpeg?resize=350%2C200","width":350,"height":200},"classes":[]},{"id":11815,"url":"http:\/\/www.letourismeaparis.fr\/index.php\/2012\/07\/20\/5eme-traversee-de-paris-estivale-dimanche-29-juillet-2012\/","url_meta":{"origin":19294,"position":4},"title":"5\u00e8me Travers\u00e9e de Paris estivale Dimanche 29 juillet 2012","author":"Fabienne TM","date":"20 juillet 2012","format":false,"excerpt":"D\u00e9part esplanade du ch\u00e2teau de Vincennes, balade dans les rues de la capitale avec des regroupements sympathiques et arriv\u00e9e aux terrasses de l'observatoire \u00e0 Meudon pour un pique-nique g\u00e9ant. Nous vous sugg\u00e9rons de porter une tenue blanche en harmonie avec l'\u00e9poque de votre v\u00e9hicule. Comme pour la travers\u00e9e hivernale, un\u2026","rel":"","context":"Dans &quot;Non class\u00e9&quot;","block_context":{"text":"Non class\u00e9","link":"http:\/\/www.letourismeaparis.fr\/index.php\/category\/non-classe\/"},"img":{"alt_text":"","src":"","width":0,"height":0},"classes":[]},{"id":20136,"url":"http:\/\/www.letourismeaparis.fr\/index.php\/2017\/07\/24\/10e-traversee-de-paris-cheveux-au-vent\/","url_meta":{"origin":19294,"position":5},"title":"10e Travers\u00e9e de Paris, cheveux au vent !","author":"Fabienne TM","date":"24 juillet 2017","format":false,"excerpt":"Dimanche 30 juillet 2017, \u00a0 10e Travers\u00e9e de Paris, cheveux au vent\u00a0! Pour ce grand rendez-vous estival des passionn\u00e9s de belles m\u00e9caniques, \u00ab\u00a0Vincennes en Anciennes\u00a0\u00bb a choisi le th\u00e8me des coup\u00e9s, des cabriolets et des motos\u00a0; Fenouil, c\u00e9l\u00e8bre pilote, parrainera cette \u00e9dition. Plus de 700 \u00e9quipages partiront \u00e0 l\u2019assaut de\u2026","rel":"","context":"Dans &quot;Automobiles&quot;","block_context":{"text":"Automobiles","link":"http:\/\/www.letourismeaparis.fr\/index.php\/category\/culture\/musees-expositions\/automobiles\/"},"img":{"alt_text":"","src":"","width":0,"height":0},"classes":[]}],"jetpack_sharing_enabled":true,"jetpack_likes_enabled":true,"_links":{"self":[{"href":"http:\/\/www.letourismeaparis.fr\/index.php\/wp-json\/wp\/v2\/posts\/19294","targetHints":{"allow":["GET"]}}],"collection":[{"href":"http:\/\/www.letourismeaparis.fr\/index.php\/wp-json\/wp\/v2\/posts"}],"about":[{"href":"http:\/\/www.letourismeaparis.fr\/index.php\/wp-json\/wp\/v2\/types\/post"}],"author":[{"embeddable":true,"href":"http:\/\/www.letourismeaparis.fr\/index.php\/wp-json\/wp\/v2\/users\/2"}],"replies":[{"embeddable":true,"href":"http:\/\/www.letourismeaparis.fr\/index.php\/wp-json\/wp\/v2\/comments?post=19294"}],"version-history":[{"count":0,"href":"http:\/\/www.letourismeaparis.fr\/index.php\/wp-json\/wp\/v2\/posts\/19294\/revisions"}],"wp:attachment":[{"href":"http:\/\/www.letourismeaparis.fr\/index.php\/wp-json\/wp\/v2\/media?parent=19294"}],"wp:term":[{"taxonomy":"category","embeddable":true,"href":"http:\/\/www.letourismeaparis.fr\/index.php\/wp-json\/wp\/v2\/categories?post=19294"},{"taxonomy":"post_tag","embeddable":true,"href":"http:\/\/www.letourismeaparis.fr\/index.php\/wp-json\/wp\/v2\/tags?post=19294"}],"curies":[{"name":"wp","href":"https:\/\/api.w.org\/{rel}","templated":true}]}}