{"id":19341,"date":"2017-02-13T19:59:20","date_gmt":"2017-02-13T18:59:20","guid":{"rendered":"http:\/\/www.letourismeaparis.fr\/?p=19341"},"modified":"2017-02-13T19:59:20","modified_gmt":"2017-02-13T18:59:20","slug":"visitez-lopera-bastille-ou-lopera-garnier","status":"publish","type":"post","link":"http:\/\/www.letourismeaparis.fr\/index.php\/2017\/02\/13\/visitez-lopera-bastille-ou-lopera-garnier\/","title":{"rendered":"Visitez l&#039;Op\u00e9ra Bastille ou l&#039;Op\u00e9ra Garnier"},"content":{"rendered":"<p>&nbsp;<br \/>\nVisites guid\u00e9es de l&rsquo;Op\u00e9ra Bastille<br \/>\nVisite guid\u00e9e en fran\u00e7ais<br \/>\nL\u2019Op\u00e9ra national de Paris propose des visites des coulisses de l\u2019Op\u00e9ra Bastille.<!--more--><br \/>\nElles s\u2019articulent autour de deux temps forts : la visite des espaces publics et la d\u00e9couverte des coulisses. Les visites des coulisses de l\u2019Op\u00e9ra Bastille durent 1h30.<br \/>\n&nbsp;<br \/>\nLes visites guid\u00e9es comprennent la visite g\u00e9n\u00e9rale du th\u00e9\u00e2tre avec pr\u00e9sentation de son histoire, de son architecture et de ses diff\u00e9rentes activit\u00e9s. Le billet d\u2019entr\u00e9e comprend l\u2019acc\u00e8s aux espaces publics et professionnels dont notamment : les foyers publics, la grande salle de spectacle et les espaces sc\u00e9niques du th\u00e9\u00e2tre.<br \/>\n&nbsp;<br \/>\nL\u2019acc\u00e8s \u00e0 la salle de spectacle, salle de montage et ateliers peut-\u00eatre restreint ou rendu impossible pour des raisons techniques et\/ou artistiques.<br \/>\n&nbsp;<br \/>\nJeudi 29 d\u00e9cembre \u00e0 17h00<br \/>\nVendredi 30 d\u00e9cembre \u00e0 17h00<!--more--><br \/>\n&nbsp;<br \/>\n<strong>Op\u00e9ra Garnier<\/strong><br \/>\n&nbsp;<br \/>\nPar t\u00e9l\u00e9phone au 0 892 89 90 90) du lundi au vendredi de 9h \u00e0 18h et le samedi de 9h \u00e0 13h.<br \/>\nAcc\u00e8s aux espaces publics dont notamment :<br \/>\nLa Biblioth\u00e8que-Mus\u00e9e de l\u2019Op\u00e9ra (Biblioth\u00e8que nationale de France, collection permanente, maquette de d\u00e9cors, \u0153uvres d\u2019art), la Rotonde des Abonn\u00e9s et le Bassin de la Pythie, le Grand Escalier, le Grand Foyer et l\u2019Avant Foyer, les Salons de la lune et du soleil, la Rotonde du Glacier et ses tapisseries.<br \/>\nL\u2019acc\u00e8s \u00e0 la salle de spectacle peut-\u00eatre restreint ou rendu impossible pour des raisons techniques et\/ou artistiques. Le billet de visite donne \u00e9galement acc\u00e8s aux expositions temporaires s&rsquo;il y a lieu.<br \/>\nhttps:\/\/www.operadeparis.fr\/visites\/palais-garnier\/informations-pratiques<br \/>\nOp\u00e9ra national de Paris &#8211; Palais Garnier<br \/>\nEntr\u00e9e du Palais Garnier<br \/>\nAngle rues Scribe et Auber<br \/>\n75009 Paris<br \/>\n&nbsp;<br \/>\n&nbsp;<\/p>\n","protected":false},"excerpt":{"rendered":"<p>&nbsp; Visites guid\u00e9es de l&rsquo;Op\u00e9ra Bastille Visite guid\u00e9e en fran\u00e7ais L\u2019Op\u00e9ra national de Paris propose des visites des coulisses de l\u2019Op\u00e9ra Bastille.<\/p>\n","protected":false},"author":2,"featured_media":0,"comment_status":"open","ping_status":"open","sticky":false,"template":"","format":"standard","meta":{"ngg_post_thumbnail":0,"jetpack_post_was_ever_published":false,"_jetpack_newsletter_access":"","footnotes":""},"categories":[28],"tags":[268],"class_list":["post-19341","post","type-post","status-publish","format-standard","hentry","category-familles","tag-opera"],"jetpack_featured_media_url":"","jetpack-related-posts":[{"id":16656,"url":"http:\/\/www.letourismeaparis.fr\/index.php\/2015\/05\/10\/tous-a-lopera-dimanche-10-mai\/","url_meta":{"origin":19341,"position":0},"title":"Tous \u00e0 l&#039;Op\u00e9ra dimanche 10 mai !","author":"Fabienne TM","date":"10 mai 2015","format":false,"excerpt":"Op\u00e9ra Bastille , Op\u00e9ra Garnier, Op\u00e9ra Comique Dimanche 10 mai Palais Garnier (Place de l\u2019Op\u00e9ra Paris 75009) 10h \u00e0 16h (dernier acc\u00e8s) - Visites libres et gratuites Op\u00e9ra Bastille 12h Amphith\u00e9\u00e2tre Projection du film des ballets de Balanchine et Millepied, direction musicale Philippe Jordan et sc\u00e9nographie Daniel Buren (mai 2014)\u2026","rel":"","context":"Dans &quot;Non class\u00e9&quot;","block_context":{"text":"Non class\u00e9","link":"http:\/\/www.letourismeaparis.fr\/index.php\/category\/non-classe\/"},"img":{"alt_text":"","src":"","width":0,"height":0},"classes":[]},{"id":10230,"url":"http:\/\/www.letourismeaparis.fr\/index.php\/2011\/05\/06\/tous-a-lopera-les-7-et-8-mai-2011\/","url_meta":{"origin":19341,"position":1},"title":"Tous \u00e0 l\u2019Op\u00e9ra ! les 7 et 8 mai 2011","author":"Fabienne TM","date":"6 mai 2011","format":false,"excerpt":"Vingt-neuf op\u00e9ras ouvrent leurs portes gratuitement \u00e0 tous dans toute la France, dans le cadre des Journ\u00e9es europ\u00e9ennes de l\u2019op\u00e9ra. Op\u00e9ra National de Paris : le Palais Garnier et l\u2019Op\u00e9ra Bastille L\u2019Op\u00e9ra national de Paris ouvre les portes de ses deux th\u00e9\u00e2tres. Samedi 7 mai 2011, de 9h \u00e0 21h\u2026","rel":"","context":"Dans &quot;Non class\u00e9&quot;","block_context":{"text":"Non class\u00e9","link":"http:\/\/www.letourismeaparis.fr\/index.php\/category\/non-classe\/"},"img":{"alt_text":"","src":"","width":0,"height":0},"classes":[]},{"id":2821,"url":"http:\/\/www.letourismeaparis.fr\/index.php\/2009\/05\/06\/tous-a-lopera-samedi-9-mai\/","url_meta":{"origin":19341,"position":2},"title":"Tous \u00e0 l&#039;Op\u00e9ra samedi 9 mai !","author":"Fabienne TM","date":"6 mai 2009","format":false,"excerpt":"L'Op\u00e9ra de Massy, l'Op\u00e9ra Garnier, l'Op\u00e9ra Bastille, l'Op\u00e9ra comique , la P\u00e9niche Op\u00e9ra et biens d'autres vous attendent samedi 9 Mai pour des visites, spectacles, films parfois sur inscription . Op\u00e9ra de Massy : Th\u00e8me de la journ\u00e9e : Faust, quand un op\u00e9ra se pr\u00e9pare \u00e0 l\u2019Op\u00e9ra de Massy de\u2026","rel":"","context":"Dans &quot;Non class\u00e9&quot;","block_context":{"text":"Non class\u00e9","link":"http:\/\/www.letourismeaparis.fr\/index.php\/category\/non-classe\/"},"img":{"alt_text":"","src":"","width":0,"height":0},"classes":[]},{"id":20961,"url":"http:\/\/www.letourismeaparis.fr\/index.php\/2018\/05\/04\/tous-a-lopera\/","url_meta":{"origin":19341,"position":3},"title":"Tous \u00e0 l&#039;Op\u00e9ra !","author":"Fabienne TM","date":"4 mai 2018","format":false,"excerpt":"21 maisons d\u2019op\u00e9ra dont 3 en PACA vous ouvrent leurs portes gratuitement . Op\u00e9ra national de Paris Programme du samedi 5 mai De 10h \u00e0 17h : entr\u00e9e libre et gratuite* au Palais Garnier Entr\u00e9e par la Fa\u00e7ade 11h - 13h et 14h30 - 17h Rotonde du Glacier \u00a0 Atelier\u2026","rel":"","context":"Dans &quot;Actualit\u00e9s&quot;","block_context":{"text":"Actualit\u00e9s","link":"http:\/\/www.letourismeaparis.fr\/index.php\/category\/actualite\/"},"img":{"alt_text":"","src":"","width":0,"height":0},"classes":[]},{"id":8531,"url":"http:\/\/www.letourismeaparis.fr\/index.php\/2010\/09\/16\/journees-du-patrimoine-2009-dans-le-2e-arrondissement\/","url_meta":{"origin":19341,"position":4},"title":"Journ\u00e9es du patrimoine 2009 dans le 2e arrondissement","author":"Fabienne TM","date":"16 septembre 2010","format":false,"excerpt":"Tour Jean Sans Peur, Le Grand Rex , Th\u00e9\u00e2tre national de l\u2019Op\u00e9ra Comique Showroom Tassinari & Chatel Atelier de Joaillerie Mellerio Tour Jean Sans Peur D\u00e9couverte comment\u00e9e de la tour Jean sans Peur et \u00e9vocation du Palais disparu des grands ducs de Bourgogne La visite se poursuit par un acc\u00e8s\u2026","rel":"","context":"Dans &quot;Non class\u00e9&quot;","block_context":{"text":"Non class\u00e9","link":"http:\/\/www.letourismeaparis.fr\/index.php\/category\/non-classe\/"},"img":{"alt_text":"","src":"","width":0,"height":0},"classes":[]},{"id":18198,"url":"http:\/\/www.letourismeaparis.fr\/index.php\/2016\/05\/08\/tous-a-lopera-dimanche-8-mai-a-massy\/","url_meta":{"origin":19341,"position":5},"title":"Tous \u00e0 l&#039;Op\u00e9ra dimanche 8 mai \u00e0 Massy","author":"Fabienne TM","date":"8 mai 2016","format":false,"excerpt":"10e \u00e9dition de Tous \u00e0 l\u2019Op\u00e9ra ! Le samedi 7 et le dimanche 8 mai 2016, 25 maisons d\u2019op\u00e9ra ouvrent leurs portes gratuitement en France pour la 10e \u00e9dition de Tous \u00e0 l\u2019Op\u00e9ra ! La R\u00e9union des Op\u00e9ras de France (ROF), en partenariat avec Opera Europa et RESEO, invite le\u2026","rel":"","context":"Dans &quot;Non class\u00e9&quot;","block_context":{"text":"Non class\u00e9","link":"http:\/\/www.letourismeaparis.fr\/index.php\/category\/non-classe\/"},"img":{"alt_text":"","src":"","width":0,"height":0},"classes":[]}],"jetpack_sharing_enabled":true,"jetpack_likes_enabled":true,"_links":{"self":[{"href":"http:\/\/www.letourismeaparis.fr\/index.php\/wp-json\/wp\/v2\/posts\/19341","targetHints":{"allow":["GET"]}}],"collection":[{"href":"http:\/\/www.letourismeaparis.fr\/index.php\/wp-json\/wp\/v2\/posts"}],"about":[{"href":"http:\/\/www.letourismeaparis.fr\/index.php\/wp-json\/wp\/v2\/types\/post"}],"author":[{"embeddable":true,"href":"http:\/\/www.letourismeaparis.fr\/index.php\/wp-json\/wp\/v2\/users\/2"}],"replies":[{"embeddable":true,"href":"http:\/\/www.letourismeaparis.fr\/index.php\/wp-json\/wp\/v2\/comments?post=19341"}],"version-history":[{"count":0,"href":"http:\/\/www.letourismeaparis.fr\/index.php\/wp-json\/wp\/v2\/posts\/19341\/revisions"}],"wp:attachment":[{"href":"http:\/\/www.letourismeaparis.fr\/index.php\/wp-json\/wp\/v2\/media?parent=19341"}],"wp:term":[{"taxonomy":"category","embeddable":true,"href":"http:\/\/www.letourismeaparis.fr\/index.php\/wp-json\/wp\/v2\/categories?post=19341"},{"taxonomy":"post_tag","embeddable":true,"href":"http:\/\/www.letourismeaparis.fr\/index.php\/wp-json\/wp\/v2\/tags?post=19341"}],"curies":[{"name":"wp","href":"https:\/\/api.w.org\/{rel}","templated":true}]}}