{"id":19519,"date":"2017-02-24T17:28:49","date_gmt":"2017-02-24T16:28:49","guid":{"rendered":"http:\/\/www.letourismeaparis.fr\/?p=19519"},"modified":"2017-02-24T17:28:49","modified_gmt":"2017-02-24T16:28:49","slug":"expo-photo-magnum-ratp-station-bir-hakeim","status":"publish","type":"post","link":"http:\/\/www.letourismeaparis.fr\/index.php\/2017\/02\/24\/expo-photo-magnum-ratp-station-bir-hakeim\/","title":{"rendered":"Expo photo Magnum\/ RATP station Bir-Hakeim"},"content":{"rendered":"<p>A partir du 28 f\u00e9vrier, les 174 images de l\u2019exposition photo Magnum\/ RATP \u00abLa ville en Histoire(s)\u00bb seront visibles dans 11 gares et stations du r\u00e9seau, notamment \u00e0 la station de m\u00e9tro Bir-Hakeim (ligne 6).<a href=\"http:\/\/www.letourismeaparis.fr\/wp-content\/uploads\/2017\/02\/Capture-d\u2019e\u0301cran-2017-02-24-a\u0300-17.24.37.png\"><img loading=\"lazy\" decoding=\"async\" class=\"aligncenter size-full wp-image-19520\" src=\"http:\/\/www.letourismeaparis.fr\/wp-content\/uploads\/2017\/02\/Capture-d\u2019e\u0301cran-2017-02-24-a\u0300-17.24.37.png\" alt=\"Capture d\u2019e\u0301cran 2017-02-24 a\u0300 17.24.37\" width=\"224\" height=\"161\"><\/a><br \/>\n&nbsp;<br \/>\nCr\u00e9dits photo : Jardin des Tuileries, Paris, France, 2016 Immersion, Fondation d&rsquo;Entreprise Herm\u00e8s \/ Aperture Foundation \u00a9 Alessandra Sanguinetti \/ Magnum Photos<!--more--><br \/>\n&nbsp;Les autres stations concern\u00e9es sont Gare de Lyon, H\u00f4tel de Ville, Jaur\u00e8s, La Chapelle, Luxembourg, Madeleine, Nanterre Universit\u00e9, Pyramides, Saint-Michel et Saint-Denis Porte de Paris.<br \/>\nLa RATP proposera \u00e9galement:<!--more--><br \/>\n&#8211; une version virtuelle de l\u2019exposition sur son site <a href=\"http:\/\/www.ratp.fr\/expophoto\/\">http:\/\/www.ratp.fr\/expophoto\/<\/a><br \/>\n&nbsp;<br \/>\n&#8211; des extraits de l\u2019exposition sur ses comptes Facebook @RATPofficiel et Instagram <a href=\"https:\/\/www.instagram.com\/ratp\/\">https:\/\/www.instagram.com\/ratp\/<\/a><br \/>\n&nbsp;<br \/>\n&nbsp;<\/p>\n","protected":false},"excerpt":{"rendered":"<p>A partir du 28 f\u00e9vrier, les 174 images de l\u2019exposition photo Magnum\/ RATP \u00abLa ville en Histoire(s)\u00bb seront visibles dans 11 gares et stations du r\u00e9seau, notamment \u00e0 la station de m\u00e9tro Bir-Hakeim (ligne 6). &nbsp; Cr\u00e9dits photo : Jardin&#8230;<\/p>\n","protected":false},"author":2,"featured_media":0,"comment_status":"open","ping_status":"open","sticky":false,"template":"","format":"standard","meta":{"ngg_post_thumbnail":0,"jetpack_post_was_ever_published":false,"_jetpack_newsletter_access":"","footnotes":""},"categories":[41],"tags":[228,281],"class_list":["post-19519","post","type-post","status-publish","format-standard","hentry","category-photos","tag-magnum","tag-photos"],"jetpack_featured_media_url":"","jetpack-related-posts":[{"id":15910,"url":"http:\/\/www.letourismeaparis.fr\/index.php\/2015\/01\/27\/les-photographes-de-magnum-photos-exposes-lhotel-de-ville-partir-du-11-decembre\/","url_meta":{"origin":19519,"position":0},"title":"Les photographes de Magnum-Photos expos\u00e9s \u00e0 l&#039;H\u00f4tel de ville","author":"Fabienne TM","date":"27 janvier 2015","format":false,"excerpt":"Depuis quatre-vingts ans,les photographes de MagnumPhotos \u2013 Cartier-Bresson, Capa,Riboud, Parr, Depardon\u2026 \u2013accompagnent de leur regard les m\u00e9tamorphoses de Paris et de ses habitants Un t\u00e9moignage sensible et exigeant, pr\u00e9sent\u00e9 au fil de150 clich\u00e9s, \u00a0jusqu'au 28 mars 2015, \u00e0 l\u2019H\u00f4tel de Ville. En d\u00e9cidant, au lendemain de la Seconde Guerre mondiale,\u2026","rel":"","context":"Dans &quot;Mus\u00e9es \/ Expositions&quot;","block_context":{"text":"Mus\u00e9es \/ Expositions","link":"http:\/\/www.letourismeaparis.fr\/index.php\/category\/culture\/musees-expositions\/"},"img":{"alt_text":"","src":"","width":0,"height":0},"classes":[]},{"id":14266,"url":"http:\/\/www.letourismeaparis.fr\/index.php\/2013\/11\/29\/raymond-depardon-un-grand-photographeau-grand-palais\/","url_meta":{"origin":19519,"position":1},"title":"Raymond Depardon , un grand Photographe,au Grand Palais","author":"Fabienne TM","date":"29 novembre 2013","format":false,"excerpt":"Le Grand Palais consacre une exposition \u00e0 la photographie en couleur dans l\u2019\u0153uvre de Raymond Depardon, depuis ses d\u00e9buts jusqu\u2019\u00e0 aujourd\u2019hui et r\u00e9alis\u00e9e en \u00e9troite collaboration avec l\u2019artiste. Autoportrait au Rolleiflex (pos\u00e9 sur un mur) 1er scooter de marque Italienne \u00ab Rumi \u00bb, \u00e9tiquette de presse sur le garde-boue, Ile\u2026","rel":"","context":"Dans &quot;Mus\u00e9es \/ Expositions&quot;","block_context":{"text":"Mus\u00e9es \/ Expositions","link":"http:\/\/www.letourismeaparis.fr\/index.php\/category\/culture\/musees-expositions\/"},"img":{"alt_text":"","src":"","width":0,"height":0},"classes":[]},{"id":13736,"url":"http:\/\/www.letourismeaparis.fr\/index.php\/2013\/07\/13\/les-transports-a-paris-le-14-juillet-ratp-et-sncf\/","url_meta":{"origin":19519,"position":2},"title":"Les transports \u00e0 Paris le 14 juillet  :  Ratp et Sncf","author":"Fabienne TM","date":"13 juillet 2013","format":false,"excerpt":"RATP. Les derniers m\u00e9tros de toutes les lignes arriveront \u00e0 leur terminus \u00e0 2 h 15, dans la nuit du 14 au 15. En revanche, certaines stations et acc\u00e8s au m\u00e9tro et au RER seront momentan\u00e9ment ferm\u00e9s pendant la journ\u00e9e en raison du d\u00e9fil\u00e9. Lignes 1, 8, 12 : station\u2026","rel":"","context":"Dans &quot;Non class\u00e9&quot;","block_context":{"text":"Non class\u00e9","link":"http:\/\/www.letourismeaparis.fr\/index.php\/category\/non-classe\/"},"img":{"alt_text":"","src":"","width":0,"height":0},"classes":[]},{"id":12566,"url":"http:\/\/www.letourismeaparis.fr\/index.php\/2013\/01\/13\/les-transports-dans-paris-le-13-janvier-certaines-stations-seront-fermees-ratp-rer-les-parcours-actualises\/","url_meta":{"origin":19519,"position":3},"title":"Les transports dans Paris le 13 janvier : certaines stations seront ferm\u00e9es( ratp, rer), les parcours actualis\u00e9s.","author":"Fabienne TM","date":"13 janvier 2013","format":false,"excerpt":"M\u00e9tro Dimanche 13 janvier 2013, stations ferm\u00e9es pour manifestation dans Paris - Stations ferm\u00e9es au d\u00e9part des cort\u00e8ges : Place d'Italie (correspondances non assur\u00e9es) Porte Dauphine, et Les Gobelins \u00e0 partir 10h00 et jusqu'\u00e0 17h00 environ. - Stations ferm\u00e9es lors de la dispersion des cort\u00e8ges : Passy, Ecole Militaire et\u2026","rel":"","context":"Dans &quot;Non class\u00e9&quot;","block_context":{"text":"Non class\u00e9","link":"http:\/\/www.letourismeaparis.fr\/index.php\/category\/non-classe\/"},"img":{"alt_text":"","src":"","width":0,"height":0},"classes":[]},{"id":8339,"url":"http:\/\/www.letourismeaparis.fr\/index.php\/2010\/09\/12\/les-journees-du-patrimoine-et-la-ratp-18-et-19-septembre-inscrivez-vous-a-lavance\/","url_meta":{"origin":19519,"position":4},"title":"Les journ\u00e9es du Patrimoine et la RATP , 18 et 19 septembre : inscrivez vous \u00e0 l&#039;avance !","author":"Fabienne TM","date":"12 septembre 2010","format":false,"excerpt":"Balades en bus de l\u00e9gende Le patrimoine parisien se r\u00e9v\u00e8le \u00e0 vous \u00e0 bord de bus anciens. Partez \u00e0 la rencontre des grandes figures qui ont fait de Paris une capitale riche en patrimoine, depuis les \u00e9v\u00e9nements les plus officiels qui ont jalonn\u00e9 l\u2019histoire de la ville jusqu\u2019aux souvenirs amusants\u2026","rel":"","context":"Dans &quot;Non class\u00e9&quot;","block_context":{"text":"Non class\u00e9","link":"http:\/\/www.letourismeaparis.fr\/index.php\/category\/non-classe\/"},"img":{"alt_text":"","src":"","width":0,"height":0},"classes":[]},{"id":18760,"url":"http:\/\/www.letourismeaparis.fr\/index.php\/2016\/10\/01\/participez-a-la-grande-parade-fluviale-de-la-nuit-blanche\/","url_meta":{"origin":19519,"position":5},"title":"Participez \u00e0 la grande parade fluviale de la nuit blanche","author":"Fabienne TM","date":"1 octobre 2016","format":false,"excerpt":"Un bateau origami g\u00e9ant, un bateau lumineux recouvert de n\u00e9ons, 5 \u00e9ventails monumentaux aux couleurs des anneaux olympiques, 1000 drapeaux blancs\u2026\u00a0A partir de 21h, 25 bateaux traverseront Paris. Chacun se fera l\u2019\u00e9tendard d\u2019un sport auquel Fabrice Hyber donnera vie par des sons particuliers qui \u00e9voqueront tour \u00e0 tour le bruit\u2026","rel":"","context":"Dans &quot;Non class\u00e9&quot;","block_context":{"text":"Non class\u00e9","link":"http:\/\/www.letourismeaparis.fr\/index.php\/category\/non-classe\/"},"img":{"alt_text":"","src":"","width":0,"height":0},"classes":[]}],"jetpack_sharing_enabled":true,"jetpack_likes_enabled":true,"_links":{"self":[{"href":"http:\/\/www.letourismeaparis.fr\/index.php\/wp-json\/wp\/v2\/posts\/19519","targetHints":{"allow":["GET"]}}],"collection":[{"href":"http:\/\/www.letourismeaparis.fr\/index.php\/wp-json\/wp\/v2\/posts"}],"about":[{"href":"http:\/\/www.letourismeaparis.fr\/index.php\/wp-json\/wp\/v2\/types\/post"}],"author":[{"embeddable":true,"href":"http:\/\/www.letourismeaparis.fr\/index.php\/wp-json\/wp\/v2\/users\/2"}],"replies":[{"embeddable":true,"href":"http:\/\/www.letourismeaparis.fr\/index.php\/wp-json\/wp\/v2\/comments?post=19519"}],"version-history":[{"count":0,"href":"http:\/\/www.letourismeaparis.fr\/index.php\/wp-json\/wp\/v2\/posts\/19519\/revisions"}],"wp:attachment":[{"href":"http:\/\/www.letourismeaparis.fr\/index.php\/wp-json\/wp\/v2\/media?parent=19519"}],"wp:term":[{"taxonomy":"category","embeddable":true,"href":"http:\/\/www.letourismeaparis.fr\/index.php\/wp-json\/wp\/v2\/categories?post=19519"},{"taxonomy":"post_tag","embeddable":true,"href":"http:\/\/www.letourismeaparis.fr\/index.php\/wp-json\/wp\/v2\/tags?post=19519"}],"curies":[{"name":"wp","href":"https:\/\/api.w.org\/{rel}","templated":true}]}}