{"id":19539,"date":"2017-02-28T12:08:20","date_gmt":"2017-02-28T11:08:20","guid":{"rendered":"http:\/\/www.letourismeaparis.fr\/?p=19539"},"modified":"2017-02-28T12:08:20","modified_gmt":"2017-02-28T11:08:20","slug":"ethno-concerts-1103-et-1203-au-musee-du-quai-branly","status":"publish","type":"post","link":"http:\/\/www.letourismeaparis.fr\/index.php\/2017\/02\/28\/ethno-concerts-1103-et-1203-au-musee-du-quai-branly\/","title":{"rendered":"ETHNO-CONCERTS     11\/03 et 12\/03 , au mus\u00e9e du quai Branly"},"content":{"rendered":"<p>&nbsp;<br \/>\nC&rsquo;est l&rsquo;une des nouveaut\u00e9s de cette \u00e9dition 2017. En quatre points des collections permanentes, un par continent, des ethnomusicologues font d\u00e9couvrir un instrument traditionnel d&rsquo;une r\u00e9gion d&rsquo;Afrique, d&rsquo;Asie, d&rsquo;Oc\u00e9anie ou des Am\u00e9riques.<a href=\"http:\/\/www.letourismeaparis.fr\/wp-content\/uploads\/2017\/02\/Capture-d\u2019e\u0301cran-2017-02-28-a\u0300-12.03.21.png\"><img loading=\"lazy\" decoding=\"async\" class=\"aligncenter size-medium wp-image-19540\" src=\"http:\/\/www.letourismeaparis.fr\/wp-content\/uploads\/2017\/02\/Capture-d\u2019e\u0301cran-2017-02-28-a\u0300-12.03.21-300x202.png\" alt=\"Capture d\u2019e\u0301cran 2017-02-28 a\u0300 12.03.21\" width=\"300\" height=\"202\"><\/a><br \/>\n<span style=\"letter-spacing: 0.05em;\">\u00a9 mus\u00e9e du quai Branly &#8211; Jacques Chirac, photo de Xavier Pierre12h : Sanzas d&rsquo;Afrique &#8211; zone Afrique<\/span><br \/>\n<!--more--><br \/>\nPar Vincent Dill, musicien chercheur<!--more--><br \/>\n14h30 : Instruments des cultures villageoises de Russie &#8211; zone Asie<br \/>\nPar Olga Velichkina, ethnomusicologue<br \/>\n16h : Tambours d&rsquo;Afrique ou intruments des origines (arc musical, didjeridoo, guimbardes, trompes, hochets, etc.) &#8211; salle Dogon<br \/>\nPar Vincent Dill, musicien chercheur<br \/>\n17h30 : Instruments des cultures villageoises de Russie &#8211; zone Asie<br \/>\nPar Olga Velichkina, ethnomusicologue<br \/>\n\u00ab L&rsquo;ETHNOLOGIE VA VOUS SURPRENDRE ! \u00bb<br \/>\nDeux jours pour explorer le 21e si\u00e8cle<br \/>\n37, quai Branly paris 75007<\/p>\n","protected":false},"excerpt":{"rendered":"<p>&nbsp; C&rsquo;est l&rsquo;une des nouveaut\u00e9s de cette \u00e9dition 2017. En quatre points des collections permanentes, un par continent, des ethnomusicologues font d\u00e9couvrir un instrument traditionnel d&rsquo;une r\u00e9gion d&rsquo;Afrique, d&rsquo;Asie, d&rsquo;Oc\u00e9anie ou des Am\u00e9riques. \u00a9 mus\u00e9e du quai Branly &#8211; Jacques&#8230;<\/p>\n","protected":false},"author":2,"featured_media":0,"comment_status":"open","ping_status":"open","sticky":false,"template":"","format":"standard","meta":{"ngg_post_thumbnail":0,"jetpack_post_was_ever_published":false,"_jetpack_newsletter_access":"","footnotes":""},"categories":[20,39],"tags":[],"class_list":["post-19539","post","type-post","status-publish","format-standard","hentry","category-cultures-du-monde","category-musique"],"jetpack_featured_media_url":"","jetpack-related-posts":[{"id":7991,"url":"http:\/\/www.letourismeaparis.fr\/index.php\/2010\/06\/26\/7991\/","url_meta":{"origin":19539,"position":0},"title":"Week- end  anniversaire au Quai Branly : un bon programme.","author":"Fabienne TM","date":"26 juin 2010","format":false,"excerpt":"A l'occasion de ses 4 ans, le mus\u00e9e du quai Branly propose un week-end anniversaire autour de l'exposition Fleuve Congo et du Cinquantenaire des ind\u00e9pendances africaines. vendredi 25, samedi 26 et dimanche 27 juin 2010 acc\u00e8s libre et gratuit pour tous au Plateau des collections et aux expositions temporaires de\u2026","rel":"","context":"Dans &quot;Non class\u00e9&quot;","block_context":{"text":"Non class\u00e9","link":"http:\/\/www.letourismeaparis.fr\/index.php\/category\/non-classe\/"},"img":{"alt_text":"","src":"https:\/\/i0.wp.com\/www.letourismeaparis.fr\/wp-content\/uploads\/2010\/06\/anniv-quai-branly.png?resize=350%2C200","width":350,"height":200},"classes":[]},{"id":20326,"url":"http:\/\/www.letourismeaparis.fr\/index.php\/2017\/10\/21\/lafrique-des-routes-au-musee-du-quai-branly-week-end-special-les-11-et-12-novembre\/","url_meta":{"origin":19539,"position":1},"title":"L&#039;Afrique des routes, au mus\u00e9e du quai Branly : week- end sp\u00e9cial les 11 et 12 novembre","author":"Fabienne TM","date":"21 octobre 2017","format":false,"excerpt":"\u00a0 Dans le prolongement de l\u2019exposition qui vise \u00e0 faire conna\u00eetre et reconna\u00eetre l\u2019Afrique en tant que continent impliqu\u00e9 dans l\u2019Histoire, la programmation de ce WEEK-END soulignera la densit\u00e9 et la richesse des \u00e9changes culturels panafricains et extra-africains. Elle mettra \u00e0 l\u2019honneur les diasporas et le patrimoine immat\u00e9riel au coeur\u2026","rel":"","context":"Dans &quot;Cultures du Monde&quot;","block_context":{"text":"Cultures du Monde","link":"http:\/\/www.letourismeaparis.fr\/index.php\/category\/culture\/musees-expositions\/cultures-du-monde\/"},"img":{"alt_text":"","src":"https:\/\/i0.wp.com\/www.letourismeaparis.fr\/wp-content\/uploads\/2017\/10\/branly-200x300.png?resize=350%2C200","width":350,"height":200},"classes":[]},{"id":19467,"url":"http:\/\/www.letourismeaparis.fr\/index.php\/2017\/03\/24\/spectacle-phuphuma-love-minus-choeur-masculin-isicathamiya-afrique-du-sud-au-theatre-levi-strauss-quai-branly\/","url_meta":{"origin":19539,"position":2},"title":"SPECTACLE PHUPHUMA LOVE MINUS  Ch\u0153ur masculin Isicathamiya   au Th\u00e9atre Levi-Strauss ,Quai Branly","author":"Fabienne TM","date":"24 mars 2017","format":false,"excerpt":"Un beau spectacle,de tr\u00e8s belles voix, des spectateurs invit\u00e9s \u00e0 monter sur sc\u00e8ne .... Un chant traditionnel entra\u00eenant, une danse au pouvoir enivrant, pour un spectacle haut en couleur... Le ch\u0153ur PHUPHUMA LOVE MINUS tout droit venu d'Afrique du Sud, pose ses valises au mus\u00e9e du quai Branly - Jacques\u2026","rel":"","context":"Dans &quot;Cultures du Monde&quot;","block_context":{"text":"Cultures du Monde","link":"http:\/\/www.letourismeaparis.fr\/index.php\/category\/culture\/musees-expositions\/cultures-du-monde\/"},"img":{"alt_text":"","src":"https:\/\/i0.wp.com\/www.letourismeaparis.fr\/wp-content\/uploads\/2017\/02\/Capture-d%C3%A2%C2%80%C2%99e%C3%8C%C2%81cran-2017-02-07-a%C3%8C%C2%80-18.15.00-202x300.png?resize=350%2C200","width":350,"height":200},"classes":[]},{"id":14725,"url":"http:\/\/www.letourismeaparis.fr\/index.php\/2014\/03\/20\/bois-sacre-au-quai-branly-une-nouvelle-exposition-partir-du-4-mars\/","url_meta":{"origin":19539,"position":3},"title":"&quot;BOIS SACR\u00c9&quot; au quai Branly, une nouvelle exposition","author":"Fabienne TM","date":"20 mars 2014","format":false,"excerpt":"Sur le continent africain, le moment de l\u2019initiation marque un passage obligatoire pour chaque individu. Pour certains pays d\u2019Afrique de l\u2019Ouest, c\u2019est l\u2019initiation\u00a0Poroqui joue un r\u00f4le primordial dans plusieurs communaut\u00e9s dans la r\u00e9gion. L\u2019exposition porte plus pr\u00e9cis\u00e9ment sur les soci\u00e9t\u00e9s secr\u00e8tes des for\u00eats guin\u00e9ennes : Lib\u00e9ria, Guin\u00e9e, C\u00f4te d\u2019Ivoire. Le\u2026","rel":"","context":"Dans &quot;Cultures du Monde&quot;","block_context":{"text":"Cultures du Monde","link":"http:\/\/www.letourismeaparis.fr\/index.php\/category\/culture\/musees-expositions\/cultures-du-monde\/"},"img":{"alt_text":"","src":"","width":0,"height":0},"classes":[]},{"id":20154,"url":"http:\/\/www.letourismeaparis.fr\/index.php\/2017\/08\/25\/le-musee-du-quai-branly-2017-2018\/","url_meta":{"origin":19539,"position":4},"title":"LE MUS\u00c9E DU QUAI BRANLY 2017-2018 !","author":"Fabienne TM","date":"25 ao\u00fbt 2017","format":false,"excerpt":"LE MUS\u00c9E DU QUAI BRANLY 2017-2018 ! \"LES FOR\u00caTS NATALES\". Arts d'Afrique \u00e9quatoriale atlantique, l'exposition LE P\u00c9ROU AVANT LES INCAS ,deux spectacles \u00e0 la rentr\u00e9e, EL CHOLO VALDERRAMA, des chants des plaines colombiennes et \u00c0 QUOI R\u00caVENT LES PANDAS, spectacle jeune public de marionnettes. \"LES FOR\u00caTS NATALES\". Du 03\/10\/17 au\u2026","rel":"","context":"Dans &quot;Cultures du Monde&quot;","block_context":{"text":"Cultures du Monde","link":"http:\/\/www.letourismeaparis.fr\/index.php\/category\/culture\/musees-expositions\/cultures-du-monde\/"},"img":{"alt_text":"","src":"","width":0,"height":0},"classes":[]},{"id":7998,"url":"http:\/\/www.letourismeaparis.fr\/index.php\/2010\/08\/31\/fleuve-congo-arts-dafrique-centrale-au-musee-du-quai-branly\/","url_meta":{"origin":19539,"position":5},"title":"Fleuve Congo &#8211; Arts d\u2019Afrique Centrale au mus\u00e9e du Quai Branly","author":"Fabienne TM","date":"31 ao\u00fbt 2010","format":false,"excerpt":"jusqu'au 3 octobre Le mus\u00e9e\u00a0 pr\u00e9sente\u00a0 \u00e0 travers 170 oeuvres majeures et 80 documents, une\u00a0 exposition consacr\u00e9e aux traditions artistiques d\u2019Afrique Centrale, \u00e0 savoir le Gabon, la R\u00e9publique populaire du Congo et la R\u00e9publique d\u00e9mocratique du Congo. un voyage\u00a0 menant le visiteur des for\u00eats du Nord aux savanes du Sud,\u2026","rel":"","context":"Dans &quot;Non class\u00e9&quot;","block_context":{"text":"Non class\u00e9","link":"http:\/\/www.letourismeaparis.fr\/index.php\/category\/non-classe\/"},"img":{"alt_text":"","src":"","width":0,"height":0},"classes":[]}],"jetpack_sharing_enabled":true,"jetpack_likes_enabled":true,"_links":{"self":[{"href":"http:\/\/www.letourismeaparis.fr\/index.php\/wp-json\/wp\/v2\/posts\/19539","targetHints":{"allow":["GET"]}}],"collection":[{"href":"http:\/\/www.letourismeaparis.fr\/index.php\/wp-json\/wp\/v2\/posts"}],"about":[{"href":"http:\/\/www.letourismeaparis.fr\/index.php\/wp-json\/wp\/v2\/types\/post"}],"author":[{"embeddable":true,"href":"http:\/\/www.letourismeaparis.fr\/index.php\/wp-json\/wp\/v2\/users\/2"}],"replies":[{"embeddable":true,"href":"http:\/\/www.letourismeaparis.fr\/index.php\/wp-json\/wp\/v2\/comments?post=19539"}],"version-history":[{"count":0,"href":"http:\/\/www.letourismeaparis.fr\/index.php\/wp-json\/wp\/v2\/posts\/19539\/revisions"}],"wp:attachment":[{"href":"http:\/\/www.letourismeaparis.fr\/index.php\/wp-json\/wp\/v2\/media?parent=19539"}],"wp:term":[{"taxonomy":"category","embeddable":true,"href":"http:\/\/www.letourismeaparis.fr\/index.php\/wp-json\/wp\/v2\/categories?post=19539"},{"taxonomy":"post_tag","embeddable":true,"href":"http:\/\/www.letourismeaparis.fr\/index.php\/wp-json\/wp\/v2\/tags?post=19539"}],"curies":[{"name":"wp","href":"https:\/\/api.w.org\/{rel}","templated":true}]}}