{"id":19548,"date":"2017-03-01T15:33:07","date_gmt":"2017-03-01T14:33:07","guid":{"rendered":"http:\/\/www.letourismeaparis.fr\/?p=19548"},"modified":"2017-03-01T15:33:07","modified_gmt":"2017-03-01T14:33:07","slug":"la-12eme-edition-du-festival-omnivore-debute-ce-dimanche","status":"publish","type":"post","link":"http:\/\/www.letourismeaparis.fr\/index.php\/2017\/03\/01\/la-12eme-edition-du-festival-omnivore-debute-ce-dimanche\/","title":{"rendered":"la 12\u00e8me \u00e9dition du festival Omnivore d\u00e9bute ce dimanche !"},"content":{"rendered":"<p>la 12\u00e8me \u00e9dition du festival Omnivore d\u00e9bute ce dimanche !<br \/>\n3 jours de festival, 6 sc\u00e8nes de masterclass dont la nouvelle sc\u00e8ne Territoires, 120 chefs cuisiniers, p\u00e2tissiers, barmen, artisans\u2026<a href=\"http:\/\/www.letourismeaparis.fr\/wp-content\/uploads\/2017\/03\/owt-affiches-paris-badoit-web-237x336.jpg\"><img loading=\"lazy\" decoding=\"async\" class=\"aligncenter size-medium wp-image-19549\" src=\"http:\/\/www.letourismeaparis.fr\/wp-content\/uploads\/2017\/03\/owt-affiches-paris-badoit-web-237x336-212x300.jpg\" alt=\"owt-affiches-paris-badoit-web-237x336\" width=\"212\" height=\"300\"><\/a><br \/>\nLe festival de la jeune cuisine pr\u00e9sente sa programmation d\u00e9tonante pour une nouvelle \u00e9dition toujours plus surprenante &gt;&gt; <a href=\"http:\/\/www.omnivore.com\/world-tour\/world-tour-paris-2017-2\/\">http:\/\/www.omnivore.com\/world-tour\/world-tour-paris-2017-2\/<\/a><br \/>\n<strong><br \/>\n5, 6 &amp; 7 mars 2017<\/strong><br \/>\n<strong>9h30 &gt; 18h<br \/>\nMaison de la Mutualit\u00e9<\/strong><br \/>\n<strong>24, rue Saint-Victor, Paris 5e<\/strong><br \/>\n<strong>Metro L10 \u2013 arr\u00eat Maubert-Mutualit\u00e9<\/strong><br \/>\n<strong>Metro L7 \u2013 arr\u00eat Jussieu<\/strong><br \/>\n<strong>Bus 47, 63, 86, 87<\/strong><\/p>\n","protected":false},"excerpt":{"rendered":"<p>la 12\u00e8me \u00e9dition du festival Omnivore d\u00e9bute ce dimanche ! 3 jours de festival, 6 sc\u00e8nes de masterclass dont la nouvelle sc\u00e8ne Territoires, 120 chefs cuisiniers, p\u00e2tissiers, barmen, artisans\u2026 Le festival de la jeune cuisine pr\u00e9sente sa programmation d\u00e9tonante pour&#8230;<\/p>\n","protected":false},"author":2,"featured_media":0,"comment_status":"open","ping_status":"open","sticky":false,"template":"","format":"standard","meta":{"ngg_post_thumbnail":0,"jetpack_post_was_ever_published":false,"_jetpack_newsletter_access":"","footnotes":""},"categories":[30],"tags":[],"class_list":["post-19548","post","type-post","status-publish","format-standard","hentry","category-gastronomie"],"jetpack_featured_media_url":"","jetpack-related-posts":[{"id":18075,"url":"http:\/\/www.letourismeaparis.fr\/index.php\/2016\/03\/26\/5-eme-edition-du-festival-opera-cote-cour-a-bercy-village\/","url_meta":{"origin":19548,"position":0},"title":"5 \u00e8me \u00e9dition du festival  Op\u00e9ra c\u00f4t\u00e9 Cour \u00e0 Bercy Village","author":"Fabienne TM","date":"26 mars 2016","format":false,"excerpt":"Sp\u00e9cial Paris :\u00a0Les dimanches de juin et septembre 2016 Spectacles gratuits et en plein air Ancien march\u00e9 vinicole, Bercy Village, situ\u00e9 dans le 12e arrondissement, est un lieu r\u00e9solument atypique \u00e0 Paris, et une v\u00e9ritable destination touristique. Avec ses 40 enseignes toutes destin\u00e9es \u00e0 l\u2019art de vivre, \u00e0 la gourmandise\u2026","rel":"","context":"Dans &quot;Non class\u00e9&quot;","block_context":{"text":"Non class\u00e9","link":"http:\/\/www.letourismeaparis.fr\/index.php\/category\/non-classe\/"},"img":{"alt_text":"","src":"","width":0,"height":0},"classes":[]},{"id":20033,"url":"http:\/\/www.letourismeaparis.fr\/index.php\/2017\/06\/24\/20033-2\/","url_meta":{"origin":19548,"position":1},"title":"BERCY VILLAGE PREND DES AIRS\u2026","author":"Fabienne TM","date":"24 juin 2017","format":false,"excerpt":"BERCY VILLAGE PREND DES AIRS D\u2019OP\u00c9RA Le festival Op\u00e9ra C\u00f4t\u00e9 Cour revient pour sa 6\u00e8me \u00e9dition, tous les dimanches de juin et de septembre, animer la cour pav\u00e9e de Bercy Village. Avec son concept unique de spectacles courts et surprenants d\u00e9velopp\u00e9s en partenariat avec l\u2019association Autres Voix - association ayant\u2026","rel":"","context":"Dans &quot;Musique&quot;","block_context":{"text":"Musique","link":"http:\/\/www.letourismeaparis.fr\/index.php\/category\/culture\/concerts-musique\/musique\/"},"img":{"alt_text":"","src":"","width":0,"height":0},"classes":[]},{"id":3973,"url":"http:\/\/www.letourismeaparis.fr\/index.php\/2009\/09\/02\/lopera-dans-la-rue-du-4-au-6-septembre\/","url_meta":{"origin":19548,"position":2},"title":"L&#039;op\u00e9ra dans la rue du 4 au 6 septembre","author":"Fabienne TM","date":"2 septembre 2009","format":false,"excerpt":"Un superbe programme vous attend dans les rues des 12\u00e8me et 13\u00e8me arrondissements de Paris, \u00e0 partir\u00a0 du vendredi 4 septembre \u00e0 20 h sur le parvis de la Bnf, Tour 3, m\u00e9tro BNF\u00a0 avec \"les chansons parisiennes fluctuat nec mergitur \" puis le samedi \u00e0 11h30 la servante maitresse\u2026","rel":"","context":"Dans &quot;Non class\u00e9&quot;","block_context":{"text":"Non class\u00e9","link":"http:\/\/www.letourismeaparis.fr\/index.php\/category\/non-classe\/"},"img":{"alt_text":"","src":"","width":0,"height":0},"classes":[]},{"id":15316,"url":"http:\/\/www.letourismeaparis.fr\/index.php\/2014\/06\/24\/paris-jazz-festival-fete-ses-20-ans-partir-du-7-juin\/","url_meta":{"origin":19548,"position":3},"title":"Paris Jazz Festival f\u00eate ses 20 ans \u00e0 partir du 7 juin","author":"Fabienne TM","date":"24 juin 2014","format":false,"excerpt":"Paris Jazz Festival f\u00eate ses 20 ans Le Paris Jazz Festival, rendez-vous incontournable du parc floral, f\u00eate cette ann\u00e9e ses 20 ans du 7 juin au 27 juillet 2014. Soutenu par la Ville de Paris et la Direction des espaces verts et de l\u2019environnement, il est devenu le premier des\u2026","rel":"","context":"Dans &quot;Festivals \/ Manifestations&quot;","block_context":{"text":"Festivals \/ Manifestations","link":"http:\/\/www.letourismeaparis.fr\/index.php\/category\/spectacle\/festival\/"},"img":{"alt_text":"","src":"https:\/\/i0.wp.com\/www.letourismeaparis.fr\/wp-content\/uploads\/2014\/06\/jazz.jpeg?resize=350%2C200","width":350,"height":200},"classes":[]},{"id":6149,"url":"http:\/\/www.letourismeaparis.fr\/index.php\/2010\/02\/02\/exposition-nouvel-an-chinois-au-centre-culturel-de-chine\/","url_meta":{"origin":19548,"position":4},"title":"Exposition &quot;Nouvel an chinois&quot; au Centre Culturel de Chine","author":"Fabienne TM","date":"2 f\u00e9vrier 2010","format":false,"excerpt":"5-27 f\u00e9vrier 2010 :\"Le Festival du Printemps (Nouvel an Chinois) est la f\u00eate la plus importante de Chine. Ancr\u00e9 dans les m\u0153urs depuis plus de deux mill\u00e9naires, il est c\u00e9l\u00e9br\u00e9 du 8\u00e8me jour du 12\u00e8me mois du calendrier lunaire au 15\u00e8me jour du mois suivant (1\u00e8re lunaison de la nouvelle\u2026","rel":"","context":"Dans &quot;Non class\u00e9&quot;","block_context":{"text":"Non class\u00e9","link":"http:\/\/www.letourismeaparis.fr\/index.php\/category\/non-classe\/"},"img":{"alt_text":"","src":"","width":0,"height":0},"classes":[]},{"id":7795,"url":"http:\/\/www.letourismeaparis.fr\/index.php\/2010\/06\/08\/les-12-et-13-juin-10eme-edition-du-festival-de-loh\/","url_meta":{"origin":19548,"position":5},"title":"Les 12 et 13 juin ,10\u00e8me \u00e9dition du Festival de l\u2019Oh !","author":"Fabienne TM","date":"8 juin 2010","format":false,"excerpt":"Deux jours de festivit\u00e9s, de spectacles gratuits et de d\u00e9couvertes fluviales : Samedi : 14h-21h, dimanche : 11h-20h Ports de Paris accueille de nouveau le festival de l\u2019Oh ! Sur le port de Bercy (c\u00f4t\u00e9 12e) et sur le port de la Gare (c\u00f4t\u00e9 13e) avec la piscine Josephine Baker.\u2026","rel":"","context":"Dans &quot;Non class\u00e9&quot;","block_context":{"text":"Non class\u00e9","link":"http:\/\/www.letourismeaparis.fr\/index.php\/category\/non-classe\/"},"img":{"alt_text":"","src":"https:\/\/i0.wp.com\/www.letourismeaparis.fr\/wp-content\/uploads\/2010\/06\/festival-de-loh.jpg?resize=350%2C200","width":350,"height":200},"classes":[]}],"jetpack_sharing_enabled":true,"jetpack_likes_enabled":true,"_links":{"self":[{"href":"http:\/\/www.letourismeaparis.fr\/index.php\/wp-json\/wp\/v2\/posts\/19548","targetHints":{"allow":["GET"]}}],"collection":[{"href":"http:\/\/www.letourismeaparis.fr\/index.php\/wp-json\/wp\/v2\/posts"}],"about":[{"href":"http:\/\/www.letourismeaparis.fr\/index.php\/wp-json\/wp\/v2\/types\/post"}],"author":[{"embeddable":true,"href":"http:\/\/www.letourismeaparis.fr\/index.php\/wp-json\/wp\/v2\/users\/2"}],"replies":[{"embeddable":true,"href":"http:\/\/www.letourismeaparis.fr\/index.php\/wp-json\/wp\/v2\/comments?post=19548"}],"version-history":[{"count":0,"href":"http:\/\/www.letourismeaparis.fr\/index.php\/wp-json\/wp\/v2\/posts\/19548\/revisions"}],"wp:attachment":[{"href":"http:\/\/www.letourismeaparis.fr\/index.php\/wp-json\/wp\/v2\/media?parent=19548"}],"wp:term":[{"taxonomy":"category","embeddable":true,"href":"http:\/\/www.letourismeaparis.fr\/index.php\/wp-json\/wp\/v2\/categories?post=19548"},{"taxonomy":"post_tag","embeddable":true,"href":"http:\/\/www.letourismeaparis.fr\/index.php\/wp-json\/wp\/v2\/tags?post=19548"}],"curies":[{"name":"wp","href":"https:\/\/api.w.org\/{rel}","templated":true}]}}