{"id":19619,"date":"2017-03-23T14:19:23","date_gmt":"2017-03-23T13:19:23","guid":{"rendered":"http:\/\/www.letourismeaparis.fr\/?p=19619"},"modified":"2017-03-23T14:19:23","modified_gmt":"2017-03-23T13:19:23","slug":"ad-collections-19372017-lart-decoratif-dhier-et-daujourdhui-superbe","status":"publish","type":"post","link":"http:\/\/www.letourismeaparis.fr\/index.php\/2017\/03\/23\/ad-collections-19372017-lart-decoratif-dhier-et-daujourdhui-superbe\/","title":{"rendered":"AD Collections: 1937\/2017, L&#039;art d\u00e9coratif d&#039;hier et d&#039;aujourd&#039;hui : Superbe !"},"content":{"rendered":"<p>AD Collections: 1937\/2017, L&rsquo;art d\u00e9coratif d&rsquo;hier et d&rsquo;aujourd&rsquo;hui<br \/>\nUne exposition r\u00e9alis\u00e9e par le magazine AD en collaboration avec le Mus\u00e9e d&rsquo;Art moderne de la Ville de Paris<br \/>\nDu 24 mars au 02 avril 2017<br \/>\n&nbsp;<br \/>\nCette manifestation, a pour vocation de mettre en avant les cr\u00e9ateurs de mobilier d\u2019exception.<br \/>\n. Aux pi\u00e8ces d\u2019Andr\u00e9 Arbus, de Pierre Chareau ou de Jean Dunand r\u00e9pondent des cr\u00e9ations de haute facture d\u2019aujourd\u2019hui, trait\u00e9es dans des mat\u00e9riaux nobles et r\u00e9alis\u00e9es artisanalement par des d\u00e9corateurs, des artistes et des designers.<!--more--><br \/>\nLa sc\u00e9nographie de l\u2019exposition sign\u00e9e Ann Sevrin souligne, \u00e0 travers de subtils rapprochements entre pi\u00e8ces du pass\u00e9 provenant des collections du mus\u00e9e et cr\u00e9ations contemporaines, le renouveau d\u2019une forme de modernisme pr\u00e9cieux.<br \/>\nL\u2019exposition pr\u00e9sente une s\u00e9lection de bijoux Van Cleef &amp; Arpels de l\u2019entre-deux-guerres en regard de talents contemporains renouvelant le bijou pr\u00e9cieux. Cette exposition a \u00e9t\u00e9 rendue possible gr\u00e2ce au soutien de l\u2019\u00c9cole Van Cleef &amp; Arpels des Arts Joailliers<br \/>\n<!--more--><br \/>\nNicolas AUBAGNAC , Fabrice AUSSET, Elliott BARNES, Majd BAZERJI (pour la Galerie Patrick Fourtin), BISMUT &amp; BISMUT, Emmanuel BOSSUET (pour Maison Charles), Erwan BOULLOUD (pour la Galerie Glustin), Pierre CHARPIN (pour S\u00e8vres), Taher CHEMIRIK, Lison DE CAUNES, DELOS &amp; UBIEDO (pour la Galerie Mougin), Joseph DIRAND, Ingrid DONAT (pour la Carpenters Workshop Gallery), Franck EVENNOU (pour la galerie Avant-Sc\u00e8ne), Mauro FABBRO (pour la galerie Alexandre Biaggi), Maurizio GALANTE et Tal LANCMAN (pour Opinion Ciatti), GARNIER &amp; LINKER, Elizabeth GAROUSTE (pour la galerie Avant-Sc\u00e8ne), Muriel GRATEAU, Damien HAMON (pour la galerie Armel Soyer), Wouter HOSTE (pour la Galerie Patrick Fourtin), Harumi KLOSSOWSKA DE ROLA, Damien LANGLOIS-MEURINNE, Luis LAPLACE, Thierry LEMAIRE (pour la galerie Thierry Lemaire), Jean-Luc LE MOUNIER (pour la Galerie Sc\u00e8ne Ouverte), India MAHDAVI, Nicolas MARISCHAEL (pour Marischael Orf\u00e8vre), Paul MATHIEU (pour la Willer Gallery), R\u00e9gis MATHIEU (pour Mathieu Lustrerie), Chahan MINASSIAN, Bruno MOINARD, Patrick NAGGAR (pour la Galerie Dutko et Veronese), Raphael NAVOT, OITOEMPONTO, St\u00e9phane PARMENTIER, PINEL &amp; PINEL, Michael POHU pour la Galerie Mougin, Alessandro SABBATINI, Eric SCHMITT, Isabelle SICART et Emmanuel LEVET STENNE (pour la Galerie Carole Decombe), Isabelle STANISLAS, Studio MVW, Daniel SUDUCA &amp; Thierry M\u00c9RILLOU (pour la Galerie Saint Jacques), Francis SULTANA, Charles TASSIN (pour la Galerie May), Herv\u00e9 VAN DER STRAETEN, Dan YEFFET (pour Collection Particuli\u00e8re),Charles ZANA.<br \/>\nMus\u00e9e d\u2019Art moderne de la Ville de Paris<br \/>\n11 Avenue du Pr\u00e9sident Wilson<br \/>\n75116 Paris<br \/>\nTel. 01 53 67 40 00<br \/>\nOuvert du mardi au dimanche de 10h \u00e0 18h<br \/>\nNocturne le jeudi jusqu\u2019\u00e0 22h (expositions uniquement)<\/p>\n","protected":false},"excerpt":{"rendered":"<p>AD Collections: 1937\/2017, L&rsquo;art d\u00e9coratif d&rsquo;hier et d&rsquo;aujourd&rsquo;hui Une exposition r\u00e9alis\u00e9e par le magazine AD en collaboration avec le Mus\u00e9e d&rsquo;Art moderne de la Ville de Paris Du 24 mars au 02 avril 2017 &nbsp; Cette manifestation, a pour vocation&#8230;<\/p>\n","protected":false},"author":2,"featured_media":0,"comment_status":"open","ping_status":"open","sticky":false,"template":"","format":"standard","meta":{"ngg_post_thumbnail":0,"jetpack_post_was_ever_published":false,"_jetpack_newsletter_access":"","footnotes":""},"categories":[22],"tags":[],"class_list":["post-19619","post","type-post","status-publish","format-standard","hentry","category-decoration"],"jetpack_featured_media_url":"","jetpack-related-posts":[{"id":16004,"url":"http:\/\/www.letourismeaparis.fr\/index.php\/2014\/12\/12\/baccarat-au-petit-palais-jusquau-4-janvier\/","url_meta":{"origin":19619,"position":0},"title":"Baccarat au Petit Palais jusqu&#039;au 4 janvier","author":"Fabienne TM","date":"12 d\u00e9cembre 2014","format":false,"excerpt":"\u00c0 l\u2019occasion du 250e anniversaire de Baccarat, le Petit Palais expose dans ses Grandes Galeries les chefs d\u2019oeuvre de la plus illustre manufacture de cristal au monde, \u00e9tonnants t\u00e9moignages de la virtuosit\u00e9 de ses artisans. Dans une sce\u0301nographie raffine\u0301e sublimant la virtuosite\u0301 et le savoir-faire des artisans du cristal, le\u2026","rel":"","context":"Dans &quot;Non class\u00e9&quot;","block_context":{"text":"Non class\u00e9","link":"http:\/\/www.letourismeaparis.fr\/index.php\/category\/non-classe\/"},"img":{"alt_text":"","src":"","width":0,"height":0},"classes":[]},{"id":20004,"url":"http:\/\/www.letourismeaparis.fr\/index.php\/2017\/07\/26\/derain-balthus-giacometti-une-amitie-artistique-au-musee-dart-moderne\/","url_meta":{"origin":19619,"position":1},"title":"Derain, Balthus, Giacometti  Une amiti\u00e9 artistique   au mus\u00e9e d&#039;art  moderne","author":"Fabienne TM","date":"26 juillet 2017","format":false,"excerpt":"Derain, Balthus, Giacometti Une amiti\u00e9 artistique jusqu'au 29 octobre 2017 Le Mus\u00e9e d\u2019Art moderne de la Ville de Paris pr\u00e9sente une exposition in\u00e9dite explorant l\u2019amiti\u00e9 entre trois artistes majeurs du XXe si\u00e8cle : Andr\u00e9 Derain (1880-1954), Balthus (1908-2001) et Alberto Giacometti(1901-1966) Andr\u00e9 Derain, Genevi\u00e8ve \u00e0 la pomme, 1937-1938 Huile sur\u2026","rel":"","context":"Dans &quot;Beaux arts&quot;","block_context":{"text":"Beaux arts","link":"http:\/\/www.letourismeaparis.fr\/index.php\/category\/culture\/musees-expositions\/beaux-arts\/"},"img":{"alt_text":"","src":"","width":0,"height":0},"classes":[]},{"id":23858,"url":"http:\/\/www.letourismeaparis.fr\/index.php\/2019\/11\/28\/marche-et-demarche-une-histoire-de-la-chaussure-au-musee-des-arts-decoratifs\/","url_meta":{"origin":19619,"position":2},"title":"Marche et d\u00e9marche, une histoire de la chaussure  au mus\u00e9e des arts d\u00e9coratifs","author":"Fabienne TM","date":"28 novembre 2019","format":false,"excerpt":"du 7 novembre 2019 au 23 f\u00e9vrier 2020 Apr\u00e8s \u00ab La M\u00e9canique des dessous \u00bb (2013) et \u00ab Tenue correcte exig\u00e9e ! \u00bb (2017), le Mus\u00e9e des Arts D\u00e9coratifs poursuit l\u2019exploration du rapport entre le corps et la mode avec un troisi\u00e8me volet aussi surprenant qu\u2019original autour de la chaussure,\u2026","rel":"","context":"Dans &quot;Non class\u00e9&quot;","block_context":{"text":"Non class\u00e9","link":"http:\/\/www.letourismeaparis.fr\/index.php\/category\/non-classe\/"},"img":{"alt_text":"","src":"https:\/\/i0.wp.com\/www.letourismeaparis.fr\/wp-content\/uploads\/2019\/11\/Capture-d%E2%80%99e%CC%81cran-2019-11-28-a%CC%80-11.25.02.png?resize=350%2C200","width":350,"height":200},"classes":[]},{"id":19829,"url":"http:\/\/www.letourismeaparis.fr\/index.php\/2017\/05\/09\/derain-balthus-giacometti-une-amitie-artistique-a-partir-du-2-juin-au-musee-dart-moderne\/","url_meta":{"origin":19619,"position":3},"title":"Derain, Balthus, Giacometti  ,une amiti\u00e9 artistique  \u00e0 partir du 2 juin  au mus\u00e9e d&#039;Art Moderne","author":"Fabienne TM","date":"9 mai 2017","format":false,"excerpt":"\u00a0 \u00a0 une exposition in\u00e9dite explorant l\u2019amiti\u00e9 entre trois artistes majeurs du XXe si\u00e8cle :Andr\u00e9 Derain (1880-1954), Balthus (1908-2001) et Alberto Giacometti Andr\u00e9 Derain, Genevi\u00e8ve \u00e0 la pomme, 1937-1938 Huile sur toile, 32 x 73 cm Collection particuli\u00e8re \u00a9 Thomas Hennocque \u00a9 ADAGP, Paris 2017 \u00a0 (1901-1966). Jamais confront\u00e9s, leurs\u2026","rel":"","context":"Dans &quot;Beaux arts&quot;","block_context":{"text":"Beaux arts","link":"http:\/\/www.letourismeaparis.fr\/index.php\/category\/culture\/musees-expositions\/beaux-arts\/"},"img":{"alt_text":"","src":"","width":0,"height":0},"classes":[]},{"id":25845,"url":"http:\/\/www.letourismeaparis.fr\/index.php\/2024\/10\/02\/exposition-lesage-100-ans-de-mode-et-de-decoration-au-19m-jusquau-5-janvier\/","url_meta":{"origin":19619,"position":4},"title":"Exposition Lesage, 100 ans de mode et de d\u00e9coration au 19M  jusqu\u2019au 5 janvier.","author":"Fabienne TM","date":"2 octobre 2024","format":false,"excerpt":"\u00a0Cet \u00e9v\u00e9nement c\u00e9l\u00e8bre le centenaire de la Maison Lesage, figure embl\u00e9matique de la broderie et du textile. . L\u2019exposition retrace cette histoire \u00e0 travers un parcours en huit \u00e9tapes, ponctu\u00e9 de pi\u00e8ces d\u2019artisanat d\u2019art r\u00e9alis\u00e9es pour les plus grandes Maisons de haute couture. \u00a0Chaque pi\u00e8ce expos\u00e9e pr\u00e9sente les particularit\u00e9s uniques\u2026","rel":"","context":"Dans &quot;Artisanat&quot;","block_context":{"text":"Artisanat","link":"http:\/\/www.letourismeaparis.fr\/index.php\/category\/culture\/musees-expositions\/artisanat\/"},"img":{"alt_text":"","src":"","width":0,"height":0},"classes":[]},{"id":18856,"url":"http:\/\/www.letourismeaparis.fr\/index.php\/2017\/03\/05\/l-annee-franco-russe-2016-2017-du-tourisme-culturel-la-collection-chtchoukine\/","url_meta":{"origin":19619,"position":5},"title":"La collection Chtchoukine  \u00e0 la Fondation Vuitton&#8230;.derniers jours","author":"Fabienne TM","date":"5 mars 2017","format":false,"excerpt":"L\u2019exposition \u00ab Ic\u00f4nes de l'art moderne. La collection Chtchoukine \u00bb se tient \u00e0 la Fondation Louis Vuitton \u00e0 Paris, jusqu\u2019au \u00a05 mars 2017. l\u2019exposition rend hommage \u00e0 l\u2019un des plus grands m\u00e9c\u00e8nes du d\u00e9but du XX\u00e8me si\u00e8cle, Sergue\u00ef Chtchoukine \u2013 collectionneur russe visionnaire de l\u2019art moderne fran\u00e7ais. Sa collection, \u00a0\u00ab\u00a0reste\u2026","rel":"","context":"Dans &quot;Mus\u00e9es \/ Expositions&quot;","block_context":{"text":"Mus\u00e9es \/ Expositions","link":"http:\/\/www.letourismeaparis.fr\/index.php\/category\/culture\/musees-expositions\/"},"img":{"alt_text":"","src":"","width":0,"height":0},"classes":[]}],"jetpack_sharing_enabled":true,"jetpack_likes_enabled":true,"_links":{"self":[{"href":"http:\/\/www.letourismeaparis.fr\/index.php\/wp-json\/wp\/v2\/posts\/19619","targetHints":{"allow":["GET"]}}],"collection":[{"href":"http:\/\/www.letourismeaparis.fr\/index.php\/wp-json\/wp\/v2\/posts"}],"about":[{"href":"http:\/\/www.letourismeaparis.fr\/index.php\/wp-json\/wp\/v2\/types\/post"}],"author":[{"embeddable":true,"href":"http:\/\/www.letourismeaparis.fr\/index.php\/wp-json\/wp\/v2\/users\/2"}],"replies":[{"embeddable":true,"href":"http:\/\/www.letourismeaparis.fr\/index.php\/wp-json\/wp\/v2\/comments?post=19619"}],"version-history":[{"count":0,"href":"http:\/\/www.letourismeaparis.fr\/index.php\/wp-json\/wp\/v2\/posts\/19619\/revisions"}],"wp:attachment":[{"href":"http:\/\/www.letourismeaparis.fr\/index.php\/wp-json\/wp\/v2\/media?parent=19619"}],"wp:term":[{"taxonomy":"category","embeddable":true,"href":"http:\/\/www.letourismeaparis.fr\/index.php\/wp-json\/wp\/v2\/categories?post=19619"},{"taxonomy":"post_tag","embeddable":true,"href":"http:\/\/www.letourismeaparis.fr\/index.php\/wp-json\/wp\/v2\/tags?post=19619"}],"curies":[{"name":"wp","href":"https:\/\/api.w.org\/{rel}","templated":true}]}}