{"id":19832,"date":"2017-05-12T21:00:58","date_gmt":"2017-05-12T20:00:58","guid":{"rendered":"http:\/\/www.letourismeaparis.fr\/?p=19832"},"modified":"2017-05-12T21:00:58","modified_gmt":"2017-05-12T20:00:58","slug":"drole-de-drone-samedi-13-et-dimanche-14-mai-2017-a-la-cite-des-sciences-et-de-lindustrie","status":"publish","type":"post","link":"http:\/\/www.letourismeaparis.fr\/index.php\/2017\/05\/12\/drole-de-drone-samedi-13-et-dimanche-14-mai-2017-a-la-cite-des-sciences-et-de-lindustrie\/","title":{"rendered":"DR\u00d4LE DE DRONE  SAMEDI 13 ET DIMANCHE 14 MAI 2017 \u00e0 la cit\u00e9 des sciences et de l&#039;industrie"},"content":{"rendered":"<p>&nbsp;<br \/>\n&nbsp;<br \/>\n\u00ab\u00a0Dr\u00f4le de drone\u00a0\u00bb revient \u00e0 la Cit\u00e9 des sciences et de l&rsquo;industrie les samedi 13 et dimanche 14 mai 2017.<br \/>\nCe festival populaire et d\u00e9cal\u00e9 propose une exploration de l\u2019univers foisonnant des drones, \u00e0 la d\u00e9couverte des innovations les plus remarquables, incluant celles qui ne sont pas encore commercialis\u00e9es.<!--more--><br \/>\n&nbsp;<br \/>\nVous pourrez assister \u00e0 des d\u00e9monstrations, des courses, des ateliers, des spectacles, des expos\u00e9s, des conf\u00e9rences, des d\u00e9bats \u2026<br \/>\nTrois voli\u00e8res seront \u00e0 votre disposition pour regarder des professionnels piloter des drones a\u00e9riens et aquatiques et suivre des cours d\u2019initiation au pilotage de drone.<br \/>\nSpectacles et performances<br \/>\nCit\u00e9 des sciences et de l&rsquo;industrie &#8211; 30, avenue Corentin-Cariou &#8211; 75019 Paris.<br \/>\n<a href=\"http:\/\/www.cite-sciences.fr\/\">http:\/\/www.cite-sciences.fr\/<\/a><\/p>\n","protected":false},"excerpt":{"rendered":"<p>&nbsp; &nbsp; \u00ab\u00a0Dr\u00f4le de drone\u00a0\u00bb revient \u00e0 la Cit\u00e9 des sciences et de l&rsquo;industrie les samedi 13 et dimanche 14 mai 2017. Ce festival populaire et d\u00e9cal\u00e9 propose une exploration de l\u2019univers foisonnant des drones, \u00e0 la d\u00e9couverte des innovations&#8230;<\/p>\n","protected":false},"author":2,"featured_media":0,"comment_status":"open","ping_status":"open","sticky":false,"template":"","format":"standard","meta":{"ngg_post_thumbnail":0,"jetpack_post_was_ever_published":false,"_jetpack_newsletter_access":"","footnotes":""},"categories":[28,46],"tags":[],"class_list":["post-19832","post","type-post","status-publish","format-standard","hentry","category-familles","category-sciences"],"jetpack_featured_media_url":"","jetpack-related-posts":[{"id":26274,"url":"http:\/\/www.letourismeaparis.fr\/index.php\/2025\/07\/10\/les-festivites-du-14-juillet-bal-des-pompiers-12-13-juilletdefilefeux-dartificeconcert-apres-le-defile-sur-les-champs-elysees\/","url_meta":{"origin":19832,"position":0},"title":"Les festivit\u00e9s du 14 juillet :  bal des pompiers (12\/13 juillet)d\u00e9fil\u00e9,feux d&rsquo;artifice,concert apr\u00e8s le d\u00e9fil\u00e9 sur les Champs-Elys\u00e9es","author":"Fabienne TM","date":"10 juillet 2025","format":false,"excerpt":"Bal des pompiers : Nuit du 12 juillet 2025 Caserne Malar \u2013 7 rue Malar (6e arrondissement) \ud83d\udcc5 Samedi 12 juillet : \ud83d\udd55 18h \u00e0 1h du matin Caserne Montmartre \u2013 12 rue Carpeaux (18e) \ud83d\udcc5 Samedi 12 juillet : \ud83d\udd56 19h \u00e0 4h Nuit du 13 juillet 2025 Caserne\u2026","rel":"","context":"Dans &quot;Actualit\u00e9s&quot;","block_context":{"text":"Actualit\u00e9s","link":"http:\/\/www.letourismeaparis.fr\/index.php\/category\/actualite\/"},"img":{"alt_text":"","src":"","width":0,"height":0},"classes":[]},{"id":18620,"url":"http:\/\/www.letourismeaparis.fr\/index.php\/2016\/09\/09\/deux-sites-dinitiation-a-la-pratique-des-drones-de-loisirs-a-paris\/","url_meta":{"origin":19832,"position":1},"title":"Deux sites d\u2019initiation \u00e0 la pratique des drones de loisirs \u00e0 Paris","author":"Fabienne TM","date":"9 septembre 2016","format":false,"excerpt":"Cces lieux destin\u00e9s \u00e0 l\u2019initiation seront install\u00e9s sur l\u2019hippodrome de Longchamp et sur le parc de La Villette. Disponible chacun un dimanche par mois de 10h30 \u00e0 17h30 (le premier ouvrira le 18 septembre, le second le 16 octobre) ces deux lieux seront accessibles sur r\u00e9servation (sur le site de\u2026","rel":"","context":"Dans &quot;Non class\u00e9&quot;","block_context":{"text":"Non class\u00e9","link":"http:\/\/www.letourismeaparis.fr\/index.php\/category\/non-classe\/"},"img":{"alt_text":"","src":"","width":0,"height":0},"classes":[]},{"id":24986,"url":"http:\/\/www.letourismeaparis.fr\/index.php\/2022\/12\/03\/rendez-vous-aux-invalides-les-10-et-11-decembre-pour-feter-sainte-barbe\/","url_meta":{"origin":19832,"position":2},"title":"Rendez-vous aux Invalides  les 10 et 11 d\u00e9cembre pour f\u00eater Sainte Barbe","author":"Fabienne TM","date":"3 d\u00e9cembre 2022","format":false,"excerpt":"Un week-end en libre acc\u00e8s aux Invalides pour d\u00e9couvrir les collections d'artillerie du Mus\u00e9e, avec des fanfares et des d\u00e9monstrations. Rendez-vous aux Invalides pour f\u00eater Sainte Barbe, patronne des artilleurs et des sapeurs ! Chaque fin d\u2019ann\u00e9e, le Mus\u00e9e met \u00e0 l\u2019honneur ses collections d\u2019artillerie : d\u00e9monstrations dynamiques, fanfares et\u2026","rel":"","context":"Dans &quot;Familles&quot;","block_context":{"text":"Familles","link":"http:\/\/www.letourismeaparis.fr\/index.php\/category\/familles\/"},"img":{"alt_text":"","src":"https:\/\/i0.wp.com\/www.letourismeaparis.fr\/wp-content\/uploads\/2022\/12\/Capture-decran-2022-12-03-a-14.18.39.png?resize=350%2C200","width":350,"height":200,"srcset":"https:\/\/i0.wp.com\/www.letourismeaparis.fr\/wp-content\/uploads\/2022\/12\/Capture-decran-2022-12-03-a-14.18.39.png?resize=350%2C200 1x, https:\/\/i0.wp.com\/www.letourismeaparis.fr\/wp-content\/uploads\/2022\/12\/Capture-decran-2022-12-03-a-14.18.39.png?resize=525%2C300 1.5x"},"classes":[]},{"id":20331,"url":"http:\/\/www.letourismeaparis.fr\/index.php\/2017\/10\/21\/effets-speciaux-crevez-lecran-jusquau-19-aout-2018\/","url_meta":{"origin":19832,"position":3},"title":"EFFETS SP\u00c9CIAUX, CR\u00c9VEZ L&#039;\u00c9CRAN !  jusqu&#039;au 19 ao\u00fbt 2018","author":"Fabienne TM","date":"21 octobre 2017","format":false,"excerpt":"\u00a0 CIT\u00c9 DES SCIENCES ET DE L\u2019INDUSTRIE Bienvenue sur un plateau de cin\u00e9ma enti\u00e8rement d\u00e9di\u00e9 aux effets sp\u00e9ciaux ! Cette exposition transporte le.la visiteur.se c\u00f4t\u00e9 coulisses pour lui r\u00e9v\u00e9ler les secrets techniques qui conf\u00e8rent au cin\u00e9ma toute sa magie. L\u2019exposition\u00a0Effets sp\u00e9ciaux, crevez l\u2019\u00e9cran !\u00a0produite, r\u00e9alis\u00e9e et mise en sc\u00e8ne par\u2026","rel":"","context":"Dans &quot;Sciences&quot;","block_context":{"text":"Sciences","link":"http:\/\/www.letourismeaparis.fr\/index.php\/category\/culture\/musees-expositions\/sciences\/"},"img":{"alt_text":"","src":"","width":0,"height":0},"classes":[]},{"id":23991,"url":"http:\/\/www.letourismeaparis.fr\/index.php\/2020\/03\/02\/la-semaine-du-cerveau\/","url_meta":{"origin":19832,"position":4},"title":"la Semaine du cerveau :","author":"Fabienne TM","date":"2 mars 2020","format":false,"excerpt":"Du samedi 14 au dimanche 22 mars 2020 \u00e0 la Cit\u00e9 des sciences et de l\u2019industrie et au Palais de la d\u00e9couverte Que se passe-t-il dans le cerveau d\u2019un hypnotis\u00e9 ? Est-ce possible de muscler le cerveau ? Comment fonctionnent les neurones ? Cette ann\u00e9e encore, la Cit\u00e9 des sciences\u2026","rel":"","context":"Dans &quot;Non class\u00e9&quot;","block_context":{"text":"Non class\u00e9","link":"http:\/\/www.letourismeaparis.fr\/index.php\/category\/non-classe\/"},"img":{"alt_text":"","src":"https:\/\/i0.wp.com\/www.letourismeaparis.fr\/wp-content\/uploads\/2020\/03\/Capture-d%E2%80%99e%CC%81cran-2020-03-02-a%CC%80-16.47.13.png?resize=350%2C200","width":350,"height":200},"classes":[]},{"id":9926,"url":"http:\/\/www.letourismeaparis.fr\/index.php\/2011\/03\/30\/conferences-duniverscience-a-la-cite-des-sciences-et-au-palais-de-la-decouverte-en-avril\/","url_meta":{"origin":19832,"position":5},"title":"Conf\u00e9rences d&#039;universcience \u00e0 la Cit\u00e9 des sciences et au Palais de la d\u00e9couverte en avril","author":"Fabienne TM","date":"30 mars 2011","format":false,"excerpt":"A la Cit\u00e9 des sciences et de l'industrie : La science-fiction \u00e0 l'assaut du manga\u00a0\u00a0 samedi 2 avril, de 10 h \u00e0 18 h Au Palais de la d\u00e9couverte\u00a0\u00a0 Les femmes et la science\u00a0\u00a0 vendredi 1er avril \u00e0 14 h Au Palais de la d\u00e9couverte\u00a0\u00a0 Livre \u00e0 la Une\u00a0\u00a0\u00a0 Conf\u00e9rence\u2026","rel":"","context":"Dans &quot;Non class\u00e9&quot;","block_context":{"text":"Non class\u00e9","link":"http:\/\/www.letourismeaparis.fr\/index.php\/category\/non-classe\/"},"img":{"alt_text":"","src":"","width":0,"height":0},"classes":[]}],"jetpack_sharing_enabled":true,"jetpack_likes_enabled":true,"_links":{"self":[{"href":"http:\/\/www.letourismeaparis.fr\/index.php\/wp-json\/wp\/v2\/posts\/19832","targetHints":{"allow":["GET"]}}],"collection":[{"href":"http:\/\/www.letourismeaparis.fr\/index.php\/wp-json\/wp\/v2\/posts"}],"about":[{"href":"http:\/\/www.letourismeaparis.fr\/index.php\/wp-json\/wp\/v2\/types\/post"}],"author":[{"embeddable":true,"href":"http:\/\/www.letourismeaparis.fr\/index.php\/wp-json\/wp\/v2\/users\/2"}],"replies":[{"embeddable":true,"href":"http:\/\/www.letourismeaparis.fr\/index.php\/wp-json\/wp\/v2\/comments?post=19832"}],"version-history":[{"count":0,"href":"http:\/\/www.letourismeaparis.fr\/index.php\/wp-json\/wp\/v2\/posts\/19832\/revisions"}],"wp:attachment":[{"href":"http:\/\/www.letourismeaparis.fr\/index.php\/wp-json\/wp\/v2\/media?parent=19832"}],"wp:term":[{"taxonomy":"category","embeddable":true,"href":"http:\/\/www.letourismeaparis.fr\/index.php\/wp-json\/wp\/v2\/categories?post=19832"},{"taxonomy":"post_tag","embeddable":true,"href":"http:\/\/www.letourismeaparis.fr\/index.php\/wp-json\/wp\/v2\/tags?post=19832"}],"curies":[{"name":"wp","href":"https:\/\/api.w.org\/{rel}","templated":true}]}}