{"id":19834,"date":"2017-05-09T20:53:42","date_gmt":"2017-05-09T19:53:42","guid":{"rendered":"http:\/\/www.letourismeaparis.fr\/?p=19834"},"modified":"2017-05-09T20:53:42","modified_gmt":"2017-05-09T19:53:42","slug":"le-fia-formula-e-est-le-premier-championnat-de-monoplaces-100-electrique-20-mai-2017-a-paris","status":"publish","type":"post","link":"http:\/\/www.letourismeaparis.fr\/index.php\/2017\/05\/09\/le-fia-formula-e-est-le-premier-championnat-de-monoplaces-100-electrique-20-mai-2017-a-paris\/","title":{"rendered":"Le FIA Formula E est le premier championnat de monoplaces 100% \u00e9lectrique,  20 mai 2017 \u00e0 Paris"},"content":{"rendered":"<p>Le FIA Formula E est le premier championnat de monoplaces 100% \u00e9lectrique, il s\u2019installe au c\u0153ur des plus grandes villes du monde. Le championnat d\u00e9barque dans la ville lumi\u00e8re le 20 mai 2017 pour la seconde \u00e9dition du Paris .<a href=\"http:\/\/www.letourismeaparis.fr\/wp-content\/uploads\/2017\/05\/Capture-d\u2019e\u0301cran-2017-05-09-a\u0300-15.53.53.png\"><img loading=\"lazy\" decoding=\"async\" class=\"aligncenter size-medium wp-image-19836\" src=\"http:\/\/www.letourismeaparis.fr\/wp-content\/uploads\/2017\/05\/Capture-d\u2019e\u0301cran-2017-05-09-a\u0300-15.53.53-300x122.png\" alt=\"Capture d\u2019e\u0301cran 2017-05-09 a\u0300 15.53.53\" width=\"300\" height=\"122\"><\/a><!--more--> Les plus grands pilotes s\u2019affronteront sur le circuit des Invalides. Le show ne sera pas seulement sur la piste, vous retrouverez les nombreuses animations du Allianz eVillage \u00e0 partir du vendredi 19 mai de midi \u00e0 22h et le samedi de 7h30 \u00e0 18h.<\/p>\n","protected":false},"excerpt":{"rendered":"<p>Le FIA Formula E est le premier championnat de monoplaces 100% \u00e9lectrique, il s\u2019installe au c\u0153ur des plus grandes villes du monde. Le championnat d\u00e9barque dans la ville lumi\u00e8re le 20 mai 2017 pour la seconde \u00e9dition du Paris .<\/p>\n","protected":false},"author":2,"featured_media":0,"comment_status":"open","ping_status":"open","sticky":false,"template":"","format":"standard","meta":{"ngg_post_thumbnail":0,"jetpack_post_was_ever_published":false,"_jetpack_newsletter_access":"","footnotes":""},"categories":[7],"tags":[],"class_list":["post-19834","post","type-post","status-publish","format-standard","hentry","category-automobiles"],"jetpack_featured_media_url":"","jetpack-related-posts":[{"id":18149,"url":"http:\/\/www.letourismeaparis.fr\/index.php\/2016\/04\/22\/course-de-formule-e-a-paris-samedi-23-avril-sur-lesplanade-des-invalides\/","url_meta":{"origin":19834,"position":0},"title":"Course de Formule E \u00e0 Paris, samedi 23 avril sur l\u2019esplanade des invalides","author":"Fabienne TM","date":"22 avril 2016","format":false,"excerpt":"La Formula E est un championnat r\u00e9volutionnaire plac\u00e9 sous l\u2019\u00e9gide de la FIA et la premi\u00e8re discipline 100 % \u00e9lectrique dans le monde des sports m\u00e9caniques. L\u2019objectif de la Formula E est de proposer une vision nouvelle de l\u2019industrie automobile et de servir de cadre de recherche et de d\u00e9veloppement\u2026","rel":"","context":"Dans &quot;Automobiles&quot;","block_context":{"text":"Automobiles","link":"http:\/\/www.letourismeaparis.fr\/index.php\/category\/culture\/musees-expositions\/automobiles\/"},"img":{"alt_text":"","src":"","width":0,"height":0},"classes":[]},{"id":20930,"url":"http:\/\/www.letourismeaparis.fr\/index.php\/2018\/04\/26\/qatar-airways-paris-e-prix-2018-le-circuit-des-invalides-vendredi-27-et-samedi-28-avril\/","url_meta":{"origin":19834,"position":1},"title":"Qatar Airways Paris E-Prix 2018  :  Le circuit des Invalides vendredi 27 et samedi 28 avril","author":"Fabienne TM","date":"26 avril 2018","format":false,"excerpt":"La Formule E le cadre du Circuit des Invalides, en plein c\u0153ur d'une ville qui sera le th\u00e9\u00e2tre du huiti\u00e8me manche d'un championnat de courses automobiles de classe mondiale. \u00a0 D'une longueur de 1,9 km, le Circuit des Invalides est l'un des trac\u00e9s les plus courts du calendrier. Dans les\u2026","rel":"","context":"Dans &quot;Non class\u00e9&quot;","block_context":{"text":"Non class\u00e9","link":"http:\/\/www.letourismeaparis.fr\/index.php\/category\/non-classe\/"},"img":{"alt_text":"","src":"","width":0,"height":0},"classes":[]},{"id":18214,"url":"http:\/\/www.letourismeaparis.fr\/index.php\/2016\/05\/13\/les-21-et-22-mai-lancement-de-e-mehari-a-la-plage-de-la-bastille\/","url_meta":{"origin":19834,"position":2},"title":"LES 21 ET 22 MAI, LANCEMENT DE E-MEHARI  \u00c0 LA PLAGE\u2026 DE LA BASTILLE !","author":"Fabienne TM","date":"13 mai 2016","format":false,"excerpt":"\u00a0 La c\u00e9l\u00e8bre place se transformera en plage le week-end des 21 et 22 mai. L\u2019esprit \u2018Feel Good\u2019 de la Marque soufflera avec des animations 100 % gratuites et ouvertes \u00e0 tous : surf m\u00e9canique, beach volley, p\u00e9tanque, sans oublier des essais \u00e0 bord de l\u2019\u00e9lectron libre de la gamme,\u2026","rel":"","context":"Dans &quot;Automobiles&quot;","block_context":{"text":"Automobiles","link":"http:\/\/www.letourismeaparis.fr\/index.php\/category\/culture\/musees-expositions\/automobiles\/"},"img":{"alt_text":"","src":"https:\/\/i0.wp.com\/www.letourismeaparis.fr\/wp-content\/uploads\/2016\/05\/citroen-paris-251x300.png?resize=350%2C200","width":350,"height":200},"classes":[]},{"id":19841,"url":"http:\/\/www.letourismeaparis.fr\/index.php\/2017\/05\/11\/la-fete-de-la-bretagne-a-paris-a-partir-du-13-mai\/","url_meta":{"origin":19834,"position":3},"title":"La F\u00eate de la Bretagne \u00e0 Paris \u00e0 partir du 13 mai","author":"Fabienne TM","date":"11 mai 2017","format":false,"excerpt":"PARIS 14 \u00a0 Flashmob de danses bretonnes, gare Montparnasse 13 mai Retrouvez vous pour danser sur le parvis de la gare. 14h-15h \u2022 Gratuit \u2022 Gare Montparnasse \u00a0 Bombardes et orgue avec la Kerlenn Pondi et Pardon de la Saint-Yves 13 mai C\u00e9l\u00e9bration religieuse et concert exceptionnel de la Kerlenn\u2026","rel":"","context":"Dans &quot;Non class\u00e9&quot;","block_context":{"text":"Non class\u00e9","link":"http:\/\/www.letourismeaparis.fr\/index.php\/category\/non-classe\/"},"img":{"alt_text":"","src":"","width":0,"height":0},"classes":[]},{"id":10558,"url":"http:\/\/www.letourismeaparis.fr\/index.php\/2011\/06\/14\/mondial-du-modelisme-porte-de-versailles-16-17-18-et-19-juin\/","url_meta":{"origin":19834,"position":4},"title":"MONDIAL DU MODELISME , Porte de Versailles.16, 17, 18 et 19 juin","author":"Fabienne TM","date":"14 juin 2011","format":false,"excerpt":"Depuis plus de 30 ans, il rassemble chaque ann\u00e9e l\u2019\u00e9lite du mod\u00e9lisme, de la maquette, de la figurine et de la miniature, accueillant ainsi 100 000 passionn\u00e9s, 200 exposants, les enfants et adolescents jusqu\u2019\u00e0 15 ans, accompagn\u00e9es d\u2019un adulte, seront accueillis gratuitement et pourront, au travers des ateliers d\u2019initiation, apprendre\u2026","rel":"","context":"Dans &quot;Non class\u00e9&quot;","block_context":{"text":"Non class\u00e9","link":"http:\/\/www.letourismeaparis.fr\/index.php\/category\/non-classe\/"},"img":{"alt_text":"","src":"","width":0,"height":0},"classes":[]},{"id":19605,"url":"http:\/\/www.letourismeaparis.fr\/index.php\/2017\/03\/21\/velotour-a-paris-le-22-mai\/","url_meta":{"origin":19834,"position":5},"title":"VELOTOUR \u00c0 PARIS LE 22 MAI","author":"Fabienne TM","date":"21 mars 2017","format":false,"excerpt":"V\u00e9lotour est un \u00e9v\u00e9nement festif et familial d\u00e9di\u00e9 \u00e0 la d\u00e9couverte \u00e0 v\u00e9lo du patrimoine historique, culturel, sportif et industriel d\u2019une ville Petits et grands sont invit\u00e9s \u00e0 s\u2019amuser \u00e0 travers la d\u00e9couverte d\u2019une quinzaine de sites au d\u00e9part de La Villette et \u00e0 travers le 19e arrondissement de Paris\u2026","rel":"","context":"Dans &quot;Sport&quot;","block_context":{"text":"Sport","link":"http:\/\/www.letourismeaparis.fr\/index.php\/category\/sport\/"},"img":{"alt_text":"","src":"","width":0,"height":0},"classes":[]}],"jetpack_sharing_enabled":true,"jetpack_likes_enabled":true,"_links":{"self":[{"href":"http:\/\/www.letourismeaparis.fr\/index.php\/wp-json\/wp\/v2\/posts\/19834","targetHints":{"allow":["GET"]}}],"collection":[{"href":"http:\/\/www.letourismeaparis.fr\/index.php\/wp-json\/wp\/v2\/posts"}],"about":[{"href":"http:\/\/www.letourismeaparis.fr\/index.php\/wp-json\/wp\/v2\/types\/post"}],"author":[{"embeddable":true,"href":"http:\/\/www.letourismeaparis.fr\/index.php\/wp-json\/wp\/v2\/users\/2"}],"replies":[{"embeddable":true,"href":"http:\/\/www.letourismeaparis.fr\/index.php\/wp-json\/wp\/v2\/comments?post=19834"}],"version-history":[{"count":0,"href":"http:\/\/www.letourismeaparis.fr\/index.php\/wp-json\/wp\/v2\/posts\/19834\/revisions"}],"wp:attachment":[{"href":"http:\/\/www.letourismeaparis.fr\/index.php\/wp-json\/wp\/v2\/media?parent=19834"}],"wp:term":[{"taxonomy":"category","embeddable":true,"href":"http:\/\/www.letourismeaparis.fr\/index.php\/wp-json\/wp\/v2\/categories?post=19834"},{"taxonomy":"post_tag","embeddable":true,"href":"http:\/\/www.letourismeaparis.fr\/index.php\/wp-json\/wp\/v2\/tags?post=19834"}],"curies":[{"name":"wp","href":"https:\/\/api.w.org\/{rel}","templated":true}]}}