{"id":20199,"date":"2017-08-31T11:47:00","date_gmt":"2017-08-31T09:47:00","guid":{"rendered":"http:\/\/www.letourismeaparis.fr\/?p=20199"},"modified":"2017-08-31T11:47:00","modified_gmt":"2017-08-31T09:47:00","slug":"exposition-et-vente-aux-encheres-caritative-de-120-artistes-solidaires-le-3-septembre","status":"publish","type":"post","link":"http:\/\/www.letourismeaparis.fr\/index.php\/2017\/08\/31\/exposition-et-vente-aux-encheres-caritative-de-120-artistes-solidaires-le-3-septembre\/","title":{"rendered":"Exposition et vente aux ench\u00e8res caritative de 120 artistes solidaires le 3 septembre"},"content":{"rendered":"<p>&nbsp;100% des recettes de la vente ira \u00e0 l&rsquo;association Le Carillon, r\u00e9seau de solidarit\u00e9 et projet d\u2019insertion des personnes sans abri.<br \/>\nOeuvres \u00e0 petits prix ou artistes c\u00f4t\u00e9s, ainsi que des artistes vivant \u00e0 la rue\u2026 de quoi se faire plaisir tout en faisant une bonne action ! <a href=\"http:\/\/www.letourismeaparis.fr\/wp-content\/uploads\/2017\/08\/unnamed.jpg\"><img loading=\"lazy\" decoding=\"async\" class=\"aligncenter size-medium wp-image-20200\" src=\"http:\/\/www.letourismeaparis.fr\/wp-content\/uploads\/2017\/08\/unnamed-212x300.jpg\" alt=\"unnamed\" width=\"212\" height=\"300\"><\/a><br \/>\nLE PURGATOIRE &#8211; 54 PARADIS<br \/>\n54 rue de Paradis, 75010, Paris)<br \/>\nExpo : Du samedi 2\/9 \u00e0 10h au dimanche 3\/9 \u00e0 15h30<br \/>\nVente aux ench\u00e8res : le dimanche 3\/9 \u00e0 16h.<!--more--><br \/>\n&nbsp;<br \/>\nListe des artistes dans le fil d\u2019actualit\u00e9 de l\u2019\u00e9v\u00e8nement. Catalogue complet dispo samedi.<br \/>\n&nbsp;<br \/>\n\u2728\u2728 PROGRAMME DU WEEK-END \u2728\u2728<br \/>\nSAMEDI 2\/9 &#8211; Expo de 10h \u00e0 22h<br \/>\n&gt; 15h-16h : performance musicale de No\u00ebl Rasendrason, architecte sonore<br \/>\n&gt; 17h30 : performance slam de Ludo, ambassadeur sans domicile du Carillon<br \/>\n&gt; 18h : live painting d&rsquo; Arthur Simony Artiste et Edmond LI Bellefroid<br \/>\n&gt; 18h-21h : bar \u00e0 cidre et pr\u00e9sentation du projet Le Carillon par son fondateur et l&rsquo;\u00e9quipe<br \/>\n&nbsp;<br \/>\nDIMANCHE 3\/9 &#8211; Expo de 10h \u00e0 15h30<br \/>\n&gt; 14h-15h : live tattoo aux ench\u00e8res<br \/>\n&gt; 16h-17h30 : vente aux ench\u00e8res des oeuvres<br \/>\n&nbsp;<br \/>\n___________________________<br \/>\nPr\u00e9cision pour les ench\u00e8res :<br \/>\n&#8211; R\u00e9glements accept\u00e9s : Ch\u00e8que sous pr\u00e9sentation d\u2019une pi\u00e8ce d\u2019identit\u00e9, liquide et CB<br \/>\n&#8211; Pendant l&rsquo;expo du samedi et dimanche, il sera possible de poser des ench\u00e8res sur les oeuvres. Ces ench\u00e8res seront pris en compte pour la vente, comme prix de d\u00e9part des ench\u00e8res.<br \/>\n___________________________<br \/>\n&nbsp;<br \/>\nEn savoir plus sur Le Carillon : lecarillon.org<\/p>\n","protected":false},"excerpt":{"rendered":"<p>&nbsp;100% des recettes de la vente ira \u00e0 l&rsquo;association Le Carillon, r\u00e9seau de solidarit\u00e9 et projet d\u2019insertion des personnes sans abri. Oeuvres \u00e0 petits prix ou artistes c\u00f4t\u00e9s, ainsi que des artistes vivant \u00e0 la rue\u2026 de quoi se faire&#8230;<\/p>\n","protected":false},"author":2,"featured_media":0,"comment_status":"open","ping_status":"open","sticky":false,"template":"","format":"standard","meta":{"ngg_post_thumbnail":0,"jetpack_post_was_ever_published":false,"_jetpack_newsletter_access":"","footnotes":""},"categories":[11,40],"tags":[],"class_list":["post-20199","post","type-post","status-publish","format-standard","hentry","category-bon-plan","category-oeuvres-caritatives"],"jetpack_featured_media_url":"","jetpack-related-posts":[{"id":17363,"url":"http:\/\/www.letourismeaparis.fr\/index.php\/2015\/11\/27\/la-cow-parade-au-mini-palais-du-20-novembre-au-15-decembre\/","url_meta":{"origin":20199,"position":0},"title":"La cow parade au &quot;Mini Palais&quot; jusqu&#039;au 15 d\u00e9cembre","author":"Fabienne TM","date":"27 novembre 2015","format":false,"excerpt":"La \u00ab Cow Parade Transhumance \u00bb, exposition de 50 vaches grandeur nature \u00ab\u00a0design\u00e9es\u00a0\u00bb par des artistes de renom, a sillonn\u00e9 la France , la Cow Parade revient aux sources et termine sa transhumance \u00e0 Paris, sur l\u2019exceptionnelle terrasse du Mini Palais du 20 novembre jusqu\u2019au 15 d\u00e9cembre, date de la\u2026","rel":"","context":"Dans &quot;Familles&quot;","block_context":{"text":"Familles","link":"http:\/\/www.letourismeaparis.fr\/index.php\/category\/familles\/"},"img":{"alt_text":"","src":"https:\/\/i0.wp.com\/www.letourismeaparis.fr\/wp-content\/uploads\/2015\/11\/vache-205x300.png?resize=350%2C200","width":350,"height":200},"classes":[]},{"id":15983,"url":"http:\/\/www.letourismeaparis.fr\/index.php\/2014\/11\/18\/les-artistes-ont-du-coeur-une-vente-aux-encheres-drouot-exceptionnelle-au-profit-de-lafm-telethon\/","url_meta":{"origin":20199,"position":1},"title":"\u00ab Les artistes ont du coeur. \u00bb : une vente aux ench\u00e8res, \u00e0 Drouot,  exceptionnelle au profit de l\u2019AFM T\u00e9l\u00e9thon.","author":"Fabienne TM","date":"18 novembre 2014","format":false,"excerpt":"Drouot, son Pr\u00e9sidant Georges Delettrez et la maison de ventes\u00a0Cornette de Saint Cyr s\u2019associent pour la premi\u00e8re fois\u00a0\u00e0 France\u00a0T\u00e9l\u00e9visions pour r\u00e9aliser une vente aux ench\u00e8res exceptionnelle\u00a0au profit de l\u2019AFM T\u00e9l\u00e9thon.Un rendez-vous \u00a0retransmis sur France 2 \u2022 Une vente ONLINE d\u2019objets surprises, offerts au cours des 30h dedirect par les personnalit\u00e9s\u2026","rel":"","context":"Dans &quot;Non class\u00e9&quot;","block_context":{"text":"Non class\u00e9","link":"http:\/\/www.letourismeaparis.fr\/index.php\/category\/non-classe\/"},"img":{"alt_text":"","src":"","width":0,"height":0},"classes":[]},{"id":15837,"url":"http:\/\/www.letourismeaparis.fr\/index.php\/2014\/10\/14\/vente-caritative-au-profit-de-linstitut-curie-des-femmes-donnent-aux-femmes\/","url_meta":{"origin":20199,"position":2},"title":"Vente caritative au profit de l&#039;institut Curie \u00ab Des femmes donnent aux femmes \u00bb","author":"Fabienne TM","date":"14 octobre 2014","format":false,"excerpt":"Jeudi 16 octobre 2014 \u00e0 19h30 \u00e0 la Salle Drouot Des v\u00eatements de stars et de grande marque, seront dispers\u00e9s aux ench\u00e8res au profit de la recherche contre le cancer. Drouot-Richelieu, Salle 9 - 9, rue Drouot - 75009 Paris Exposition : \u00a0mercredi 15 et jeudi 16 octobre - 10h\u2026","rel":"","context":"Dans &quot;Non class\u00e9&quot;","block_context":{"text":"Non class\u00e9","link":"http:\/\/www.letourismeaparis.fr\/index.php\/category\/non-classe\/"},"img":{"alt_text":"","src":"","width":0,"height":0},"classes":[]},{"id":16857,"url":"http:\/\/www.letourismeaparis.fr\/index.php\/2015\/08\/14\/la-cow-parade-au-jardin-dacclimatation-jusquau-18-aout\/","url_meta":{"origin":20199,"position":3},"title":"La &quot;Cow Parade&quot; au jardin d&#039;acclimatation jusqu&#039;au 18 ao\u00fbt","author":"Fabienne TM","date":"14 ao\u00fbt 2015","format":false,"excerpt":"Vous connaissez la Cow Parade, fameuse\u00a0exposition de vaches d\u2019artistes\u00a0grandeur nature que l\u2019on a pu voir dans plus de 80 villes dans le monde, telles\u00a0que New York, Rio de Janeiro, Tokyo, Londres,Shangha\u00ef, Barcelone... \u00a0 Ce troupeau joyeux et \"colowr\u00e9\", une des plus\u00a0grandes manifestations mondiales d\u2019art\u00a0urbain, revient en France \u00e0 partir du\u2026","rel":"","context":"Dans &quot;Non class\u00e9&quot;","block_context":{"text":"Non class\u00e9","link":"http:\/\/www.letourismeaparis.fr\/index.php\/category\/non-classe\/"},"img":{"alt_text":"","src":"https:\/\/i0.wp.com\/www.letourismeaparis.fr\/wp-content\/uploads\/2015\/06\/cow-203x300.png?resize=350%2C200","width":350,"height":200},"classes":[]},{"id":25164,"url":"http:\/\/www.letourismeaparis.fr\/index.php\/2023\/05\/26\/revelations-au-grand-palais-ephemere\/","url_meta":{"origin":20199,"position":4},"title":"R\u00e9v\u00e9lations au Grand Palais \u00e9ph\u00e9m\u00e8re","author":"Fabienne TM","date":"26 mai 2023","format":false,"excerpt":"Excellence, avant-gardisme, \u00e9clectisme sont les valeurs port\u00e9es par la biennale R\u00e9v\u00e9lations. Cr\u00e9\u00e9e et organis\u00e9e depuis 2013 par Ateliers d\u2019Art de France, R\u00e9v\u00e9lations affirme l\u2019identit\u00e9 et la place du cr\u00e9ateur dans la soci\u00e9t\u00e9 et l\u2019\u00e9conomie mondiale de la cr\u00e9ation. Gr\u00e2ce \u00e0 la sc\u00e9nographie singuli\u00e8re d\u2019Adrien Gard\u00e8re, 3000 pi\u00e8ces sont d\u00e9voil\u00e9es au\u2026","rel":"","context":"Dans &quot;Artisanat&quot;","block_context":{"text":"Artisanat","link":"http:\/\/www.letourismeaparis.fr\/index.php\/category\/culture\/musees-expositions\/artisanat\/"},"img":{"alt_text":"","src":"","width":0,"height":0},"classes":[]},{"id":20211,"url":"http:\/\/www.letourismeaparis.fr\/index.php\/2017\/09\/06\/grande-vente-solidaire-emmaus-coup-de-main-septembre-2017\/","url_meta":{"origin":20199,"position":5},"title":"Grande vente solidaire Emma\u00fcs Coup de main &#8211; Septembre 2017","author":"Fabienne TM","date":"6 septembre 2017","format":false,"excerpt":"Grande vente solidaire Emma\u00fcs Coup de main - Septembre 2017 L'association\u00a0Emma\u00fcs Coup de main\u00a0organise sa troisi\u00e8me grande vente solidaire de l'ann\u00e9e 2017, le samedi 9 et dimanche 10 septembre 2017 de 10h \u00e0 18h \u00e0 la Recyclerie de Paris 20\u00e8me. Au programme, meubles et \u00e9quipements de la maison, \u00e9lectrom\u00e9nager, Hi\/fi,\u2026","rel":"","context":"Dans &quot;Oeuvres-Caritatives&quot;","block_context":{"text":"Oeuvres-Caritatives","link":"http:\/\/www.letourismeaparis.fr\/index.php\/category\/bonnes-oeuvres\/"},"img":{"alt_text":"","src":"","width":0,"height":0},"classes":[]}],"jetpack_sharing_enabled":true,"jetpack_likes_enabled":true,"_links":{"self":[{"href":"http:\/\/www.letourismeaparis.fr\/index.php\/wp-json\/wp\/v2\/posts\/20199","targetHints":{"allow":["GET"]}}],"collection":[{"href":"http:\/\/www.letourismeaparis.fr\/index.php\/wp-json\/wp\/v2\/posts"}],"about":[{"href":"http:\/\/www.letourismeaparis.fr\/index.php\/wp-json\/wp\/v2\/types\/post"}],"author":[{"embeddable":true,"href":"http:\/\/www.letourismeaparis.fr\/index.php\/wp-json\/wp\/v2\/users\/2"}],"replies":[{"embeddable":true,"href":"http:\/\/www.letourismeaparis.fr\/index.php\/wp-json\/wp\/v2\/comments?post=20199"}],"version-history":[{"count":0,"href":"http:\/\/www.letourismeaparis.fr\/index.php\/wp-json\/wp\/v2\/posts\/20199\/revisions"}],"wp:attachment":[{"href":"http:\/\/www.letourismeaparis.fr\/index.php\/wp-json\/wp\/v2\/media?parent=20199"}],"wp:term":[{"taxonomy":"category","embeddable":true,"href":"http:\/\/www.letourismeaparis.fr\/index.php\/wp-json\/wp\/v2\/categories?post=20199"},{"taxonomy":"post_tag","embeddable":true,"href":"http:\/\/www.letourismeaparis.fr\/index.php\/wp-json\/wp\/v2\/tags?post=20199"}],"curies":[{"name":"wp","href":"https:\/\/api.w.org\/{rel}","templated":true}]}}