{"id":20224,"date":"2017-09-04T17:03:12","date_gmt":"2017-09-04T15:03:12","guid":{"rendered":"http:\/\/www.letourismeaparis.fr\/?p=20224"},"modified":"2017-09-04T17:03:12","modified_gmt":"2017-09-04T15:03:12","slug":"jazz-a-la-villette-jusquau-13-septembre","status":"publish","type":"post","link":"http:\/\/www.letourismeaparis.fr\/index.php\/2017\/09\/04\/jazz-a-la-villette-jusquau-13-septembre\/","title":{"rendered":"JAZZ A LA VILLETTE   jusqu&#039;au 13  septembre"},"content":{"rendered":"<p>Chaque ann\u00e9e d\u00e9but septembre, Jazz \u00e0 la Villette s&rsquo;amuse \u00e0 enjamber les fronti\u00e8res entre les styles musicaux.<a href=\"http:\/\/www.letourismeaparis.fr\/wp-content\/uploads\/2017\/09\/jazzvillette2017_120x150.jpg\"><img loading=\"lazy\" decoding=\"async\" class=\"aligncenter size-full wp-image-20225\" src=\"http:\/\/www.letourismeaparis.fr\/wp-content\/uploads\/2017\/09\/jazzvillette2017_120x150.jpg\" alt=\"jazzvillette2017_120x150\" width=\"120\" height=\"150\"><\/a><br \/>\nMardi 5 septembre<br \/>\n20h00<br \/>\nGregory Porter<br \/>\n1re partie : Don Bryant &amp; The Bo-Keys<br \/>\nGrande halle de La Villette<br \/>\n&nbsp;<br \/>\nMardi 5 septembre<br \/>\n21h00<br \/>\nBeno\u00eet Delbecq, Steve Arg\u00fcelles, Nicolas Becker, Christophe \u00ab Disco \u00bb Minck<br \/>\nStudio de l\u2019Ermitage<br \/>\n&nbsp;<br \/>\nAng\u00e9lique Kidjo<br \/>\nMercredi 6 septembre<br \/>\n20h00<br \/>\n1\/ Spanish Harlem Orchestra<br \/>\n2\/ Ang\u00e9lique Kidjo Hommage \u00e0 Celia Cruz feat. Pedrito Martinez<br \/>\nCit\u00e9 de la musique\u2026&nbsp;<br \/>\n&nbsp;<br \/>\nhttp:\/\/jazzalavillette.com\/programme<\/p>\n","protected":false},"excerpt":{"rendered":"<p>Chaque ann\u00e9e d\u00e9but septembre, Jazz \u00e0 la Villette s&rsquo;amuse \u00e0 enjamber les fronti\u00e8res entre les styles musicaux. Mardi 5 septembre 20h00 Gregory Porter 1re partie : Don Bryant &amp; The Bo-Keys Grande halle de La Villette &nbsp; Mardi 5 septembre&#8230;<\/p>\n","protected":false},"author":2,"featured_media":0,"comment_status":"open","ping_status":"open","sticky":false,"template":"","format":"standard","meta":{"ngg_post_thumbnail":0,"jetpack_post_was_ever_published":false,"_jetpack_newsletter_access":"","footnotes":""},"categories":[29],"tags":[],"class_list":["post-20224","post","type-post","status-publish","format-standard","hentry","category-festival"],"jetpack_featured_media_url":"","jetpack-related-posts":[{"id":3931,"url":"http:\/\/www.letourismeaparis.fr\/index.php\/2009\/08\/30\/jazz-a-la-villette-du-1er-au-13-septembre-pour-petits-et-grands\/","url_meta":{"origin":20224,"position":0},"title":"Jazz \u00e0 la Villette du 1er au 13 septembre pour petits et grands","author":"Fabienne TM","date":"30 ao\u00fbt 2009","format":false,"excerpt":"Du 1er au 13 septembre 2009 Hank Jones, Ahmad Jamal, Ornette Coleman, Ron Carter, Seun Kuti, Amadou & Mariam, De la Soul, Yael Naim, John Zorn et Jazz \u00e0 la Villette for Kids !Samedi 5 Septembre 11h Conte musical d\u2019apr\u00e8s Pierre et le Loup par Fran\u00e7ois Jeanneau Pandemonium. l\u2019oeuvre de\u2026","rel":"","context":"Dans &quot;Non class\u00e9&quot;","block_context":{"text":"Non class\u00e9","link":"http:\/\/www.letourismeaparis.fr\/index.php\/category\/non-classe\/"},"img":{"alt_text":"","src":"","width":0,"height":0},"classes":[]},{"id":11881,"url":"http:\/\/www.letourismeaparis.fr\/index.php\/2012\/08\/27\/jazz-a-la-villette-differentes-salles-de-spectacles-selon-le-concert-du-29-aout-au-9-septembre\/","url_meta":{"origin":20224,"position":1},"title":"Jazz \u00e0 la Villette ( diff\u00e9rentes salles de spectacles selon le concert) du 29 aout au 9 septembre","author":"Fabienne TM","date":"27 ao\u00fbt 2012","format":false,"excerpt":"Mercredi 29 Ao\u00fbt Macy Gray\u00a0 DR GRANDE HALLE DE LA VILLETTE \/ 20H Stomping and Singin\u2019 the Blues David Murray Big Band & Macy Gray 1re PARTIE : Lianne La Havas Voir un extrait vid\u00e9o de David Murray Big Band & Macy Gray Voir un extrait vid\u00e9o de Lianne La\u2026","rel":"","context":"Dans &quot;Cin\u00e9ma&quot;","block_context":{"text":"Cin\u00e9ma","link":"http:\/\/www.letourismeaparis.fr\/index.php\/category\/spectacle\/cinema\/"},"img":{"alt_text":"","src":"","width":0,"height":0},"classes":[]},{"id":11893,"url":"http:\/\/www.letourismeaparis.fr\/index.php\/2012\/09\/03\/jazz-a-la-villette-2\/","url_meta":{"origin":20224,"position":2},"title":"Jazz \u00e0 la Villette","author":"Fabienne TM","date":"3 septembre 2012","format":false,"excerpt":"Larry Graham & Graham Central Station 1\u00e8re partie Anthony Joseph & The Spasm Band MARDI 4 SEPTEMBRE \/ 20H GRANDE HALLE DE LA VILLETTE A 65 ans pass\u00e9s, le mythique musicien n\u2019a gu\u00e8re perdu de sa verve groovy et de sa virtuosit\u00e9 l\u00e9gendaire. Larry Graham nous proposera l\u00e0 un funk\u2026","rel":"","context":"Dans &quot;Festivals \/ Manifestations&quot;","block_context":{"text":"Festivals \/ Manifestations","link":"http:\/\/www.letourismeaparis.fr\/index.php\/category\/spectacle\/festival\/"},"img":{"alt_text":"","src":"","width":0,"height":0},"classes":[]},{"id":8368,"url":"http:\/\/www.letourismeaparis.fr\/index.php\/2010\/09\/04\/jazz-a-la-villette-du-31-aout-au-12-septembre\/","url_meta":{"origin":20224,"position":3},"title":"Jazz \u00e0 la Villette jusqu&#039;au 12 septembre","author":"Fabienne TM","date":"4 septembre 2010","format":false,"excerpt":"Jazz \u00e0 la Villette nous promet une rentr\u00e9e sous le signe des rythmes soul, groove, funk, hip-hop et du jazz sous toutes ses formes.\u00a0 le festival Jazz \u00e0 la Villette vous offrira des rencontres rares et des concerts inoubliables Mar 31 Ao\u00fbt20h - Marc Ribot & Meshell Ndegeocello A Night\u2026","rel":"","context":"Dans &quot;Non class\u00e9&quot;","block_context":{"text":"Non class\u00e9","link":"http:\/\/www.letourismeaparis.fr\/index.php\/category\/non-classe\/"},"img":{"alt_text":"","src":"","width":0,"height":0},"classes":[]},{"id":316,"url":"http:\/\/www.letourismeaparis.fr\/index.php\/2008\/09\/02\/jazz-a-la-villette\/","url_meta":{"origin":20224,"position":4},"title":"Jazz \u00e0 La Villette","author":"Fabienne TM","date":"2 septembre 2008","format":false,"excerpt":"Jazz \u00e0 la Villette jusqu'au 14 septembre Mercredi 3 septembre 20 h Boris Charmatz & M\u00e9d\u00e9ric Collignon Grande Halle 20 h Vincent Courtois & Pierre Baux \u00c9crits Rock Atelier du Plateau 21h Anne Teresa De Keersmaeker \/ Archie Shepp Grande Halle 22 h Zombie Zombie \/ Turzi P Point \u00c9ph\u00e9m\u00e8re\u2026","rel":"","context":"Dans &quot;Non class\u00e9&quot;","block_context":{"text":"Non class\u00e9","link":"http:\/\/www.letourismeaparis.fr\/index.php\/category\/non-classe\/"},"img":{"alt_text":"","src":"","width":0,"height":0},"classes":[]},{"id":11190,"url":"http:\/\/www.letourismeaparis.fr\/index.php\/2011\/11\/08\/exposition-sur-les-gaulois-a-la-villette\/","url_meta":{"origin":20224,"position":5},"title":"Exposition sur les  Gaulois  \u00e0 La Villette","author":"Fabienne TM","date":"8 novembre 2011","format":false,"excerpt":"Gaulois, une expo renversante ! jusqu'au 2 septembre 2012 Quelles traces les Gaulois ont-ils laiss\u00e9es ? Les Gaulois sont partout sous nos pieds, dans les villes comme dans les campagnes. Par bien des aspects de la vie quotidienne, \u00e9conomique et politique, la civilisation gauloise fut aussi avanc\u00e9e que ses voisines\u2026","rel":"","context":"Dans &quot;Non class\u00e9&quot;","block_context":{"text":"Non class\u00e9","link":"http:\/\/www.letourismeaparis.fr\/index.php\/category\/non-classe\/"},"img":{"alt_text":"","src":"","width":0,"height":0},"classes":[]}],"jetpack_sharing_enabled":true,"jetpack_likes_enabled":true,"_links":{"self":[{"href":"http:\/\/www.letourismeaparis.fr\/index.php\/wp-json\/wp\/v2\/posts\/20224","targetHints":{"allow":["GET"]}}],"collection":[{"href":"http:\/\/www.letourismeaparis.fr\/index.php\/wp-json\/wp\/v2\/posts"}],"about":[{"href":"http:\/\/www.letourismeaparis.fr\/index.php\/wp-json\/wp\/v2\/types\/post"}],"author":[{"embeddable":true,"href":"http:\/\/www.letourismeaparis.fr\/index.php\/wp-json\/wp\/v2\/users\/2"}],"replies":[{"embeddable":true,"href":"http:\/\/www.letourismeaparis.fr\/index.php\/wp-json\/wp\/v2\/comments?post=20224"}],"version-history":[{"count":0,"href":"http:\/\/www.letourismeaparis.fr\/index.php\/wp-json\/wp\/v2\/posts\/20224\/revisions"}],"wp:attachment":[{"href":"http:\/\/www.letourismeaparis.fr\/index.php\/wp-json\/wp\/v2\/media?parent=20224"}],"wp:term":[{"taxonomy":"category","embeddable":true,"href":"http:\/\/www.letourismeaparis.fr\/index.php\/wp-json\/wp\/v2\/categories?post=20224"},{"taxonomy":"post_tag","embeddable":true,"href":"http:\/\/www.letourismeaparis.fr\/index.php\/wp-json\/wp\/v2\/tags?post=20224"}],"curies":[{"name":"wp","href":"https:\/\/api.w.org\/{rel}","templated":true}]}}