{"id":20290,"date":"2017-10-31T13:29:36","date_gmt":"2017-10-31T12:29:36","guid":{"rendered":"http:\/\/www.letourismeaparis.fr\/?p=20290"},"modified":"2017-10-31T13:29:36","modified_gmt":"2017-10-31T12:29:36","slug":"salon-obart-vitrine-du-savoir-faire-des-artisans-createurs-du-24-au-26-novembre-a-paris","status":"publish","type":"post","link":"http:\/\/www.letourismeaparis.fr\/index.php\/2017\/10\/31\/salon-obart-vitrine-du-savoir-faire-des-artisans-createurs-du-24-au-26-novembre-a-paris\/","title":{"rendered":"SALON OB\u2019ART VITRINE DU SAVOIR FAIRE DES ARTISANS CREATEURS du 24 au 26 novembre \u00e0 Paris"},"content":{"rendered":"<p>Le salon Ob\u2019Art Paris est un salon d\u2019objets de cr\u00e9ateurs qui a lieu chaque ann\u00e9e depuis 18 ans en plein c\u0153ur du Marais \u00e0 l\u2019Espace des Blancs Manteaux.<br \/>\nDurant 3 jours et dans une ambiance conviviale et chaleureuse, plus de 65 exposants venus de la France enti\u00e8re pr\u00e9sentent leurs cr\u00e9ations : des objets d\u2019art uniques ou r\u00e9alis\u00e9s en petites s\u00e9ries, que les visiteurs peuvent acqu\u00e9rir \u00e0 des prix accessibles.<!--more--><br \/>\n&nbsp;<br \/>\nMoment de dialogue et d\u2019\u00e9change, Ob\u2019Art Paris permet aussi aux visiteurs d\u2019aller \u00e0 la rencontre des artisans cr\u00e9ateurs pour partager leur passion, leur savoir-faire et leurs inspirations.<br \/>\n&nbsp;<br \/>\nPar souci de diversit\u00e9, de nombreux secteurs de l\u2019artisanat d\u2019art sont repr\u00e9sent\u00e9s : bijoux, textile, c\u00e9ramique, art de la table, coutellerie, verrerie, \u00e9b\u00e9nisterie, sculpture, maroquinerie, luminaires, mode et accessoire, mosa\u00efque, chapellerie, et tant d\u2019autres.<br \/>\n&nbsp;<br \/>\n\u00c0 L\u2019 ESPACE DES BLANCS MANTEAUX<br \/>\n48 Rue Vieille du Temple, 75004 Paris<br \/>\n&nbsp;<br \/>\n&nbsp;<br \/>\n&nbsp;<br \/>\n&nbsp;<br \/>\n\u2014\u2014\u2014\u2014\u2014\u2014\u2014\u2014\u2014\u2014\u2014\u2014\u2014\u2014\u2014\u2014\u2014\u2014\u2014\u2014\u2014\u2014\u2014\u2014\u2014\u2014\u2014\u2014\u2014\u2014\u2014\u2014\u2014\u2014\u2014\u2014\u2014\u2014\u2014\u2014\u2014\u2014<br \/>\n&nbsp;<br \/>\n&nbsp;<br \/>\nINFORMATIONS PRATIQUES<br \/>\nOB&rsquo;ART PARIS<br \/>\n&nbsp;<\/p>\n","protected":false},"excerpt":{"rendered":"<p>Le salon Ob\u2019Art Paris est un salon d\u2019objets de cr\u00e9ateurs qui a lieu chaque ann\u00e9e depuis 18 ans en plein c\u0153ur du Marais \u00e0 l\u2019Espace des Blancs Manteaux. Durant 3 jours et dans une ambiance conviviale et chaleureuse, plus de&#8230;<\/p>\n","protected":false},"author":2,"featured_media":0,"comment_status":"open","ping_status":"open","sticky":false,"template":"","format":"standard","meta":{"ngg_post_thumbnail":0,"jetpack_post_was_ever_published":false,"_jetpack_newsletter_access":"","footnotes":""},"categories":[5],"tags":[],"class_list":["post-20290","post","type-post","status-publish","format-standard","hentry","category-artisanat"],"jetpack_featured_media_url":"","jetpack-related-posts":[{"id":20216,"url":"http:\/\/www.letourismeaparis.fr\/index.php\/2017\/09\/08\/design-et-artisanat-dart-lexpo-a-lhotel-de-ville-du-6-au-30-septembre-2017\/","url_meta":{"origin":20290,"position":0},"title":"Design et artisanat d&#039;art, l&#039;expo \u00e0 l&#039;H\u00f4tel de Ville  du 6 au 30 septembre 2017","author":"Fabienne TM","date":"8 septembre 2017","format":false,"excerpt":"Design et artisanat d'art, l'expo \u00e0 l'H\u00f4tel de Ville Plus de 70 cr\u00e9ateurs contemporains, designers et artisans d'art de Berlin et de Paris pr\u00e9sentent des pi\u00e8ces uniques de mobilier contemporain, des installations de luminaires, des objets de d\u00e9coration haut de gamme, des cr\u00e9ations couture sur mesure, ... Monila Holzner L'artisanat\u2026","rel":"","context":"Dans &quot;Artisanat&quot;","block_context":{"text":"Artisanat","link":"http:\/\/www.letourismeaparis.fr\/index.php\/category\/culture\/musees-expositions\/artisanat\/"},"img":{"alt_text":"","src":"https:\/\/i0.wp.com\/www.letourismeaparis.fr\/wp-content\/uploads\/2017\/09\/Capture-d%C3%A2%C2%80%C2%99e%C3%8C%C2%81cran-2017-09-03-a%C3%8C%C2%80-16.43.02-300x217.png?resize=350%2C200","width":350,"height":200},"classes":[]},{"id":16154,"url":"http:\/\/www.letourismeaparis.fr\/index.php\/2015\/01\/12\/design-artisanat-dart-paris-et-berlin-exposent-leurs-createurs-du-2-au-21-fevrier-2015-hotel-de-ville-de-paris\/","url_meta":{"origin":20290,"position":1},"title":"DESIGN &amp; ARTISANAT D\u2019ART,  PARIS ET BERLIN EXPOSENT LEURS CR\u00c9ATEURS  DU 2 AU 21 F\u00c9VRIER 2015  H\u00d4TEL DE VILLE DE PARIS","author":"Fabienne TM","date":"12 janvier 2015","format":false,"excerpt":"\u00a0 Plus de 70 cr\u00e9ateurs contemporains designers et artisans d\u2019art de Berlin\u00a0et de Paris pr\u00e9senteront, \u00e0 travers une sc\u00e9nographie \u00e9pur\u00e9e et originale, des pi\u00e8ces uniques de mobilier contemporain, des installations de\u00a0luminaires, des objets de d\u00e9coration haut de gamme, des cr\u00e9ations\u00a0couture sur-mesure, \u2026 L\u2019artisanat d\u2019art, pr\u00e9sent\u00e9 sous un nouveau regard, c\u00f4toie\u2026","rel":"","context":"Dans &quot;Mus\u00e9es \/ Expositions&quot;","block_context":{"text":"Mus\u00e9es \/ Expositions","link":"http:\/\/www.letourismeaparis.fr\/index.php\/category\/culture\/musees-expositions\/"},"img":{"alt_text":"","src":"","width":0,"height":0},"classes":[]},{"id":16226,"url":"http:\/\/www.letourismeaparis.fr\/index.php\/2015\/01\/30\/20e-salon-dartisanat-et-des-metiers-dart-du-du-5-au-8-fevrier-2015\/","url_meta":{"origin":20290,"position":2},"title":"20e Salon d&#039;Artisanat et des M\u00e9tiers d&#039;Art du du 5 au 8 f\u00e9vrier 2015.","author":"Fabienne TM","date":"30 janvier 2015","format":false,"excerpt":"Le salon de l'artisanat et des m\u00e9tiers d'Art pr\u00e9sentera, durant quatre jours, plus de 50 artisans, cr\u00e9ateurs et designers contemporains. D\u00e9coration, ameublement, art graphique, stylisme ; ces professionnels vous exposeront la diversit\u00e9 de leur savoir-faire \u00e0 travers des cr\u00e9ations in\u00e9dites. Invit\u00e9s d'honneurs 2015, dix jeunes cr\u00e9ateurs issus des Ateliers de\u2026","rel":"","context":"Dans &quot;Artisanat&quot;","block_context":{"text":"Artisanat","link":"http:\/\/www.letourismeaparis.fr\/index.php\/category\/culture\/musees-expositions\/artisanat\/"},"img":{"alt_text":"","src":"https:\/\/i0.wp.com\/www.letourismeaparis.fr\/wp-content\/uploads\/2015\/01\/artisanat-dart-207x300.jpeg?resize=350%2C200","width":350,"height":200},"classes":[]},{"id":1876,"url":"http:\/\/www.letourismeaparis.fr\/index.php\/2009\/02\/10\/salon-de-lartisanat-et-des-metiers-dart-2009\/","url_meta":{"origin":20290,"position":3},"title":"Salon de l\u2019Artisanat et des M\u00e9tiers d\u2019Art 2009","author":"Fabienne TM","date":"10 f\u00e9vrier 2009","format":false,"excerpt":"Salon de l\u2019Artisanat et des M\u00e9tiers d\u2019Art 2009 jusqu' au 15 f\u00e9vrier, vous pourrez\u00a0 d\u00e9couvrir une centaine de cr\u00e9ateurs de toutes disciplines (dont certains meilleurs ouvriers de France) : artisans en techniques ancestrales et disciplines traditionnelles, designers et cr\u00e9ateurs contemporains, \u00e9coles professionnelles et organismes de formation... L'invit\u00e9 d'honneur 2009, \"le\u2026","rel":"","context":"Dans &quot;Non class\u00e9&quot;","block_context":{"text":"Non class\u00e9","link":"http:\/\/www.letourismeaparis.fr\/index.php\/category\/non-classe\/"},"img":{"alt_text":"","src":"","width":0,"height":0},"classes":[]},{"id":6499,"url":"http:\/\/www.letourismeaparis.fr\/index.php\/2010\/02\/10\/du-samedi-6-au-dimanche-14-fevrier-2010salon-des-artisans-dans-le-11-eme\/","url_meta":{"origin":20290,"position":4},"title":"Salon &quot;artisanat et m\u00e9tiers d&#039;art&quot; jusqu&#039;au 14 f\u00e9vrier","author":"Fabienne TM","date":"10 f\u00e9vrier 2010","format":false,"excerpt":"Pr\u00e8s d\u2019une centaine de cr\u00e9ateurs dans toutes les disciplines pr\u00e9sentent leurs techniques et leurs savoir-faire dans un quartier, symbole de l\u2019artisanat d\u2019art \u00e0 Paris. Pour cette \u00e9dition, la Mairie du 11e et l\u2019Association des Artistes et Artisans d\u2019Art du 11e ont convi\u00e9 la c\u00e9l\u00e8bre Ganterie Agnelle \u00e0 \u00eatre l\u2019invit\u00e9 d\u2019honneur.\u2026","rel":"","context":"Dans &quot;Non class\u00e9&quot;","block_context":{"text":"Non class\u00e9","link":"http:\/\/www.letourismeaparis.fr\/index.php\/category\/non-classe\/"},"img":{"alt_text":"","src":"https:\/\/i0.wp.com\/www.letourismeaparis.fr\/wp-content\/uploads\/2010\/02\/salon-dartisanat-et-des-m%C3%83%C2%A9tiers-dart-220.jpg?resize=350%2C200","width":350,"height":200},"classes":[]},{"id":9465,"url":"http:\/\/www.letourismeaparis.fr\/index.php\/2011\/02\/01\/salon-de-lartisanat-et-des-metiers-dart-dans-le-11-eme-du-5-au-12-fevrier\/","url_meta":{"origin":20290,"position":5},"title":"Salon de l&#039;artisanat et des m\u00e9tiers d&#039;art dans le 11 \u00e8me du 5 au 12 f\u00e9vrier","author":"Fabienne TM","date":"1 f\u00e9vrier 2011","format":false,"excerpt":"Un salon qui vous fera d\u00e9couvrir d'excellents artisans de domaines vari\u00e9s. Entr\u00e9e libre. Samedi 5 f\u00e9vrier \u00e0 16 h d\u00e9fil\u00e9 des cr\u00e9ateurs, dimanche 6 f\u00e9vrier \u00e0 15 h, d\u00e9monstration de savoir faire des \u00e9l\u00e8ves du lyc\u00e9e Octave Feuillet , samedi 12 f\u00e9vrier \u00e0 16 h spectacle de danse; 11, rue\u00a0\u2026","rel":"","context":"Dans &quot;Non class\u00e9&quot;","block_context":{"text":"Non class\u00e9","link":"http:\/\/www.letourismeaparis.fr\/index.php\/category\/non-classe\/"},"img":{"alt_text":"","src":"","width":0,"height":0},"classes":[]}],"jetpack_sharing_enabled":true,"jetpack_likes_enabled":true,"_links":{"self":[{"href":"http:\/\/www.letourismeaparis.fr\/index.php\/wp-json\/wp\/v2\/posts\/20290","targetHints":{"allow":["GET"]}}],"collection":[{"href":"http:\/\/www.letourismeaparis.fr\/index.php\/wp-json\/wp\/v2\/posts"}],"about":[{"href":"http:\/\/www.letourismeaparis.fr\/index.php\/wp-json\/wp\/v2\/types\/post"}],"author":[{"embeddable":true,"href":"http:\/\/www.letourismeaparis.fr\/index.php\/wp-json\/wp\/v2\/users\/2"}],"replies":[{"embeddable":true,"href":"http:\/\/www.letourismeaparis.fr\/index.php\/wp-json\/wp\/v2\/comments?post=20290"}],"version-history":[{"count":0,"href":"http:\/\/www.letourismeaparis.fr\/index.php\/wp-json\/wp\/v2\/posts\/20290\/revisions"}],"wp:attachment":[{"href":"http:\/\/www.letourismeaparis.fr\/index.php\/wp-json\/wp\/v2\/media?parent=20290"}],"wp:term":[{"taxonomy":"category","embeddable":true,"href":"http:\/\/www.letourismeaparis.fr\/index.php\/wp-json\/wp\/v2\/categories?post=20290"},{"taxonomy":"post_tag","embeddable":true,"href":"http:\/\/www.letourismeaparis.fr\/index.php\/wp-json\/wp\/v2\/tags?post=20290"}],"curies":[{"name":"wp","href":"https:\/\/api.w.org\/{rel}","templated":true}]}}