{"id":20597,"date":"2017-12-02T14:27:06","date_gmt":"2017-12-02T13:27:06","guid":{"rendered":"http:\/\/www.letourismeaparis.fr\/?p=20597"},"modified":"2017-12-02T14:27:06","modified_gmt":"2017-12-02T13:27:06","slug":"la-fondation-dentreprise-hermes-presente-les-mains-sans-sommeil-au-palais-de-tokyo","status":"publish","type":"post","link":"http:\/\/www.letourismeaparis.fr\/index.php\/2017\/12\/02\/la-fondation-dentreprise-hermes-presente-les-mains-sans-sommeil-au-palais-de-tokyo\/","title":{"rendered":"La Fondation d\u2019entreprise Herm\u00e8s pr\u00e9sente \u00ab Les Mains sans sommeil \u00bbau Palais de Tokyo"},"content":{"rendered":"<p>EXPOSITION DU 24 NOVEMBRE 2017 AU 7 JANVIER 2018<\/p>\n<p style=\"text-align: center;\">La Fondation d\u2019entreprise Herm\u00e8s pr\u00e9sente \u00ab Les Mains sans sommeil \u00bb, une exposition collective r\u00e9unissant les \u0153uvres des plasticiens qui ont particip\u00e9 aux trois .<a href=\"http:\/\/www.letourismeaparis.fr\/wp-content\/uploads\/2017\/12\/Capture-d\u2019e\u0301cran-2017-12-02-a\u0300-14.25.04.png\"><img loading=\"lazy\" decoding=\"async\" class=\"alignnone size-medium wp-image-20600\" src=\"http:\/\/www.letourismeaparis.fr\/wp-content\/uploads\/2017\/12\/Capture-d\u2019e\u0301cran-2017-12-02-a\u0300-14.25.04-300x212.png\" alt=\"Capture d\u2019e\u0301cran 2017-12-02 a\u0300 14.25.04\" width=\"300\" height=\"212\"><\/a><!--more-->derni\u00e8res ann\u00e9es de son programme de r\u00e9sidences d\u2019artistes au sein des manufactures Herm\u00e8s: Bianca Argimon, Jennifer Vinegar Avery, Clarissa Baumann,<\/p>\n<p style=\"text-align: center;\">lucia Bru, Io Burgard, Anastasia Douka, C\u00e9lia Gondol, DH McNabb et Lucie Picandet.<\/p>\n<p>commissaire Gael Charbeau<br \/>\nLES ARTISTES EN R\u00c9SIDENCE DANS LES MANUFACTURES HERM\u00c8S Depuis 2010, la Fondation d\u2019entreprise Herm\u00e8s invite de jeunes plasticiens, parrain\u00e9s par des artistes confirm\u00e9s, \u00e0 explorer des savoir-faire d\u2019exception dans le cadre de r\u00e9sidences<!--more--> au sein des manufactures de la maison Herm\u00e8s, principalement en France. V\u00e9ritable carte blanche en mati\u00e8re de cr\u00e9ation artistique, ce programme a pour ambition la production d\u2019\u0153uvres in\u00e9dites r\u00e9alis\u00e9es \u00e0 partir de mat\u00e9riaux singuliers (soie, cuir, argent, cristal\u2026), en interaction avec les artisans. Accueillir les plasticiens dans un contexte diff\u00e9rent, leur proposer de d\u00e9placer leurs pratiques respectives, constitue une exp\u00e9rience propice \u00e0 une aventure artistique exclusive et atypique. Chaque artiste en r\u00e9sidence produit deux exemplaires de chacune des \u0153uvres r\u00e9alis\u00e9es sur place: l\u2019un demeure son enti\u00e8re propri\u00e9t\u00e9, tandis que l\u2019autre est conserv\u00e9 par la Fondation afin d\u2019\u00eatre pr\u00e9sent\u00e9 dans les manufactures ou dans le cadre d\u2019expositions.<!--more--><br \/>\nL\u2019EXPOSITION AU PALAIS DE TOKYO Au Palais de Tokyo, les \u0153uvres produites par les neuf artistes qui ont particip\u00e9 aux trois derni\u00e8res ann\u00e9es du programme de r\u00e9sidences de la Fondation d\u2019entreprise Herm\u00e8s sont accompagn\u00e9es d\u2019autres \u0153uvres de ces m\u00eames artistes, de mani\u00e8re \u00e0 montrer le contexte dans lequel elles s\u2019inscrivent. compl\u00e9mentarit\u00e9 : les artisans sont des passeurs de gestes guid\u00e9s par le savoir-faire, les artistes sont des inventeurs de formes travers\u00e9s par le laisser-faire.\u00bb<!--more--><br \/>\n&nbsp;<br \/>\nPALAIS DE TOKYO 13, avenue du Pr\u00e9sident Wilson 75116 Paris Ouvert de midi \u00e0 minuit, tous les jours sauf le mardi<br \/>\n<a href=\"http:\/\/www.palaisdetokyo.com\">www.palaisdetokyo.com<\/a><br \/>\nFermeture annuelle les 25 d\u00e9cembre et 1er janvier Fermeture exceptionnelle \u00e0 18 h les 24 et 31 d\u00e9cembre<br \/>\n&nbsp;<\/p>\n","protected":false},"excerpt":{"rendered":"<p>EXPOSITION DU 24 NOVEMBRE 2017 AU 7 JANVIER 2018 La Fondation d\u2019entreprise Herm\u00e8s pr\u00e9sente \u00ab Les Mains sans sommeil \u00bb, une exposition collective r\u00e9unissant les \u0153uvres des plasticiens qui ont particip\u00e9 aux trois .<\/p>\n","protected":false},"author":2,"featured_media":0,"comment_status":"open","ping_status":"open","sticky":false,"template":"","format":"standard","meta":{"ngg_post_thumbnail":0,"jetpack_post_was_ever_published":false,"_jetpack_newsletter_access":"","footnotes":""},"categories":[5,9,36],"tags":[],"class_list":["post-20597","post","type-post","status-publish","format-standard","hentry","category-artisanat","category-beaux-arts","category-luxe"],"jetpack_featured_media_url":"","jetpack-related-posts":[{"id":20564,"url":"http:\/\/www.letourismeaparis.fr\/index.php\/2017\/11\/20\/hermes-a-tire-daile-au-grand-palais-superbe\/","url_meta":{"origin":20597,"position":0},"title":"HERMES A TIRE D&#039;AILE au Grand Palais : superbe !","author":"Fabienne TM","date":"20 novembre 2017","format":false,"excerpt":"Herm\u00e8s pr\u00e9sente l\u2019exposition( entr\u00e9e libre) \u00ab Herm\u00e8s \u00e0 tire-d\u2019aile - Les mondes de Le\u00efla Menchari \u00bb au Grand Palais, du 8 novembre au 3 d\u00e9cembre 2017. \u00ab Dessinez-moi vos r\u00eaves \u00bb avait demand\u00e9 Annie Beaumel, responsable des vitrines d\u2019Herm\u00e8s, \u00e0 Le\u00efla Menchari alors qu\u2019elle se pr\u00e9sentait au 24, Faubourg Saint-Honor\u00e9.\u2026","rel":"","context":"Dans &quot;D\u00e9coration&quot;","block_context":{"text":"D\u00e9coration","link":"http:\/\/www.letourismeaparis.fr\/index.php\/category\/culture\/musees-expositions\/decoration\/"},"img":{"alt_text":"","src":"https:\/\/i0.wp.com\/www.letourismeaparis.fr\/wp-content\/uploads\/2017\/11\/def_affiche_exposition_leila_menchari_au_grand_palais-202x300.jpg?resize=350%2C200","width":350,"height":200},"classes":[]},{"id":12041,"url":"http:\/\/www.letourismeaparis.fr\/index.php\/2012\/10\/01\/le-dessein-du-geste-a-lhotel-de-vile-jusquau-10-octobre\/","url_meta":{"origin":20597,"position":1},"title":"Le  Dessein du Geste \u00e0 l&#039;Hotel de vile jusqu&#039;au 10 octobre.","author":"Fabienne TM","date":"1 octobre 2012","format":false,"excerpt":"Savoir faire et design fran\u00e7ais. L\u2019exposition\u00a0 est un parcours au c\u0153ur des manufactures fran\u00e7aises de grande tradition qui ont fait le pari de la cr\u00e9ation contemporaine. Le visiteur d\u00e9couvre les objets des 26 soci\u00e9t\u00e9s retenues pour cette exposition. Le dialogue entre cr\u00e9ations contemporaines et pi\u00e8ces patrimoniales permet de comprendre la\u2026","rel":"","context":"Dans &quot;Non class\u00e9&quot;","block_context":{"text":"Non class\u00e9","link":"http:\/\/www.letourismeaparis.fr\/index.php\/category\/non-classe\/"},"img":{"alt_text":"","src":"https:\/\/i0.wp.com\/www.letourismeaparis.fr\/wp-content\/uploads\/2012\/10\/geste-241x300.gif?resize=350%2C200","width":350,"height":200},"classes":[]},{"id":19519,"url":"http:\/\/www.letourismeaparis.fr\/index.php\/2017\/02\/24\/expo-photo-magnum-ratp-station-bir-hakeim\/","url_meta":{"origin":20597,"position":2},"title":"Expo photo Magnum\/ RATP station Bir-Hakeim","author":"Fabienne TM","date":"24 f\u00e9vrier 2017","format":false,"excerpt":"A partir du 28 f\u00e9vrier, les 174 images de l\u2019exposition photo Magnum\/ RATP \u00abLa ville en Histoire(s)\u00bb seront visibles dans 11 gares et stations du r\u00e9seau, notamment \u00e0 la station de m\u00e9tro Bir-Hakeim (ligne 6). \u00a0 Cr\u00e9dits photo : Jardin des Tuileries, Paris, France, 2016 Immersion, Fondation d'Entreprise Herm\u00e8s \/\u2026","rel":"","context":"Dans &quot;Photos&quot;","block_context":{"text":"Photos","link":"http:\/\/www.letourismeaparis.fr\/index.php\/category\/culture\/musees-expositions\/photos\/"},"img":{"alt_text":"","src":"","width":0,"height":0},"classes":[]},{"id":16547,"url":"http:\/\/www.letourismeaparis.fr\/index.php\/2015\/04\/07\/le-saut-hermes-au-grand-palais-vendredi-10-samedi-11-et-dimanche-12-avril-2015\/","url_meta":{"origin":20597,"position":3},"title":"LE SAUT HERM\u00c8S AU GRAND PALAIS, vendredi 10, samedi 11 et dimanche 12 avril 2015,","author":"Fabienne TM","date":"7 avril 2015","format":false,"excerpt":"L'\u00e9lite du saut d\u2019obstacles se retrouvera au Grand Palais pour participer \u00e0 une comp\u00e9tition de jumping international de niveau 5*, classification la plus \u00e9lev\u00e9e de la F\u00e9d\u00e9ration \u00e9questre internationale. \u00a0 LES \u00c9PREUVES EN DIRECT Cette ann\u00e9e\u00a0les \u00e9preuves seront retransmises en direct * sur le site : www.sauthermes.com H\u00d4TEL DE VILLE,\u2026","rel":"","context":"Dans &quot;Spectacle&quot;","block_context":{"text":"Spectacle","link":"http:\/\/www.letourismeaparis.fr\/index.php\/category\/spectacle\/"},"img":{"alt_text":"","src":"https:\/\/i0.wp.com\/www.letourismeaparis.fr\/wp-content\/uploads\/2015\/04\/saut-herm%C3%83%C2%A8s-204x300.jpg?resize=350%2C200","width":350,"height":200},"classes":[]},{"id":18968,"url":"http:\/\/www.letourismeaparis.fr\/index.php\/2016\/11\/14\/hermes-hors-les-murs-vendredi-18-au-samedi-26-novembre\/","url_meta":{"origin":20597,"position":4},"title":"HERM\u00c8S HORS LES MURS  VENDREDI 18 AU SAMEDI 26 NOVEMBRE","author":"Fabienne TM","date":"14 novembre 2016","format":false,"excerpt":"\u00a0 Les artisans de dix m\u00e9tiers de la maison parisienne quittent le secret des ateliers Herm\u00e8s pour travailler sous vos yeux, partager leur exp\u00e9rience, leur passion. Dans le cadre de ces ateliers itin\u00e9rants, ils partagent entre eux leurs exp\u00e9riences, communiquent leur passion aux visiteurs. Font la d\u00e9monstration de leur savoir-faire,\u2026","rel":"","context":"Dans &quot;Artisanat&quot;","block_context":{"text":"Artisanat","link":"http:\/\/www.letourismeaparis.fr\/index.php\/category\/culture\/musees-expositions\/artisanat\/"},"img":{"alt_text":"","src":"","width":0,"height":0},"classes":[]},{"id":13120,"url":"http:\/\/www.letourismeaparis.fr\/index.php\/2013\/04\/13\/le-saut-hermes-au-grand-palais-2013-le-theme-de-lannee-2013-chic-le-sport\/","url_meta":{"origin":20597,"position":5},"title":"Le Saut Herm\u00e8s au Grand Palais 2013 le th\u00e8me de l\u2019ann\u00e9e 2013 : Chic, le sport !","author":"Fabienne TM","date":"13 avril 2013","format":false,"excerpt":"Les 12, 13 et 14 avril, sous la vo\u00fbte de la grande nef, \u00e9crin de verre et de lumi\u00e8re, les meilleurs cavaliers du monde se r\u00e9unissent pour disputer une comp\u00e9tition de saut d\u2019obstacles labellis\u00e9e CSI 5* par la F\u00e9d\u00e9ration \u00e9questre internationale et la F\u00e9d\u00e9ration fran\u00e7aise d\u2019\u00e9quitation. samedi 13 avril 16H00\u2026","rel":"","context":"Dans &quot;Non class\u00e9&quot;","block_context":{"text":"Non class\u00e9","link":"http:\/\/www.letourismeaparis.fr\/index.php\/category\/non-classe\/"},"img":{"alt_text":"","src":"","width":0,"height":0},"classes":[]}],"jetpack_sharing_enabled":true,"jetpack_likes_enabled":true,"_links":{"self":[{"href":"http:\/\/www.letourismeaparis.fr\/index.php\/wp-json\/wp\/v2\/posts\/20597","targetHints":{"allow":["GET"]}}],"collection":[{"href":"http:\/\/www.letourismeaparis.fr\/index.php\/wp-json\/wp\/v2\/posts"}],"about":[{"href":"http:\/\/www.letourismeaparis.fr\/index.php\/wp-json\/wp\/v2\/types\/post"}],"author":[{"embeddable":true,"href":"http:\/\/www.letourismeaparis.fr\/index.php\/wp-json\/wp\/v2\/users\/2"}],"replies":[{"embeddable":true,"href":"http:\/\/www.letourismeaparis.fr\/index.php\/wp-json\/wp\/v2\/comments?post=20597"}],"version-history":[{"count":0,"href":"http:\/\/www.letourismeaparis.fr\/index.php\/wp-json\/wp\/v2\/posts\/20597\/revisions"}],"wp:attachment":[{"href":"http:\/\/www.letourismeaparis.fr\/index.php\/wp-json\/wp\/v2\/media?parent=20597"}],"wp:term":[{"taxonomy":"category","embeddable":true,"href":"http:\/\/www.letourismeaparis.fr\/index.php\/wp-json\/wp\/v2\/categories?post=20597"},{"taxonomy":"post_tag","embeddable":true,"href":"http:\/\/www.letourismeaparis.fr\/index.php\/wp-json\/wp\/v2\/tags?post=20597"}],"curies":[{"name":"wp","href":"https:\/\/api.w.org\/{rel}","templated":true}]}}