{"id":20612,"date":"2017-12-08T12:42:16","date_gmt":"2017-12-08T11:42:16","guid":{"rendered":"http:\/\/www.letourismeaparis.fr\/?p=20612"},"modified":"2017-12-08T12:42:16","modified_gmt":"2017-12-08T11:42:16","slug":"hommage-populaire-en-lhonneur-de-johnny-hallyday-samedi-9-decembre","status":"publish","type":"post","link":"http:\/\/www.letourismeaparis.fr\/index.php\/2017\/12\/08\/hommage-populaire-en-lhonneur-de-johnny-hallyday-samedi-9-decembre\/","title":{"rendered":"Hommage populaire en l&#039;honneur de Johnny Hallyday samedi 9 d\u00e9cembre"},"content":{"rendered":"<p>D\u00e9tail de l&rsquo;hommage populaire en l&rsquo;honneur de Johnny Hallyday:<br \/>\nSamedi 9 d\u00e9cembre 2017 \u00e0 11h : D\u00e9part du cort\u00e8ge fun\u00e9raire du Mont-Val\u00e9rien vers la place de la Concorde<br \/>\nD\u00e9part \u00e0 12h du convoi fun\u00e9raire depuis l&rsquo;Arc de Triomphe pour descendre l&rsquo;avenue des Champs-Elys\u00e9es<br \/>\nHommage musical sur la Place de La Concorde<br \/>\nC\u00e9r\u00e9monie \u00e0 l&rsquo;Eglise de La Madeleine \u00e0 13h<\/p>\n","protected":false},"excerpt":{"rendered":"<p>D\u00e9tail de l&rsquo;hommage populaire en l&rsquo;honneur de Johnny Hallyday: Samedi 9 d\u00e9cembre 2017 \u00e0 11h : D\u00e9part du cort\u00e8ge fun\u00e9raire du Mont-Val\u00e9rien vers la place de la Concorde D\u00e9part \u00e0 12h du convoi fun\u00e9raire depuis l&rsquo;Arc de Triomphe pour descendre&#8230;<\/p>\n","protected":false},"author":2,"featured_media":0,"comment_status":"open","ping_status":"open","sticky":false,"template":"","format":"standard","meta":{"ngg_post_thumbnail":0,"jetpack_post_was_ever_published":false,"_jetpack_newsletter_access":"","footnotes":""},"categories":[28,39],"tags":[],"class_list":["post-20612","post","type-post","status-publish","format-standard","hentry","category-familles","category-musique"],"jetpack_featured_media_url":"","jetpack-related-posts":[{"id":3042,"url":"http:\/\/www.letourismeaparis.fr\/index.php\/2009\/05\/28\/johnny-hallyday-au-stade-france-le-30-mai-et-sur-tf1\/","url_meta":{"origin":20612,"position":0},"title":"Johnny Hallyday au Stade France et sur TF1 le 30 mai","author":"Fabienne TM","date":"28 mai 2009","format":false,"excerpt":"Pour ceux qui ne pourront pas \u00eatre au concert donn\u00e9 au stade de France le 30 mai, TF1 va diffuser ce concert en direct. Johnny\u00a0 se produira le 14 juillet au Champ de Mars pour un concert gratuit ... http:\/\/www.stadefrance.com http:\/\/www.tf1.fr","rel":"","context":"Dans &quot;Non class\u00e9&quot;","block_context":{"text":"Non class\u00e9","link":"http:\/\/www.letourismeaparis.fr\/index.php\/category\/non-classe\/"},"img":{"alt_text":"","src":"","width":0,"height":0},"classes":[]},{"id":3597,"url":"http:\/\/www.letourismeaparis.fr\/index.php\/2009\/07\/11\/14-juillet-vous-allez-danserainsi-que-le-13-juillet\/","url_meta":{"origin":20612,"position":1},"title":"14 juillet : vous allez danser,ainsi que le 13 juillet&#8230;","author":"Fabienne TM","date":"11 juillet 2009","format":false,"excerpt":"Place de la Bastille,\u00a0 le 13 juillet, de 20h30 \u00e0 0h30. Sous la Plage , Parc Andr\u00e9 Citro\u00ebn, \u00a0\u00a0\u00a0 le 13 juillet de 18h \u00e0 l'aube. Champ de Mars : Avant le feu d'artifice tir\u00e9 depuis le pont d'I\u00e9na, un concert de\u00a0\u00a0 Johnny Hallyday\u00a0 sera donn\u00e9 au pied de la\u2026","rel":"","context":"Dans &quot;Non class\u00e9&quot;","block_context":{"text":"Non class\u00e9","link":"http:\/\/www.letourismeaparis.fr\/index.php\/category\/non-classe\/"},"img":{"alt_text":"","src":"","width":0,"height":0},"classes":[]},{"id":3316,"url":"http:\/\/www.letourismeaparis.fr\/index.php\/2009\/06\/19\/fete-de-la-musique-en-famille-selection\/","url_meta":{"origin":20612,"position":2},"title":"F\u00eate de la musique en famille (s\u00e9lection)","author":"Fabienne TM","date":"19 juin 2009","format":false,"excerpt":"La musique classique expliqu\u00e9e aux enfants et aux parents avec Jean-Fran\u00e7ois Zygel. Au programme : L'Apprenti Sorcier de Paul Dukas et Danse Macabre de Camille Saint-Sa\u00ebns. Th\u00e9\u00e2tre du Ch\u00e2telet - Place du Ch\u00e2telet 75001 PARIS 1er Horaires : entre 15:00 et 16:30 et\u00a0 entre 18:30 et 20:00 La mairie du\u2026","rel":"","context":"Dans &quot;Non class\u00e9&quot;","block_context":{"text":"Non class\u00e9","link":"http:\/\/www.letourismeaparis.fr\/index.php\/category\/non-classe\/"},"img":{"alt_text":"","src":"","width":0,"height":0},"classes":[]},{"id":12667,"url":"http:\/\/www.letourismeaparis.fr\/index.php\/2013\/01\/26\/grand-prix-damerique-dimanche-27-janvier-2013-a-vincennes\/","url_meta":{"origin":20612,"position":3},"title":"La parade du grand prix d&#039;Am\u00e9rique \u00e0 13h 10, dimanche 27 janvier 2013 \u00e0 Vincennes","author":"Fabienne TM","date":"26 janvier 2013","format":false,"excerpt":"le Grand prix d\u2019Am\u00e9rique est la plus grande course de trot au monde. elle met aux prises les dix huit meilleurs cracks mondiaux sur une distance de 2700 m\u00e8tres. un rendez-vous international, \u00e0 la fois prestigieux et populaire. M\u00e9diatis\u00e9 sur 3 continents et dans 30 pays pour des millions de\u2026","rel":"","context":"Dans &quot;Non class\u00e9&quot;","block_context":{"text":"Non class\u00e9","link":"http:\/\/www.letourismeaparis.fr\/index.php\/category\/non-classe\/"},"img":{"alt_text":"","src":"https:\/\/i0.wp.com\/www.letourismeaparis.fr\/wp-content\/uploads\/2013\/01\/terre-de-l%C3%83%C2%A9gende.jpg?resize=350%2C200","width":350,"height":200},"classes":[]},{"id":18417,"url":"http:\/\/www.letourismeaparis.fr\/index.php\/2016\/08\/14\/9e-edition-de-la-chaise-et-lecran-des-projections-gratuites-de-films-dans-le-11-eme-les-vendredis-8-juillet-29-juillet-et-19-aout\/","url_meta":{"origin":20612,"position":4},"title":"9e \u00e9dition de la Chaise et l\u2019\u00e9cran : des projections gratuites de films dans le 11 \u00e8me ,le 19 ao\u00fbt","author":"Fabienne TM","date":"14 ao\u00fbt 2016","format":false,"excerpt":"Des toiles \u00e0 la belle \u00e9toile Le cin\u00e9ma sort de nouveau des salles obscures pour s\u2019installer dans des lieux proches de chez vous. L\u2019\u00e9cran vient \u00e0 vous, n\u2019oubliez pas d\u2019apporter votre chaise ! La programmation de cette 9e \u00e9dition de la Chaise et l\u2019\u00e9cran a \u00e9t\u00e9 confi\u00e9e \u00e0 l\u2019acteur Christian\u2026","rel":"","context":"Dans &quot;Bons Plans&quot;","block_context":{"text":"Bons Plans","link":"http:\/\/www.letourismeaparis.fr\/index.php\/category\/bon-plan\/"},"img":{"alt_text":"","src":"","width":0,"height":0},"classes":[]},{"id":21143,"url":"http:\/\/www.letourismeaparis.fr\/index.php\/2018\/07\/04\/defile-du-14-juillet-2018-le-programme-detaille\/","url_meta":{"origin":20612,"position":5},"title":"D\u00c9FIL\u00c9 DU 14 JUILLET 2018 : LE PROGRAMME D\u00c9TAILL\u00c9","author":"Fabienne TM","date":"4 juillet 2018","format":false,"excerpt":"D\u00c9FIL\u00c9 DU 14 JUILLET 2018 : LE PROGRAMME D\u00c9TAILL\u00c9 \u00a0 Plus de 3700 hommes sur l'avenue des Champs-Elys\u00e9es pour relier l'Arc de Triomphe \u00e0 la place de la Concorde. \u00a0Le Japon et Singapour seront cette ann\u00e9e les invit\u00e9s d'honneur. \u00a0le th\u00e8me sera \u00ab Fraternit\u00e9 d'armes sous l'uniforme: l'engagement d'une vie\u2026","rel":"","context":"Dans &quot;Actualit\u00e9s&quot;","block_context":{"text":"Actualit\u00e9s","link":"http:\/\/www.letourismeaparis.fr\/index.php\/category\/actualite\/"},"img":{"alt_text":"","src":"","width":0,"height":0},"classes":[]}],"jetpack_sharing_enabled":true,"jetpack_likes_enabled":true,"_links":{"self":[{"href":"http:\/\/www.letourismeaparis.fr\/index.php\/wp-json\/wp\/v2\/posts\/20612","targetHints":{"allow":["GET"]}}],"collection":[{"href":"http:\/\/www.letourismeaparis.fr\/index.php\/wp-json\/wp\/v2\/posts"}],"about":[{"href":"http:\/\/www.letourismeaparis.fr\/index.php\/wp-json\/wp\/v2\/types\/post"}],"author":[{"embeddable":true,"href":"http:\/\/www.letourismeaparis.fr\/index.php\/wp-json\/wp\/v2\/users\/2"}],"replies":[{"embeddable":true,"href":"http:\/\/www.letourismeaparis.fr\/index.php\/wp-json\/wp\/v2\/comments?post=20612"}],"version-history":[{"count":0,"href":"http:\/\/www.letourismeaparis.fr\/index.php\/wp-json\/wp\/v2\/posts\/20612\/revisions"}],"wp:attachment":[{"href":"http:\/\/www.letourismeaparis.fr\/index.php\/wp-json\/wp\/v2\/media?parent=20612"}],"wp:term":[{"taxonomy":"category","embeddable":true,"href":"http:\/\/www.letourismeaparis.fr\/index.php\/wp-json\/wp\/v2\/categories?post=20612"},{"taxonomy":"post_tag","embeddable":true,"href":"http:\/\/www.letourismeaparis.fr\/index.php\/wp-json\/wp\/v2\/tags?post=20612"}],"curies":[{"name":"wp","href":"https:\/\/api.w.org\/{rel}","templated":true}]}}