{"id":20752,"date":"2018-01-31T19:18:11","date_gmt":"2018-01-31T18:18:11","guid":{"rendered":"http:\/\/www.letourismeaparis.fr\/?p=20752"},"modified":"2018-01-31T19:18:11","modified_gmt":"2018-01-31T18:18:11","slug":"peintures-des-lointains-au-quai-branly","status":"publish","type":"post","link":"http:\/\/www.letourismeaparis.fr\/index.php\/2018\/01\/31\/peintures-des-lointains-au-quai-branly\/","title":{"rendered":"&quot;Peintures des lointains&quot; au quai Branly"},"content":{"rendered":"<p>. Pr\u00e8s de deux cents \u0153uvres in\u00e9dites r\u00e9v\u00e8lent l\u2019\u00e9volution, \u00e0 travers les si\u00e8cles, du regard port\u00e9 en Occident sur les peuples, soci\u00e9t\u00e9s et territoires plus ou moins lointains.<img loading=\"lazy\" decoding=\"async\" class=\"alignnone size-medium wp-image-20753 aligncenter\" src=\"http:\/\/www.letourismeaparis.fr\/wp-content\/uploads\/2018\/01\/Capture-d\u2019e\u0301cran-2018-01-31-a\u0300-19.05.23-198x300.png\" alt=\"\" width=\"198\" height=\"300\"><br \/>\nPour cette premi\u00e8re exposition consacr\u00e9e \u00e0 la collection de peintures conserv\u00e9e quai Branly, Peintures des lointains rassemble pr\u00e8s de deux cent toiles et \u0153uvres graphiques \u2013 parmi les cinq cents du fonds \u2013 datant de la fin du XVIIIe si\u00e8cle jusqu\u2019au milieu du XXe si\u00e8cle.<!--more--><br \/>\nUne collection composite et largement m\u00e9connue, o\u00f9 l\u2019odalisque d\u2019Ange Tissier c\u00f4toie les portraits d\u2019Am\u00e9rindiens de George Catlin, les sc\u00e8nes de vie quotidienne cairote d\u2019\u00c9mile Bernard voisinent les estampes et dessins de Tahiti sign\u00e9s Matisse ou Gauguin.<!--more--><br \/>\n&nbsp;<br \/>\nEntre onirisme et naturalisme, fantasme et documentaire, romantisme et propagande coloniale, un miroir de l\u2019histoire artistique et politique.<br \/>\nDu mardi 30 janvier 2018 au dimanche 06 janvier 2019<br \/>\nFermeture le lundi<br \/>\nmardi, mercredi, dimanche : 11h00-19h00<br \/>\njeudi, vendredi, samedi : 11h00-21h00<br \/>\n37 quai Branly Paris 75007<\/p>\n","protected":false},"excerpt":{"rendered":"<p>. Pr\u00e8s de deux cents \u0153uvres in\u00e9dites r\u00e9v\u00e8lent l\u2019\u00e9volution, \u00e0 travers les si\u00e8cles, du regard port\u00e9 en Occident sur les peuples, soci\u00e9t\u00e9s et territoires plus ou moins lointains. Pour cette premi\u00e8re exposition consacr\u00e9e \u00e0 la collection de peintures conserv\u00e9e quai&#8230;<\/p>\n","protected":false},"author":2,"featured_media":0,"comment_status":"open","ping_status":"open","sticky":false,"template":"","format":"standard","meta":{"ngg_post_thumbnail":0,"jetpack_post_was_ever_published":false,"_jetpack_newsletter_access":"","footnotes":""},"categories":[27],"tags":[],"class_list":["post-20752","post","type-post","status-publish","format-standard","hentry","category-musees-expositions"],"jetpack_featured_media_url":"","jetpack-related-posts":[{"id":23279,"url":"http:\/\/www.letourismeaparis.fr\/index.php\/2019\/06\/01\/felix-feneon-les-arts-lointains-au-quai-branly\/","url_meta":{"origin":20752,"position":0},"title":"F\u00e9lix F\u00e9n\u00e9on , les arts lointains au quai Branly","author":"Fabienne TM","date":"1 juin 2019","format":false,"excerpt":"F\u00e9lix F\u00e9n\u00e9on Critique d\u2019art, \u00e9diteur, directeur de galerie, collectionneur de peintures et d\u2019arts \u00ab lointains \u00bb, F\u00e9lix F\u00e9n\u00e9on \u2013 figure centrale du monde intellectuel et artistique au tournant du 20e si\u00e8cle \u2013 d\u00e9fend une vision d\u00e9cloisonn\u00e9e de la cr\u00e9ation. Le mus\u00e9e du quai Branly \u2013 Jacques Chirac, les mus\u00e9es d\u2019Orsay\u2026","rel":"","context":"Dans &quot;Non class\u00e9&quot;","block_context":{"text":"Non class\u00e9","link":"http:\/\/www.letourismeaparis.fr\/index.php\/category\/non-classe\/"},"img":{"alt_text":"","src":"","width":0,"height":0},"classes":[]},{"id":10082,"url":"http:\/\/www.letourismeaparis.fr\/index.php\/2011\/04\/12\/exposition-dogon-au-quai-branly\/","url_meta":{"origin":20752,"position":1},"title":"Exposition DOGON au quai Branly","author":"Fabienne TM","date":"12 avril 2011","format":false,"excerpt":"jusqu'au 24 juillet 2011 L\u2019exposition DOGON pr\u00e9sente l\u2019histoire de l\u2019art et de la culture dogon, depuis le 10\u00e8me si\u00e8cle jusqu\u2019\u00e0 nos jours, \u00e0 travers plus de 330 oeuvres exceptionnelles issues de collections du monde entier et rassembl\u00e9es pour la premi\u00e8re fois en France. L\u2019art des Dogon du Mali est l\u2019un\u2026","rel":"","context":"Dans &quot;Non class\u00e9&quot;","block_context":{"text":"Non class\u00e9","link":"http:\/\/www.letourismeaparis.fr\/index.php\/category\/non-classe\/"},"img":{"alt_text":"","src":"","width":0,"height":0},"classes":[]},{"id":19906,"url":"http:\/\/www.letourismeaparis.fr\/index.php\/2017\/05\/23\/l-afrique-des-routes-au-quai-branly\/","url_meta":{"origin":20752,"position":2},"title":"L&#039; Afrique des Routes au quai Branly","author":"Fabienne TM","date":"23 mai 2017","format":false,"excerpt":"jusqu'au 12 nov.2017 Berceau de l\u2019humanit\u00e9, pourvoyeur de force de travail, d\u2019or et de mati\u00e8res premi\u00e8res depuis des mill\u00e9naires pour les autres continents, l\u2019Afrique a une histoire inscrite dans la dynamique internationale. Panorama d\u2019un continent au carrefour des mondes, \u00e0 contre-courant des id\u00e9es re\u00e7ues.Longtemps ignor\u00e9s, les \u00e9changes panafricains et extra-africains\u2026","rel":"","context":"Dans &quot;Non class\u00e9&quot;","block_context":{"text":"Non class\u00e9","link":"http:\/\/www.letourismeaparis.fr\/index.php\/category\/non-classe\/"},"img":{"alt_text":"","src":"","width":0,"height":0},"classes":[]},{"id":21262,"url":"http:\/\/www.letourismeaparis.fr\/index.php\/2018\/09\/18\/madagascar-au-quai-branly\/","url_meta":{"origin":20752,"position":3},"title":"Madagascar au Quai Branly","author":"Fabienne TM","date":"18 septembre 2018","format":false,"excerpt":"\u00a0 \u00a0 \u00a0 \u00a0 \u00a0 \u00a0 \u00a0 \u00a0 \u00a0 \u00a0 \u00a0 Depuis 1946, aucune grande exposition n'a mis en p\u00e9ril les arts de Madagascar.Les publications sur le sujet sont souvent,. L'exposition au mus\u00e9e du \u00a0 \u00a0 \u00a0 \u00a0 \u00a0 \u00a0 \u00a0 \u00a0 \u00a0 quai Branly - Jacques Chirac pr\u00e9sente l'art\u2026","rel":"","context":"Dans &quot;Cultures du Monde&quot;","block_context":{"text":"Cultures du Monde","link":"http:\/\/www.letourismeaparis.fr\/index.php\/category\/culture\/musees-expositions\/cultures-du-monde\/"},"img":{"alt_text":"","src":"","width":0,"height":0},"classes":[]},{"id":26483,"url":"http:\/\/www.letourismeaparis.fr\/index.php\/2025\/10\/28\/amazonia-au-musee-du-quai-branly\/","url_meta":{"origin":20752,"position":4},"title":"AMAZONIA au mus\u00e9e du quai Branly","author":"Fabienne TM","date":"28 octobre 2025","format":false,"excerpt":"Cette exposition, met en lumi\u00e8re l'Amazonie du point de vue autochtone, un monde vibrant et ancr\u00e9 dans le pr\u00e9sent, o\u00f9 coexistent une multitude d'entit\u00e9s, humaines et non-humaines. Souvent r\u00e9duite \u00e0 sa seule biodiversit\u00e9, l\u2019Amazonie comporte pourtant une richesse culturelle foisonnante. L\u2019exposition Amaz\u00f4nia propose un nouvel \u00e9clairage sur les collections dites\u2026","rel":"","context":"Dans &quot;Art-Contemporain&quot;","block_context":{"text":"Art-Contemporain","link":"http:\/\/www.letourismeaparis.fr\/index.php\/category\/culture\/musees-expositions\/art-contemporain\/"},"img":{"alt_text":"","src":"https:\/\/i0.wp.com\/www.letourismeaparis.fr\/wp-content\/uploads\/2025\/10\/Capture-decran-2025-10-28-a-19.07.54-1.png?resize=350%2C200","width":350,"height":200,"srcset":"https:\/\/i0.wp.com\/www.letourismeaparis.fr\/wp-content\/uploads\/2025\/10\/Capture-decran-2025-10-28-a-19.07.54-1.png?resize=350%2C200 1x, https:\/\/i0.wp.com\/www.letourismeaparis.fr\/wp-content\/uploads\/2025\/10\/Capture-decran-2025-10-28-a-19.07.54-1.png?resize=525%2C300 1.5x, https:\/\/i0.wp.com\/www.letourismeaparis.fr\/wp-content\/uploads\/2025\/10\/Capture-decran-2025-10-28-a-19.07.54-1.png?resize=700%2C400 2x"},"classes":[]},{"id":24041,"url":"http:\/\/www.letourismeaparis.fr\/index.php\/2020\/08\/27\/la-collection-de-madame-au-musee-du-quai-branly-jusquau-27-septembre\/","url_meta":{"origin":20752,"position":5},"title":"La collection de Madame, au Mus\u00e9e du Quai Branly, jusqu\u2019au 27 septembre","author":"Fabienne TM","date":"27 ao\u00fbt 2020","format":false,"excerpt":"Regards sur les arts extra-occidentaux au travers de la collection Helena Rubinstein. L\u2019exposition r\u00e9v\u00e8le la fascination pour l\u2019art africain de la pionni\u00e8re des cosm\u00e9tiques, m\u00e9c\u00e8ne et collectionneuse avant-gardiste au d\u00e9but du 20e si\u00e8cle. Personnalit\u00e9 hors-norme, premi\u00e8re femme d\u2019affaires du XXe si\u00e8cle, self-made-woman affranchie et visionnaire\u2026 Si les superlatifs fusent pour\u2026","rel":"","context":"Dans &quot;Non class\u00e9&quot;","block_context":{"text":"Non class\u00e9","link":"http:\/\/www.letourismeaparis.fr\/index.php\/category\/non-classe\/"},"img":{"alt_text":"","src":"https:\/\/i0.wp.com\/www.letourismeaparis.fr\/wp-content\/uploads\/2020\/08\/AFF_Helena_Rubinstein_BD.jpg?resize=350%2C200","width":350,"height":200,"srcset":"https:\/\/i0.wp.com\/www.letourismeaparis.fr\/wp-content\/uploads\/2020\/08\/AFF_Helena_Rubinstein_BD.jpg?resize=350%2C200 1x, https:\/\/i0.wp.com\/www.letourismeaparis.fr\/wp-content\/uploads\/2020\/08\/AFF_Helena_Rubinstein_BD.jpg?resize=525%2C300 1.5x, https:\/\/i0.wp.com\/www.letourismeaparis.fr\/wp-content\/uploads\/2020\/08\/AFF_Helena_Rubinstein_BD.jpg?resize=700%2C400 2x, https:\/\/i0.wp.com\/www.letourismeaparis.fr\/wp-content\/uploads\/2020\/08\/AFF_Helena_Rubinstein_BD.jpg?resize=1050%2C600 3x"},"classes":[]}],"jetpack_sharing_enabled":true,"jetpack_likes_enabled":true,"_links":{"self":[{"href":"http:\/\/www.letourismeaparis.fr\/index.php\/wp-json\/wp\/v2\/posts\/20752","targetHints":{"allow":["GET"]}}],"collection":[{"href":"http:\/\/www.letourismeaparis.fr\/index.php\/wp-json\/wp\/v2\/posts"}],"about":[{"href":"http:\/\/www.letourismeaparis.fr\/index.php\/wp-json\/wp\/v2\/types\/post"}],"author":[{"embeddable":true,"href":"http:\/\/www.letourismeaparis.fr\/index.php\/wp-json\/wp\/v2\/users\/2"}],"replies":[{"embeddable":true,"href":"http:\/\/www.letourismeaparis.fr\/index.php\/wp-json\/wp\/v2\/comments?post=20752"}],"version-history":[{"count":0,"href":"http:\/\/www.letourismeaparis.fr\/index.php\/wp-json\/wp\/v2\/posts\/20752\/revisions"}],"wp:attachment":[{"href":"http:\/\/www.letourismeaparis.fr\/index.php\/wp-json\/wp\/v2\/media?parent=20752"}],"wp:term":[{"taxonomy":"category","embeddable":true,"href":"http:\/\/www.letourismeaparis.fr\/index.php\/wp-json\/wp\/v2\/categories?post=20752"},{"taxonomy":"post_tag","embeddable":true,"href":"http:\/\/www.letourismeaparis.fr\/index.php\/wp-json\/wp\/v2\/tags?post=20752"}],"curies":[{"name":"wp","href":"https:\/\/api.w.org\/{rel}","templated":true}]}}