{"id":20768,"date":"2018-02-01T07:25:38","date_gmt":"2018-02-01T06:25:38","guid":{"rendered":"http:\/\/www.letourismeaparis.fr\/?p=20768"},"modified":"2018-02-01T07:25:38","modified_gmt":"2018-02-01T06:25:38","slug":"les-concerts-qui-font-bouger-le-cnit","status":"publish","type":"post","link":"http:\/\/www.letourismeaparis.fr\/index.php\/2018\/02\/01\/les-concerts-qui-font-bouger-le-cnit\/","title":{"rendered":"LES CONCERTS QUI FONT BOUGER LE CNIT !"},"content":{"rendered":"<p>A\u0300 partir du 8 fe\u0301vrier et pour la premie\u0300re fois cette anne\u0301e, le CNIT accueillera les Unexpected afterworks, des rendez- vous musicaux varie\u0301s qui rythmeront le centre tout au long de l\u2019anne\u0301e !<!--more--><br \/>\nLes festivite\u0301s de\u0301buteront le jeudi 8 fe\u0301vrier avec un concert du groupe Jamapamaq a\u0300 l\u2019occasion de la sortie de leur nouvel album \u00ab La note est sale\u0301e \u00bb. Compose\u0301e de 4 a\u0300 6 musiciens, ce groupe de jazz manouche proposera un concert vivant et entrai\u0302nant, reprenant autant les standards du jazz et du blues que les tubes de la chanson franc\u0327aise.<!--more--><br \/>\nUne rythmique pe\u0302chue, des solistes acrobates mais sensibles et une chanteuse e\u0301mouvante, Jamapamaq propose une diversite\u0301 musicale toujours teinte\u0301e de bonne humeur et de joie de vivre qui invite a\u0300 la danse !<br \/>\nPour accompagner ces afterworks, le Cafe\u0301 de la Place proposera des happy hours de 17h30 a\u0300 18h30, une occasion pour tous les spectateurs de profiter de ces concerts dans les meilleures conditions !<br \/>\nPour prolonger le plaisir, les Jamapamaq seront de nouveau au CNIT les 8 mars et 17 mai prochains. A\u0300 vos agendas !<br \/>\nINFORMATIONS PRATIQUES<br \/>\nRetrouver les Unexpected Afterworks le 8 fe\u0301vrier De 17h30 a\u0300 19h30 en Place Centrale<br \/>\n&nbsp;<br \/>\n&nbsp;<\/p>\n","protected":false},"excerpt":{"rendered":"<p>A\u0300 partir du 8 fe\u0301vrier et pour la premie\u0300re fois cette anne\u0301e, le CNIT accueillera les Unexpected afterworks, des rendez- vous musicaux varie\u0301s qui rythmeront le centre tout au long de l\u2019anne\u0301e !<\/p>\n","protected":false},"author":2,"featured_media":0,"comment_status":"open","ping_status":"open","sticky":false,"template":"","format":"standard","meta":{"ngg_post_thumbnail":0,"jetpack_post_was_ever_published":false,"_jetpack_newsletter_access":"","footnotes":""},"categories":[39],"tags":[],"class_list":["post-20768","post","type-post","status-publish","format-standard","hentry","category-musique"],"jetpack_featured_media_url":"","jetpack-related-posts":[{"id":20413,"url":"http:\/\/www.letourismeaparis.fr\/index.php\/2017\/11\/06\/le-festival-chorus-2017-revient-du-20-au-26-novembre-a-la-defense-et-a-la-seine-musicale\/","url_meta":{"origin":20768,"position":0},"title":"LE FESTIVAL CHORUS 2017  revient du 20 au 26 novembre \u00e0 La D\u00e9fense et \u00e0 La Seine Musicale","author":"Fabienne TM","date":"6 novembre 2017","format":false,"excerpt":"\u00a0 \u00c0 LA D\u00c9FENSE DU LUNDI AU VENDREDI Chorus reprend ses quartiers \u00e0 La D\u00e9fense pour accueillir les d\u00e9couvertes et coup de c\u0153ur du festival. Nouveaux venus de la sc\u00e8ne fran\u00e7aise et europ\u00e9enne, artistes accompagn\u00e9s par le D\u00e9partement, retrouvez sur la sc\u00e8ne du Magic Mirror : MAT BASTARD - TALISCO\u2026","rel":"","context":"Dans &quot;Non class\u00e9&quot;","block_context":{"text":"Non class\u00e9","link":"http:\/\/www.letourismeaparis.fr\/index.php\/category\/non-classe\/"},"img":{"alt_text":"","src":"","width":0,"height":0},"classes":[]},{"id":11899,"url":"http:\/\/www.letourismeaparis.fr\/index.php\/2012\/01\/01\/11e-bellaventure-des-artistes-le-29-septembre\/","url_meta":{"origin":20768,"position":1},"title":"11e Bell&#039;Aventure des Artistes, concerts    le  26 janvier  \u00e0 la mairie du 6\u00e8me (entr\u00e9e libre)","author":"Fabienne TM","date":"1 janvier 2012","format":false,"excerpt":"Samedi 26 janvier \u00e0 15h Jazz \/ Paris Washboard Cr\u00e9\u00e9 en 1988, le groupe compos\u00e9 de quatre instruments, surprend et s\u00e9duit par son originalit\u00e9 et sa mobilit\u00e9. Les succ\u00e8s remport\u00e9s depuis douze ans dans toutes les parties du monde prouvent que cette formule, unique dans l\u2019univers du jazz traditionnel, apporte\u2026","rel":"","context":"Dans &quot;Non class\u00e9&quot;","block_context":{"text":"Non class\u00e9","link":"http:\/\/www.letourismeaparis.fr\/index.php\/category\/non-classe\/"},"img":{"alt_text":"","src":"","width":0,"height":0},"classes":[]},{"id":8379,"url":"http:\/\/www.letourismeaparis.fr\/index.php\/2010\/08\/30\/estivales-musicales-du-11e-du-30-aout-au-4-septembre\/","url_meta":{"origin":20768,"position":2},"title":"Estivales musicales du 11e du 30 ao\u00fbt au 4 septembre,","author":"Fabienne TM","date":"30 ao\u00fbt 2010","format":false,"excerpt":"la Mairie du 11e vous propose une semaine de concerts en plein air. Lundi 30 ao\u00fbt \u2013 Concert de musique classique \u00ab Le violoncelle dans tous ses \u00e9tats \u00bb Entr\u00e9e libre \u00e0 19h - Cour de la mairie du 11e\u00a0\u00a0 12, place L\u00e9on Blum - 75011 Paris Mardi 31 ao\u00fbt\u2026","rel":"","context":"Dans &quot;Non class\u00e9&quot;","block_context":{"text":"Non class\u00e9","link":"http:\/\/www.letourismeaparis.fr\/index.php\/category\/non-classe\/"},"img":{"alt_text":"","src":"","width":0,"height":0},"classes":[]},{"id":15913,"url":"http:\/\/www.letourismeaparis.fr\/index.php\/2014\/10\/30\/les-pauses-musicales-de-la-mairie-du-11-eme\/","url_meta":{"origin":20768,"position":3},"title":"Les pauses musicales de la mairie du 11 \u00e8me (gratuites)","author":"Fabienne TM","date":"30 octobre 2014","format":false,"excerpt":"La Mairie du 11e vous donne rendez-vous pour des entractes musicaux en compagnie des \u00e9l\u00e8ves du Conservatoire. Durant votre pause-d\u00e9jeuner, d\u00e9tendez-vous en \u00e9coutant un concert. Jeudi 20 novembre \u00e0 12h30\u00a0: Le violoncelle de\u00a01\u00a0\u00e0 8 Jeudi 18 d\u00e9cembre \u00e0 12h30\u00a0: Orchestre de chambre Jeudi 22 janvier \u00e0 12h30\u00a0: Percussions Jeudi\u00a05\u00a0f\u00e9vrier \u00e0\u2026","rel":"","context":"Dans &quot;Non class\u00e9&quot;","block_context":{"text":"Non class\u00e9","link":"http:\/\/www.letourismeaparis.fr\/index.php\/category\/non-classe\/"},"img":{"alt_text":"","src":"","width":0,"height":0},"classes":[]},{"id":10512,"url":"http:\/\/www.letourismeaparis.fr\/index.php\/2011\/07\/21\/jazz-au-bois-de-vincennes-du-11-juin-au-30-juillet\/","url_meta":{"origin":20768,"position":4},"title":"Jazz au bois de Vincennes  jusqu&#039;au 30 juillet","author":"Fabienne TM","date":"21 juillet 2011","format":false,"excerpt":"Cet \u00e9t\u00e9, la fine fleur du jazz international se retrouve au c\u0153ur du Parc Floral de Paris pour le Paris Jazz Festival. Cette nouvelle \u00e9dition propose 31 concerts en plein air sur la grande sc\u00e8ne du Delta. Un programme qui met \u00e0 l\u2019honneur l\u2019Am\u00e9rique et pr\u00e9sente, chaque week-end le jazz\u2026","rel":"","context":"Dans &quot;Non class\u00e9&quot;","block_context":{"text":"Non class\u00e9","link":"http:\/\/www.letourismeaparis.fr\/index.php\/category\/non-classe\/"},"img":{"alt_text":"","src":"","width":0,"height":0},"classes":[]},{"id":12516,"url":"http:\/\/www.letourismeaparis.fr\/index.php\/2013\/01\/06\/les-journees-jazz-a-puteaux-3eme-edition-du-mercredi-23-janvier-au-samedi-2-fevrier-2013\/","url_meta":{"origin":20768,"position":5},"title":"Les journ\u00e9es Jazz \u00e0 Puteaux &#8211; 3\u00e8me \u00e9dition Du mercredi 23 janvier au samedi 2 f\u00e9vrier 2013","author":"Fabienne TM","date":"6 janvier 2013","format":false,"excerpt":"Quand le jazz rencontre le cin\u00e9ma... trois spectacles\u00a0 rendent hommage \u00e0 l\u2019union de ces deux disciplines. Le jazz et le cin\u00e9ma sont les deux plus grandes contributions artistiques de l\u2019Am\u00e9rique au si\u00e8cle dernier \u00bb Clint Eastwood Le jazz et le cin\u00e9ma, c\u2019est une vieille histoire d\u2019amour qui dure depuis plus\u2026","rel":"","context":"Dans &quot;Cin\u00e9ma&quot;","block_context":{"text":"Cin\u00e9ma","link":"http:\/\/www.letourismeaparis.fr\/index.php\/category\/spectacle\/cinema\/"},"img":{"alt_text":"","src":"","width":0,"height":0},"classes":[]}],"jetpack_sharing_enabled":true,"jetpack_likes_enabled":true,"_links":{"self":[{"href":"http:\/\/www.letourismeaparis.fr\/index.php\/wp-json\/wp\/v2\/posts\/20768","targetHints":{"allow":["GET"]}}],"collection":[{"href":"http:\/\/www.letourismeaparis.fr\/index.php\/wp-json\/wp\/v2\/posts"}],"about":[{"href":"http:\/\/www.letourismeaparis.fr\/index.php\/wp-json\/wp\/v2\/types\/post"}],"author":[{"embeddable":true,"href":"http:\/\/www.letourismeaparis.fr\/index.php\/wp-json\/wp\/v2\/users\/2"}],"replies":[{"embeddable":true,"href":"http:\/\/www.letourismeaparis.fr\/index.php\/wp-json\/wp\/v2\/comments?post=20768"}],"version-history":[{"count":0,"href":"http:\/\/www.letourismeaparis.fr\/index.php\/wp-json\/wp\/v2\/posts\/20768\/revisions"}],"wp:attachment":[{"href":"http:\/\/www.letourismeaparis.fr\/index.php\/wp-json\/wp\/v2\/media?parent=20768"}],"wp:term":[{"taxonomy":"category","embeddable":true,"href":"http:\/\/www.letourismeaparis.fr\/index.php\/wp-json\/wp\/v2\/categories?post=20768"},{"taxonomy":"post_tag","embeddable":true,"href":"http:\/\/www.letourismeaparis.fr\/index.php\/wp-json\/wp\/v2\/tags?post=20768"}],"curies":[{"name":"wp","href":"https:\/\/api.w.org\/{rel}","templated":true}]}}