{"id":20828,"date":"2018-02-28T14:12:01","date_gmt":"2018-02-28T13:12:01","guid":{"rendered":"http:\/\/www.letourismeaparis.fr\/?p=20828"},"modified":"2018-02-28T14:12:01","modified_gmt":"2018-02-28T13:12:01","slug":"beethoven-248-du-vendredi-9-au-dimanche-11-mars-2018-la-seine-musicale-sur-lile-seguin","status":"publish","type":"post","link":"http:\/\/www.letourismeaparis.fr\/index.php\/2018\/02\/28\/beethoven-248-du-vendredi-9-au-dimanche-11-mars-2018-la-seine-musicale-sur-lile-seguin\/","title":{"rendered":"BEETHOVEN&quot; 248 &quot; Du vendredi 9 au dimanche 11 mars 2018  \u00e0 La Seine Musicale, sur l&#039;\u00eele Seguin"},"content":{"rendered":"<p>&nbsp;<br \/>\n&nbsp;<br \/>\nPourquoi 248 ? Parce que Beethoven est n\u00e9 il y a 248 ans, et qu&rsquo;il ne viendrait pas \u00e0 l&rsquo;id\u00e9e d&rsquo;Insula orchestra d&rsquo;attendre un chiffre rond pour c\u00e9l\u00e9brer ce compositeur g\u00e9nial ! Deux ans avant les r\u00e9jouissances officielles, Insula orchestra commence les c\u00e9l\u00e9brations, avec quelques-uns des derniers quatuors, symphonies et concertos de Beethoven. Une belle fa\u00e7on de patienter jusqu&rsquo;en 2020 !<img loading=\"lazy\" decoding=\"async\" class=\"alignnone size-medium wp-image-20830 aligncenter\" src=\"http:\/\/www.letourismeaparis.fr\/wp-content\/uploads\/2018\/02\/Capture-d\u2019e\u0301cran-2018-02-26-a\u0300-14.09.54-300x130.png\" alt=\"\" width=\"300\" height=\"130\"><br \/>\nInsula orchestra se r\u00e9jouit de retrouver le grand pianiste Nicholas Angelich, compagnon de longue date, pour deux concerts exceptionnels o\u00f9 il jouera les Concertos pour piano n\u00b0 4 et 5. Le Quatuor Diotima donnera trois concerts sets autour des ultimes quatuors. Lorenzo Gatto interpr\u00e9tera le Concerto pour violon avec l&rsquo;Orchestre de l&rsquo;Op\u00e9ra de Rouen Normandie, et Lars Vogt le Concerto pour piano n\u00b03 avec l&rsquo;Orchestre Philharmonique de Varsovie.<!--more--><br \/>\n&nbsp;<br \/>\nBEETHOVEN\/BIZET<br \/>\n&nbsp;<br \/>\nLorenzo Gatto, violon<br \/>\nOrchestre de l&rsquo;Op\u00e9ra de Rouen Normandie<br \/>\nDavid Reiland, direction<br \/>\nLudwig van Beethoven<br \/>\nConcerto pour violon<br \/>\nGeorges Bizet<br \/>\nSymphonie en ut<br \/>\nVendredi 9 mars 2018, 20h30<br \/>\nLa Seine Musicale, Auditorium<br \/>\n1h40 avec entracte<br \/>\n&nbsp;<br \/>\nORCHESTRE PHILHARMONIQUE DE VARSOVIE<br \/>\nLars Vogt, piano<br \/>\nOrchestre Philharmonique de Varsovie<br \/>\nJacek Kaspszyk, direction<br \/>\nLudwig van Beethoven<br \/>\nConcerto pour piano n\u00b03<br \/>\nMieczys\u0142aw Weinberg<br \/>\nSymphonie n\u00b04<br \/>\nSamedi 10 mars 2018, 20h30<br \/>\nLa Seine Musicale, Auditorium<br \/>\n1h50 avec entracte<br \/>\n&nbsp;<br \/>\nBEETHOVEN \/ ANGELICH<br \/>\nINSULA ORCHESTRA \/ LAURENCE EQUILBEY<br \/>\nCONCERTOS POUR PIANO N\u00b04 ET 5<br \/>\n&nbsp;<br \/>\nCONCERTO 4\/ANGELICH<br \/>\nNicholas Angelich, piano<br \/>\nInsula orchestra<br \/>\nLaurence Equilbey, direction<br \/>\nLudwig van Beethoven,<br \/>\nConcerto pour piano n\u00b04<br \/>\nWolfgang Amadeus Mozart,<br \/>\nDer Schauspieldirektor, ouverture<br \/>\nDimanche 11 mars 2018, 15h<br \/>\nLa Seine Musicale, Auditorium<br \/>\n1h sans entracte<br \/>\n&nbsp;<br \/>\n#Starting-block le 11 mars \u00e0 14h.<br \/>\nRencontre avec un musicologue autour du programme.<br \/>\nEntr\u00e9e libre dans la limite des places disponibles.<br \/>\nBEETHOVEN\/ANGELICH<br \/>\nNicholas Angelich, piano<br \/>\nInsula orchestra<br \/>\nLaurence Equilbey, direction<br \/>\nLudwig van Beethoven,<br \/>\nConcerto pour piano n\u00b05<br \/>\nLudwig van Beethoven<br \/>\nSymphonie n\u00b07<br \/>\nDimanche 11 mars 2018, 17h30<br \/>\nLa Seine Musicale, Auditorium<br \/>\n&nbsp;<br \/>\n&nbsp;<br \/>\nQUATUOR DIOTIMA<br \/>\nLES DERNIERS QUATUORS #1, #2, #3<br \/>\n&nbsp;<br \/>\nQuatuor Diotima<br \/>\nYun-Peng Zhao, Constance Ronzatti, Franck Chevalier, Pierre Morlet<br \/>\n#1<br \/>\nLudwig van Beethoven<br \/>\nQuatuor n\u00b013 op. 130<br \/>\nVendredi 9 mars 2018, 19h<br \/>\nLa Seine Musicale,<br \/>\nSalle Tutti<br \/>\n50 min sans entracte<br \/>\n&nbsp;<br \/>\nLudwig van Beethoven<br \/>\nQuatuor n\u00b014 op. 131<br \/>\n&nbsp;<br \/>\nSamedi 10 mars 2018, 19h<br \/>\nLa Seine Musicale,<br \/>\nSalle Tutti<br \/>\n50 min sans entracte<br \/>\n&nbsp;<br \/>\nLudwig van Beethoven<br \/>\nQuatuor n\u00b015 op. 132<br \/>\n&nbsp;<br \/>\nDimanche 11 mars 2018, 11h30<br \/>\nLa Seine Musicale,<br \/>\nSalle Tutti<br \/>\n&nbsp;<br \/>\n1h sans entracte<\/p>\n","protected":false},"excerpt":{"rendered":"<p>&nbsp; &nbsp; Pourquoi 248 ? Parce que Beethoven est n\u00e9 il y a 248 ans, et qu&rsquo;il ne viendrait pas \u00e0 l&rsquo;id\u00e9e d&rsquo;Insula orchestra d&rsquo;attendre un chiffre rond pour c\u00e9l\u00e9brer ce compositeur g\u00e9nial ! Deux ans avant les r\u00e9jouissances officielles,&#8230;<\/p>\n","protected":false},"author":2,"featured_media":0,"comment_status":"open","ping_status":"open","sticky":false,"template":"","format":"standard","meta":{"ngg_post_thumbnail":0,"jetpack_post_was_ever_published":false,"_jetpack_newsletter_access":"","footnotes":""},"categories":[39],"tags":[],"class_list":["post-20828","post","type-post","status-publish","format-standard","hentry","category-musique"],"jetpack_featured_media_url":"","jetpack-related-posts":[{"id":21613,"url":"http:\/\/www.letourismeaparis.fr\/index.php\/2018\/11\/22\/beethoven-mon-frere-dimanche-9-decembre-16h30-auditorium-de-la-seine-musicale\/","url_meta":{"origin":20828,"position":0},"title":"BEETHOVEN MON FR\u00c8RE  Dimanche 9 d\u00e9cembre, 16h30 &#8211; Auditorium de La Seine Musicale","author":"Fabienne TM","date":"22 novembre 2018","format":false,"excerpt":"Le projet Beethoven mon fr\u00e8re initie un volet important d'actions p\u00e9dagogiques et de transmission dans le cadre de Beethoven 248-250. Insula orchestra est tr\u00e8s engag\u00e9 pour l\u2019ouverture de la musique classique \u00e0 tous les publics, et en particulier aux jeunes. L\u2019orchestre d\u00e9veloppe de nombreuses actions de transmission autour de ses\u2026","rel":"","context":"Dans &quot;Musique&quot;","block_context":{"text":"Musique","link":"http:\/\/www.letourismeaparis.fr\/index.php\/category\/culture\/concerts-musique\/musique\/"},"img":{"alt_text":"","src":"","width":0,"height":0},"classes":[]},{"id":15491,"url":"http:\/\/www.letourismeaparis.fr\/index.php\/2014\/08\/09\/festival-de-musique-classique-au-parc-floral-de-paris-du-2-aout-au-14-septembre-2014\/","url_meta":{"origin":20828,"position":1},"title":"Festival de musique classique au parc floral de Paris. Du 2 ao\u00fbt au 14 septembre 2014.","author":"Fabienne TM","date":"9 ao\u00fbt 2014","format":false,"excerpt":"\u00a0 SAMEDI 2 AO\u00dbT - 16H K. Jarrett,Concerto Koln (1\u00e8re partie) J.-S. Bach,Concerto italien BWV971 L. Van Beethoven,Fantaisie en sol mineur, op. 77 L. Van Beethoven,6 Ecossaises, Wo0\u00a083 S. Joplin,5 Ragtime Andrei Korobeinikov, piano \u00a0 \u00a0 DIMANCHE 3 AO\u00dbT - 16H A. Essyad,\u00a0Never More G. Ligeti,\u00a0Quatuor \u00e0 cordes n\u00b01 C.\u2026","rel":"","context":"Dans &quot;Jardins \/ Plein air&quot;","block_context":{"text":"Jardins \/ Plein air","link":"http:\/\/www.letourismeaparis.fr\/index.php\/category\/jardins\/"},"img":{"alt_text":"","src":"","width":0,"height":0},"classes":[]},{"id":22702,"url":"http:\/\/www.letourismeaparis.fr\/index.php\/2019\/04\/24\/mozart-et-brahms-au-tce-le-24-avril-a-20h\/","url_meta":{"origin":20828,"position":2},"title":"Mozart et Brahms au TCE le 24 avril \u00e0 20h","author":"Fabienne TM","date":"24 avril 2019","format":false,"excerpt":"Fran\u00e7ois-Fr\u00e9d\u00e9ric Guy : direction et piano MOZART Concerto pour piano n\u00b0 22 en mi b\u00e9mol majeur BRAHMS Concerto pour piano n\u00b0 1 en r\u00e9 mineur Cette saison, Fran\u00e7ois-Fr\u00e9d\u00e9ric Guy aura dirig\u00e9, du clavier, les deux concertos pour piano de Brahms. Une v\u00e9ritable aventure musicale au c\u0153ur de partitions parmi les\u2026","rel":"","context":"Dans &quot;Non class\u00e9&quot;","block_context":{"text":"Non class\u00e9","link":"http:\/\/www.letourismeaparis.fr\/index.php\/category\/non-classe\/"},"img":{"alt_text":"","src":"","width":0,"height":0},"classes":[]},{"id":21292,"url":"http:\/\/www.letourismeaparis.fr\/index.php\/2018\/09\/29\/deux-concertos-en-joue-dirige-en-une-soiree-au-tce-le-4-octobre-et-le-24-avril-mozart-et-brahms\/","url_meta":{"origin":20828,"position":3},"title":"Deux concertos en jou\u00e9-dirig\u00e9, en une soir\u00e9e au TCE le 4 octobre et le 24 avril, Mozart et Brahms","author":"Fabienne TM","date":"29 septembre 2018","format":false,"excerpt":"\u00a0 \u00a0 \u00a0 \u00a0 \u00a0 \u00a0 CARTE BLANCHE \u00e0 Fran\u00e7ois-Fr\u00e9d\u00e9ric GUY \u00a0 \u00a0 \u00a0 \u00a0 \u00a0 \u00a0 Deux concertos en concert, en soir\u00e9e au TCE le 4 octobre et le 24 avril \u00a0 \u00a0 \u00a0 \u00a0 \u00a0 \u00a0 Artiste associ\u00e9 de l'Orchestre de chambre de Paris, Fran\u00e7ois-Fr\u00e9d\u00e9ric Guy le retrouve\u2026","rel":"","context":"Dans &quot;Musique&quot;","block_context":{"text":"Musique","link":"http:\/\/www.letourismeaparis.fr\/index.php\/category\/culture\/concerts-musique\/musique\/"},"img":{"alt_text":"","src":"","width":0,"height":0},"classes":[]},{"id":21475,"url":"http:\/\/www.letourismeaparis.fr\/index.php\/2018\/10\/29\/haydn-mozart-beethoven-au-tce-le-30-10-a-20h\/","url_meta":{"origin":20828,"position":4},"title":"Haydn, Mozart , Beethoven au TCE le 30\/10 \u00e0 20h","author":"Fabienne TM","date":"29 octobre 2018","format":false,"excerpt":"HAYDN Symphonie n \u00b0 59 en majeur \u00abLe Feu\u00bb MOZART Concerto pour piano n \u00b0 21 en ut majeur BEETHOVEN Symphonie n \u00b0 7 en la majeur Le Concerto en majeur de Mozart aurait \u00e9t\u00e9 compos\u00e9 en trois jours! Le dialogue entre soliste et l'orchestre dans l'Andante, l'une des pages\u2026","rel":"","context":"Dans &quot;Concert&quot;","block_context":{"text":"Concert","link":"http:\/\/www.letourismeaparis.fr\/index.php\/category\/culture\/concerts-musique\/concert\/"},"img":{"alt_text":"","src":"","width":0,"height":0},"classes":[]},{"id":21402,"url":"http:\/\/www.letourismeaparis.fr\/index.php\/2018\/10\/15\/ilot-christian-zacharias-zacharias-symphonique-a-la-seine-musicale-les-8-et-9-novembre\/","url_meta":{"origin":20828,"position":5},"title":"\u00ceLOT CHRISTIAN ZACHARIAS ;  ZACHARIAS, SYMPHONIQUE A LA SEINE MUSICALE LES 8 ET 9 NOVEMBRE","author":"Fabienne TM","date":"15 octobre 2018","format":false,"excerpt":"JEUDI 8 NOVEMBRE \u00c0 20H30\u00a0 1h40 avec entracte AUDITORIUM DE LA SEINE MUSICALE CARL PHILIPP EMANUEL BACH Symphonie Wq 180 WOLFGANG AMADEUS MOZART Concerto pour piano n\u00b0 20 JOSEPH HAYDN\u00a0 Symphonie n\u00b0 102 Comme Mozart en son temps, Christian Zacharias dirige et interpr\u00e8te au piano le Concerto n\u00b0 20. Apr\u00e8s\u2026","rel":"","context":"Dans &quot;Non class\u00e9&quot;","block_context":{"text":"Non class\u00e9","link":"http:\/\/www.letourismeaparis.fr\/index.php\/category\/non-classe\/"},"img":{"alt_text":"","src":"","width":0,"height":0},"classes":[]}],"jetpack_sharing_enabled":true,"jetpack_likes_enabled":true,"_links":{"self":[{"href":"http:\/\/www.letourismeaparis.fr\/index.php\/wp-json\/wp\/v2\/posts\/20828","targetHints":{"allow":["GET"]}}],"collection":[{"href":"http:\/\/www.letourismeaparis.fr\/index.php\/wp-json\/wp\/v2\/posts"}],"about":[{"href":"http:\/\/www.letourismeaparis.fr\/index.php\/wp-json\/wp\/v2\/types\/post"}],"author":[{"embeddable":true,"href":"http:\/\/www.letourismeaparis.fr\/index.php\/wp-json\/wp\/v2\/users\/2"}],"replies":[{"embeddable":true,"href":"http:\/\/www.letourismeaparis.fr\/index.php\/wp-json\/wp\/v2\/comments?post=20828"}],"version-history":[{"count":0,"href":"http:\/\/www.letourismeaparis.fr\/index.php\/wp-json\/wp\/v2\/posts\/20828\/revisions"}],"wp:attachment":[{"href":"http:\/\/www.letourismeaparis.fr\/index.php\/wp-json\/wp\/v2\/media?parent=20828"}],"wp:term":[{"taxonomy":"category","embeddable":true,"href":"http:\/\/www.letourismeaparis.fr\/index.php\/wp-json\/wp\/v2\/categories?post=20828"},{"taxonomy":"post_tag","embeddable":true,"href":"http:\/\/www.letourismeaparis.fr\/index.php\/wp-json\/wp\/v2\/tags?post=20828"}],"curies":[{"name":"wp","href":"https:\/\/api.w.org\/{rel}","templated":true}]}}