{"id":20833,"date":"2018-02-28T14:16:12","date_gmt":"2018-02-28T13:16:12","guid":{"rendered":"http:\/\/www.letourismeaparis.fr\/?p=20833"},"modified":"2018-02-28T14:16:12","modified_gmt":"2018-02-28T13:16:12","slug":"le-rendez-vous-des-amoureux-des-plantes-la-mairie-du-7eme-le-11-avril","status":"publish","type":"post","link":"http:\/\/www.letourismeaparis.fr\/index.php\/2018\/02\/28\/le-rendez-vous-des-amoureux-des-plantes-la-mairie-du-7eme-le-11-avril\/","title":{"rendered":"Le rendez-vous des amoureux des plantes    \u00e0 la mairie du 7\u00e8me le 11 avril"},"content":{"rendered":"<p>Le rendez-vous des amoureux des plantes<br \/>\n\u00ab Traiter c&rsquo;est pas automatique, tout commence par un diagnostic \u00bb<br \/>\nA l&rsquo;occasion de sa 3\u00e8me \u00e9dition en partenariat avec la Mairie du 7\u00e8me arrondissement de Paris, la Clinique des Plantes, propose \u00e0 nouveau un espace de diagnostic gratuit \u00e0 tous les jardiniers amateurs.<!--more--><br \/>\n&nbsp;<br \/>\nLe mercredi 11 avril 2018<br \/>\nde 14h00 \u00e0 17h00<br \/>\n\u00e0 la Mairie du 7\u00e8me arrondissement de Paris<br \/>\n116 rue de Grenelle, 75007 Paris<br \/>\n<!--more--><br \/>\n&nbsp;<br \/>\nDes m\u00e9decins des plantes seront \u00e0 la disposition des jardiniers pour des \u00ab consultations \u00bb gratuites. Tous sont invit\u00e9s \u00e0 apporter leurs v\u00e9g\u00e9taux, plantes, arbres, etc. &#8211; s&rsquo;ils sont trop volumineux une branche ou une feuille &#8211; afin que les professionnels puissent les examiner et identifier la nature et la cause du probl\u00e8me.<\/p>\n","protected":false},"excerpt":{"rendered":"<p>Le rendez-vous des amoureux des plantes \u00ab Traiter c&rsquo;est pas automatique, tout commence par un diagnostic \u00bb A l&rsquo;occasion de sa 3\u00e8me \u00e9dition en partenariat avec la Mairie du 7\u00e8me arrondissement de Paris, la Clinique des Plantes, propose \u00e0 nouveau&#8230;<\/p>\n","protected":false},"author":2,"featured_media":0,"comment_status":"open","ping_status":"open","sticky":false,"template":"","format":"standard","meta":{"ngg_post_thumbnail":0,"jetpack_post_was_ever_published":false,"_jetpack_newsletter_access":"","footnotes":""},"categories":[34],"tags":[],"class_list":["post-20833","post","type-post","status-publish","format-standard","hentry","category-jardins"],"jetpack_featured_media_url":"","jetpack-related-posts":[{"id":7728,"url":"http:\/\/www.letourismeaparis.fr\/index.php\/2010\/06\/04\/rendez-vvous-aux-jardins-les-45-et-6-juin\/","url_meta":{"origin":20833,"position":0},"title":"Rendez-vous aux jardins les 4,5 et 6 juin","author":"Fabienne TM","date":"4 juin 2010","format":false,"excerpt":"En 2010, les \"Rendez-vous aux jardins\" auront lieu les 4, 5 et 6 juin. Le th\u00e8me de ces trois journ\u00e9es sera \"Le jardinier et ses outils\" et le vendredi sera, comme chaque ann\u00e9e, consacr\u00e9 aux scolaires. Jardin du Palais Royal Vendredi 4, samedi 5 et dimanche 6 juin. 6 rue\u2026","rel":"","context":"Dans &quot;Non class\u00e9&quot;","block_context":{"text":"Non class\u00e9","link":"http:\/\/www.letourismeaparis.fr\/index.php\/category\/non-classe\/"},"img":{"alt_text":"","src":"","width":0,"height":0},"classes":[]},{"id":13133,"url":"http:\/\/www.letourismeaparis.fr\/index.php\/2013\/04\/14\/visites-des-jardins-de-paris-en-avril\/","url_meta":{"origin":20833,"position":1},"title":"Visites des jardins de Paris en Avril","author":"Fabienne TM","date":"14 avril 2013","format":false,"excerpt":"LE PARC DE BERCY D\u00e9couverte d'un parc ombrag\u00e9 d'arbres centenaires. Le potager, la roseraie, la vigne et beaucoup d'arbres et arbustes peu courants lui donnent un charme particulier. Rendez-vous: devant les pelouses du parc, place L\u00e9onard-Bernstein, face \u00e0 la cin\u00e9math\u00e8que (m\u00e9tro Bercy). PARC DE BERCY\u00a0\u00a0\u00a0 128 QUAI DE BERCY\u00a0 75012\u2026","rel":"","context":"Dans &quot;Cin\u00e9ma&quot;","block_context":{"text":"Cin\u00e9ma","link":"http:\/\/www.letourismeaparis.fr\/index.php\/category\/spectacle\/cinema\/"},"img":{"alt_text":"","src":"","width":0,"height":0},"classes":[]},{"id":18086,"url":"http:\/\/www.letourismeaparis.fr\/index.php\/2016\/04\/15\/paroles-de-jardiniers-2016-du-28-mai-au-12-juin\/","url_meta":{"origin":20833,"position":2},"title":"Paroles de Jardiniers  2016 , du 28 mai au 12 juin","author":"Fabienne TM","date":"15 avril 2016","format":false,"excerpt":"60 jardins ouverts pour un total de 115 animations et 439 rendez-vous propos\u00e9s au grand-public ! 5\u00e8me \u00e9dition plac\u00e9e sous le th\u00e8me du voyage. Voici quelques-uns des ateliers propos\u00e9s par les 115 amateurs, experts et professionnels participants : Comment am\u00e9nager un Shi-Shi odoshi ? Quelles sont les plantes exotiques qui\u2026","rel":"","context":"Dans &quot;Jardins \/ Plein air&quot;","block_context":{"text":"Jardins \/ Plein air","link":"http:\/\/www.letourismeaparis.fr\/index.php\/category\/jardins\/"},"img":{"alt_text":"","src":"https:\/\/i0.wp.com\/www.letourismeaparis.fr\/wp-content\/uploads\/2016\/03\/parole-de-jardinier-212x300.jpg?resize=350%2C200","width":350,"height":200},"classes":[]},{"id":16810,"url":"http:\/\/www.letourismeaparis.fr\/index.php\/2015\/06\/08\/un-peu-deau-beaucoup-deffets-4e-edition-paroles-de-jardiniers-13-au-28-juin-2015\/","url_meta":{"origin":20833,"position":3},"title":"\u201cUn peu d\u2019eau, beaucoup d\u2019effets \u201c 4e \u00e9dition Paroles de jardiniers 13 au 28 juin 2015","author":"Fabienne TM","date":"8 juin 2015","format":false,"excerpt":"\u201cUn peu d\u2019eau, beaucoup d\u2019effets \u201c 4e \u00e9dition Paroles de jardiniers 13 au 28 juin 2015 \u2013 \u00a0 Rendez-vous en famille dans les Yvelines du 13 au 28 juin, o\u00f9 63 parcs et jardins, priv\u00e9s et publics, vous ouvriront leurs portes ! Vous trouverez forcement votre bonheur parmi les propositions\u2026","rel":"","context":"Dans &quot;Jardins \/ Plein air&quot;","block_context":{"text":"Jardins \/ Plein air","link":"http:\/\/www.letourismeaparis.fr\/index.php\/category\/jardins\/"},"img":{"alt_text":"","src":"","width":0,"height":0},"classes":[]},{"id":3316,"url":"http:\/\/www.letourismeaparis.fr\/index.php\/2009\/06\/19\/fete-de-la-musique-en-famille-selection\/","url_meta":{"origin":20833,"position":4},"title":"F\u00eate de la musique en famille (s\u00e9lection)","author":"Fabienne TM","date":"19 juin 2009","format":false,"excerpt":"La musique classique expliqu\u00e9e aux enfants et aux parents avec Jean-Fran\u00e7ois Zygel. Au programme : L'Apprenti Sorcier de Paul Dukas et Danse Macabre de Camille Saint-Sa\u00ebns. Th\u00e9\u00e2tre du Ch\u00e2telet - Place du Ch\u00e2telet 75001 PARIS 1er Horaires : entre 15:00 et 16:30 et\u00a0 entre 18:30 et 20:00 La mairie du\u2026","rel":"","context":"Dans &quot;Non class\u00e9&quot;","block_context":{"text":"Non class\u00e9","link":"http:\/\/www.letourismeaparis.fr\/index.php\/category\/non-classe\/"},"img":{"alt_text":"","src":"","width":0,"height":0},"classes":[]},{"id":17799,"url":"http:\/\/www.letourismeaparis.fr\/index.php\/2016\/02\/05\/des-concerts-a-la-mairie-du-7eme-entree-libre\/","url_meta":{"origin":20833,"position":5},"title":"Des concerts \u00e0 la mairie du 7\u00e8me (entr\u00e9e libre)","author":"Fabienne TM","date":"5 f\u00e9vrier 2016","format":false,"excerpt":"\u00a0 Jeudi 4 f\u00e9vrier \u00e0 19h Musique baroque Concert de grands \u00e9l\u00e8ves du conservatoire Erik Satie, de clavecin, viole de gambe, fl\u00fbte \u00e0 bec et chant. Musiques fran\u00e7aises et du monde. Organis\u00e9 par le conservatoire du 7e arrondissement Salle des mariages Mardi 9 f\u00e9vrier \u00e0 18h30 \u00e0 21h Concert caritatif\u2026","rel":"","context":"Dans &quot;Musique&quot;","block_context":{"text":"Musique","link":"http:\/\/www.letourismeaparis.fr\/index.php\/category\/culture\/concerts-musique\/musique\/"},"img":{"alt_text":"","src":"","width":0,"height":0},"classes":[]}],"jetpack_sharing_enabled":true,"jetpack_likes_enabled":true,"_links":{"self":[{"href":"http:\/\/www.letourismeaparis.fr\/index.php\/wp-json\/wp\/v2\/posts\/20833","targetHints":{"allow":["GET"]}}],"collection":[{"href":"http:\/\/www.letourismeaparis.fr\/index.php\/wp-json\/wp\/v2\/posts"}],"about":[{"href":"http:\/\/www.letourismeaparis.fr\/index.php\/wp-json\/wp\/v2\/types\/post"}],"author":[{"embeddable":true,"href":"http:\/\/www.letourismeaparis.fr\/index.php\/wp-json\/wp\/v2\/users\/2"}],"replies":[{"embeddable":true,"href":"http:\/\/www.letourismeaparis.fr\/index.php\/wp-json\/wp\/v2\/comments?post=20833"}],"version-history":[{"count":0,"href":"http:\/\/www.letourismeaparis.fr\/index.php\/wp-json\/wp\/v2\/posts\/20833\/revisions"}],"wp:attachment":[{"href":"http:\/\/www.letourismeaparis.fr\/index.php\/wp-json\/wp\/v2\/media?parent=20833"}],"wp:term":[{"taxonomy":"category","embeddable":true,"href":"http:\/\/www.letourismeaparis.fr\/index.php\/wp-json\/wp\/v2\/categories?post=20833"},{"taxonomy":"post_tag","embeddable":true,"href":"http:\/\/www.letourismeaparis.fr\/index.php\/wp-json\/wp\/v2\/tags?post=20833"}],"curies":[{"name":"wp","href":"https:\/\/api.w.org\/{rel}","templated":true}]}}