{"id":20903,"date":"2018-03-30T12:33:49","date_gmt":"2018-03-30T10:33:49","guid":{"rendered":"http:\/\/www.letourismeaparis.fr\/?p=20903"},"modified":"2018-03-30T12:33:49","modified_gmt":"2018-03-30T10:33:49","slug":"les-journees-des-metiers-dart-du-3-au-8-avril","status":"publish","type":"post","link":"http:\/\/www.letourismeaparis.fr\/index.php\/2018\/03\/30\/les-journees-des-metiers-dart-du-3-au-8-avril\/","title":{"rendered":"les journ\u00e9es des m\u00e9tiers d&#039;art du 3 au 8 avril"},"content":{"rendered":"<p>Un temps fort d\u00e9di\u00e9 aux manifestations, aux portes ouvertes d&rsquo;ateliers et centres de formation<br \/>\nParticipez au grand rendez-vous populaire consacr\u00e9 aux ouvertures d\u2019ateliers, centres de formations, lieux culturels, et aux expositions, manifestations, conf\u00e9rences, etc. 3 jours d\u00e9di\u00e9s \u00e0 la d\u00e9couverte, \u00e0 la rencontre, au partage avec des professionnels de passion, et \u00e0 destination de tous les publics, petits et grands, amateurs ou novices, partout en France. A partir du 6 avril 2018.<!--more--><br \/>\nCette ann\u00e9e pour la premi\u00e8re fois d\u00e9couvrez la programmation \u00ab Rendez-vous d\u2019exception \u00bb. Ces rendez-vous sur-mesure et sur inscription, organis\u00e9s du 3 au 8 avril partout en France, vous feront d\u00e9couvrir des m\u00e9tiers d\u2019art et des savoir-faire d\u2019excellence en vous ouvrant exceptionnellement les portes de manufactures prestigieuses, d\u2019Entreprises du Patrimoine Vivant, d\u2019ateliers Meilleurs Ouvriers de France et de lieux embl\u00e9matiques culturels, patrimoniaux et de cr\u00e9ation.<!--more--><br \/>\n51 circuits en France<br \/>\n&nbsp;<br \/>\nAu coeur des territoires, partez \u00e0 la rencontre des professionnels m\u00e9tiers d&rsquo;art et de leurs savoir-faire en vous laissant guider par des circuits locaux !<br \/>\n&nbsp;<\/p>\n<blockquote class=\"wp-embedded-content\" data-secret=\"OA5NBvjFbZ\"><p><a href=\"https:\/\/www.journeesdesmetiersdart.fr\/programme\/\">Programme \u00e9dition 2024<\/a><\/p><\/blockquote>\n<p><iframe loading=\"lazy\" class=\"wp-embedded-content\" sandbox=\"allow-scripts\" security=\"restricted\" style=\"position: absolute; clip: rect(1px, 1px, 1px, 1px);\" title=\"\u00ab\u00a0Programme \u00e9dition 2024\u00a0\u00bb &#8212; Journ\u00e9es Europ\u00e9ennes des M\u00e9tiers d&#039;Art - JEMA\" src=\"https:\/\/www.journeesdesmetiersdart.fr\/programme\/embed\/#?secret=2LCnMyXzeJ#?secret=OA5NBvjFbZ\" data-secret=\"OA5NBvjFbZ\" width=\"600\" height=\"338\" frameborder=\"0\" marginwidth=\"0\" marginheight=\"0\" scrolling=\"no\"><\/iframe><\/p>\n","protected":false},"excerpt":{"rendered":"<p>Un temps fort d\u00e9di\u00e9 aux manifestations, aux portes ouvertes d&rsquo;ateliers et centres de formation Participez au grand rendez-vous populaire consacr\u00e9 aux ouvertures d\u2019ateliers, centres de formations, lieux culturels, et aux expositions, manifestations, conf\u00e9rences, etc. 3 jours d\u00e9di\u00e9s \u00e0 la d\u00e9couverte,&#8230;<\/p>\n","protected":false},"author":2,"featured_media":0,"comment_status":"open","ping_status":"open","sticky":false,"template":"","format":"standard","meta":{"ngg_post_thumbnail":0,"jetpack_post_was_ever_published":false,"_jetpack_newsletter_access":"","footnotes":""},"categories":[2,5],"tags":[209],"class_list":["post-20903","post","type-post","status-publish","format-standard","hentry","category-actualite","category-artisanat","tag-jema"],"jetpack_featured_media_url":"","jetpack-related-posts":[{"id":9945,"url":"http:\/\/www.letourismeaparis.fr\/index.php\/2011\/04\/01\/les-journees-des-metiers-dart-2\/","url_meta":{"origin":20903,"position":0},"title":"les Journ\u00e9es des m\u00e9tiers d&#039;Art","author":"Fabienne TM","date":"1 avril 2011","format":false,"excerpt":"Les 1er, 2 et 3 avril 2011, les Journ\u00e9es des M\u00e9tiers d'Art font d\u00e9couvrir au grand public des hommes et des femmes de passion. Au programme : portes ouvertes dans les ateliers et les \u00e9tablissements de formation, expositions de prestige, circuits d\u00e9couverte, conf\u00e9rences... http:\/\/www.journeesdesmetiersdart.com","rel":"","context":"Dans &quot;Non class\u00e9&quot;","block_context":{"text":"Non class\u00e9","link":"http:\/\/www.letourismeaparis.fr\/index.php\/category\/non-classe\/"},"img":{"alt_text":"","src":"","width":0,"height":0},"classes":[]},{"id":23252,"url":"http:\/\/www.letourismeaparis.fr\/index.php\/2019\/05\/22\/revelations-le-rendez-vous-des-metiers-dart-et-de-la-creation-internationale\/","url_meta":{"origin":20903,"position":1},"title":"REVELATIONS : LE RENDEZ-VOUS DES M\u00c9TIERS D&#039;ART ET DE LA CR\u00c9ATION INTERNATIONALE","author":"Fabienne TM","date":"22 mai 2019","format":false,"excerpt":"Positionnant le cr\u00e9ateur comme central, R\u00e9v\u00e9lations porte un regard nouveau et cr\u00e9e un environnement o\u00f9 la cr\u00e9ation contemporaine mondiale rencontre son march\u00e9 et se r\u00e9v\u00e8le au grand public. Lieu de dialogues, d\u2019\u00e9changes et de d\u00e9couvertes, une programmation culturelle particuli\u00e8rement riche d\u00e9voile toute la singularit\u00e9 et l'audace des m\u00e9tiers d\u2019art contemporain.\u2026","rel":"","context":"Dans &quot;Non class\u00e9&quot;","block_context":{"text":"Non class\u00e9","link":"http:\/\/www.letourismeaparis.fr\/index.php\/category\/non-classe\/"},"img":{"alt_text":"","src":"","width":0,"height":0},"classes":[]},{"id":21057,"url":"http:\/\/www.letourismeaparis.fr\/index.php\/2018\/06\/03\/jardins-jardins-aux-tuileries-jusquau-dimanche-3-juin\/","url_meta":{"origin":20903,"position":2},"title":"Jardins jardins aux Tuileries jusqu&#039;au dimanche 3 juin","author":"Fabienne TM","date":"3 juin 2018","format":false,"excerpt":"LE RENDEZ-VOUS DES PROFESSIONNELS ET DES AMATEURS\u00a0 DU JARDIN URBAIN ET DU DESIGN D\u2019EXT\u00c9RIEUR 4 jours pour visiter \u2013 acheter \u2013 partager \u2013 exp\u00e9rimenter \u2013 fl\u00e2ner \u2013 d\u00e9guster \u00a0 Venez d\u00e9couvrir une trentaine de jardins \u00e9ph\u00e9m\u00e8res, cr\u00e9\u00e9s par des paysagistes.\u00a0 Des professionnels du paysage vous pr\u00e9sentent la palette de m\u00e9tiers\u2026","rel":"","context":"Dans &quot;Jardins \/ Plein air&quot;","block_context":{"text":"Jardins \/ Plein air","link":"http:\/\/www.letourismeaparis.fr\/index.php\/category\/jardins\/"},"img":{"alt_text":"","src":"","width":0,"height":0},"classes":[]},{"id":14864,"url":"http:\/\/www.letourismeaparis.fr\/index.php\/2014\/03\/31\/les-journees-europeennes-des-metiers-dart-2014-4-et-5-avril\/","url_meta":{"origin":20903,"position":3},"title":"Les journ\u00e9es europ\u00e9ennes des m\u00e9tiers d\u2019art 2014  :  4 et 5 avril","author":"Fabienne TM","date":"31 mars 2014","format":false,"excerpt":"Les journ\u00e9es europ\u00e9ennes des m\u00e9tiers d\u2019art 2014\u00a0. Immergez-vous dans le monde des m\u00e9tiers d'art, 3 jours uniques pour d\u00e9couvrir des m\u00e9tiers d'exception dans votre r\u00e9gion, partout en France et en Europe, les 4, 5 et 6 avril 2014. Visiteur curieux, amateur ou averti, \u00a0les Journ\u00e9es Europ\u00e9ennes des M\u00e9tiers d\u2019Art vous\u2026","rel":"","context":"Dans &quot;Familles&quot;","block_context":{"text":"Familles","link":"http:\/\/www.letourismeaparis.fr\/index.php\/category\/familles\/"},"img":{"alt_text":"","src":"","width":0,"height":0},"classes":[]},{"id":19138,"url":"http:\/\/www.letourismeaparis.fr\/index.php\/2016\/12\/02\/le-carrousel-des-metiers-dart-et-de-creation-du-1er-au-4-decembre-2016-entree-gratuite\/","url_meta":{"origin":20903,"position":4},"title":"LE CARROUSEL DES M\u00c9TIERS D\u2019ART  ET DE CR\u00c9ATION  DU 1ER AU 4 D\u00c9CEMBRE 2016  Entr\u00e9e Gratuite","author":"Fabienne TM","date":"2 d\u00e9cembre 2016","format":false,"excerpt":"\u00a0 \u00a0 Organis\u00e9 du 1er au 4 d\u00e9cembre 2016 par la Chambre R\u00e9gionale de M\u00e9tiers et de l\u2019Artisanat d\u2019\u00cele-de-France et les 8 Chambres de M\u00e9tiers et de l\u2019Artisanat D\u00e9partementales dans le cadre prestigieux du Carrousel du Louvre \u00e0 Paris, le Carrousel des M\u00e9tiers d\u2019Art et de Cr\u00e9ation est le plus\u2026","rel":"","context":"Dans &quot;Non class\u00e9&quot;","block_context":{"text":"Non class\u00e9","link":"http:\/\/www.letourismeaparis.fr\/index.php\/category\/non-classe\/"},"img":{"alt_text":"","src":"","width":0,"height":0},"classes":[]},{"id":16471,"url":"http:\/\/www.letourismeaparis.fr\/index.php\/2015\/04\/04\/selection-pour-les-journees-des-metiers-dart-en-ile-de-france\/","url_meta":{"origin":20903,"position":5},"title":"S\u00e9lection pour les journ\u00e9es des m\u00e9tiers d&#039;art en \u00cele de France","author":"Fabienne TM","date":"4 avril 2015","format":false,"excerpt":"ATELIERS-D\u00c9COUVERTE MOSA\u00cfQUE \u00c0 L\u2019H\u00d4TEL AIGLON Pour la premi\u00e8re fois, l\u2019H\u00f4tel Aiglon ouvre ses portes au grand public pour lui faire d\u00e9couvrir ses mosa\u00efques uniques, r\u00e9alis\u00e9es par Mathilde Jonqui\u00e8re, mosa\u00efste au talent incontest\u00e9, auteur notamment de la mosa\u00efque du Bon March\u00e9. Lors d\u2019ateliers \u00e0 destination du jeune public, elle partagera sa\u2026","rel":"","context":"Dans &quot;Non class\u00e9&quot;","block_context":{"text":"Non class\u00e9","link":"http:\/\/www.letourismeaparis.fr\/index.php\/category\/non-classe\/"},"img":{"alt_text":"","src":"","width":0,"height":0},"classes":[]}],"jetpack_sharing_enabled":true,"jetpack_likes_enabled":true,"_links":{"self":[{"href":"http:\/\/www.letourismeaparis.fr\/index.php\/wp-json\/wp\/v2\/posts\/20903","targetHints":{"allow":["GET"]}}],"collection":[{"href":"http:\/\/www.letourismeaparis.fr\/index.php\/wp-json\/wp\/v2\/posts"}],"about":[{"href":"http:\/\/www.letourismeaparis.fr\/index.php\/wp-json\/wp\/v2\/types\/post"}],"author":[{"embeddable":true,"href":"http:\/\/www.letourismeaparis.fr\/index.php\/wp-json\/wp\/v2\/users\/2"}],"replies":[{"embeddable":true,"href":"http:\/\/www.letourismeaparis.fr\/index.php\/wp-json\/wp\/v2\/comments?post=20903"}],"version-history":[{"count":0,"href":"http:\/\/www.letourismeaparis.fr\/index.php\/wp-json\/wp\/v2\/posts\/20903\/revisions"}],"wp:attachment":[{"href":"http:\/\/www.letourismeaparis.fr\/index.php\/wp-json\/wp\/v2\/media?parent=20903"}],"wp:term":[{"taxonomy":"category","embeddable":true,"href":"http:\/\/www.letourismeaparis.fr\/index.php\/wp-json\/wp\/v2\/categories?post=20903"},{"taxonomy":"post_tag","embeddable":true,"href":"http:\/\/www.letourismeaparis.fr\/index.php\/wp-json\/wp\/v2\/tags?post=20903"}],"curies":[{"name":"wp","href":"https:\/\/api.w.org\/{rel}","templated":true}]}}