{"id":20993,"date":"2018-05-24T12:50:55","date_gmt":"2018-05-24T10:50:55","guid":{"rendered":"http:\/\/www.letourismeaparis.fr\/?p=20993"},"modified":"2018-05-24T12:50:55","modified_gmt":"2018-05-24T10:50:55","slug":"la-biennale-1-618-pour-le-developpement-durable-au-carreau-du-temple-du-1er-au-3-juin","status":"publish","type":"post","link":"http:\/\/www.letourismeaparis.fr\/index.php\/2018\/05\/24\/la-biennale-1-618-pour-le-developpement-durable-au-carreau-du-temple-du-1er-au-3-juin\/","title":{"rendered":"LA BIENNALE 1.618 pour le d\u00e9veloppement durable au carreau du Temple du 1er au 3 juin"},"content":{"rendered":"<p>Une v\u00e9ritable plateforme d\u2019influence et d\u2019inspirations du 1er au 3 juin 2018 au Carreau du Temple \u00e0 Paris, en ouverture de la Semaine Europ\u00e9enne du D\u00e9veloppement Durable.<img loading=\"lazy\" decoding=\"async\" class=\"alignnone size-medium wp-image-20994 aligncenter\" src=\"http:\/\/www.letourismeaparis.fr\/wp-content\/uploads\/2018\/05\/Capture-d\u2019e\u0301cran-2018-05-24-a\u0300-12.45.23-248x300.png\" alt=\"\" width=\"248\" height=\"300\"><br \/>\nSoutenu par la Ville de Paris et le Minist\u00e8re de la Culture, la manifestation, unique en son genre et remarqu\u00e9e pour ses sc\u00e9nographies audacieuses et \u00e9co-con\u00e7ues, rassemble depuis 2009, marques, entrepreneurs, cr\u00e9atifs, prospectivistes, ONG, artistes&#8230; qui se mobilisent pour un monde meilleur.<!--more--><br \/>\n&nbsp;<br \/>\nA la fronti\u00e8re de L\u2019EXPOSITION et du SALON, lieu de rencontres, d\u2019inspirations, d\u2019exp\u00e9riences, de prises de conscience et de d\u00e9bats, la Biennale 1.618 met en sc\u00e8ne des marques et produits de haute qualit\u00e9, des \u0153uvres, des solutions, des innovations et des acteurs du changement. La cinqui\u00e8me \u00e9dition de l\u2019\u00e9v\u00e9nement s\u2019adresse \u00e0 tous publics et contribue aux changements de comportement des consommateurs en offrant des alternatives concr\u00e8tes, positives et d\u00e9sirables,&nbsp;&nbsp; et une approche diff\u00e9rente du d\u00e9veloppement durable : d\u00e9culpabiliser et sensibiliser par le beau.<br \/>\n&nbsp;<br \/>\nLE CARREAU DU TEMPLE<br \/>\n4 RUE EUG\u00c8NE SPULLER &#8211; 75003 PARIS<br \/>\n&nbsp;<br \/>\n<a href=\"http:\/\/WWW.1618-PARIS.COM\">WWW.1618-PARIS.COM<\/a><br \/>\n&nbsp;<br \/>\nHORAIRES<br \/>\nVENDREDI 10H \u00c0 19H<br \/>\nSAMEDI 11H \u00c0 20H<br \/>\nDIMANCHE 11H \u00c0 19H<\/p>\n","protected":false},"excerpt":{"rendered":"<p>Une v\u00e9ritable plateforme d\u2019influence et d\u2019inspirations du 1er au 3 juin 2018 au Carreau du Temple \u00e0 Paris, en ouverture de la Semaine Europ\u00e9enne du D\u00e9veloppement Durable. Soutenu par la Ville de Paris et le Minist\u00e8re de la Culture, la&#8230;<\/p>\n","protected":false},"author":2,"featured_media":0,"comment_status":"open","ping_status":"open","sticky":false,"template":"","format":"standard","meta":{"ngg_post_thumbnail":0,"jetpack_post_was_ever_published":false,"_jetpack_newsletter_access":"","footnotes":""},"categories":[2,23],"tags":[],"class_list":["post-20993","post","type-post","status-publish","format-standard","hentry","category-actualite","category-ecologie"],"jetpack_featured_media_url":"","jetpack-related-posts":[{"id":14850,"url":"http:\/\/www.letourismeaparis.fr\/index.php\/2014\/03\/27\/drawing-now-paris-le-salon-du-dessin-contemporain-au-carreau-du-temple-jusquau-30-mars\/","url_meta":{"origin":20993,"position":0},"title":"DRAWING NOW PARIS &#124; LE SALON DU DESSIN CONTEMPORAIN au carreau du temple jusqu&#039;au 30 mars","author":"Fabienne TM","date":"27 mars 2014","format":false,"excerpt":"La 8e \u00e9dition de DRAWING NOW PARIS | LE SALON DU DESSIN CONTEMPORAIN s\u2019installe\u00a0au c\u0153ur de Paris\u00a0du mercredi 26 au dimanche 30 mars 2014 au\u00a0Carreau du Temple\u00a0et \u00e0 l\u2019Espace Commines\u00a0pour\u00a0FRESH, section r\u00e9serv\u00e9e aux jeunes galeries.\u00a087 galeries internationales\u00a0s\u00e9lectionn\u00e9es par\u00a0un comit\u00e9 ind\u00e9pendant\u00a0compos\u00e9 de personnalit\u00e9s du monde de l\u2019art participent \u00e0 DRAWING NOW\u2026","rel":"","context":"Dans &quot;Non class\u00e9&quot;","block_context":{"text":"Non class\u00e9","link":"http:\/\/www.letourismeaparis.fr\/index.php\/category\/non-classe\/"},"img":{"alt_text":"","src":"","width":0,"height":0},"classes":[]},{"id":18133,"url":"http:\/\/www.letourismeaparis.fr\/index.php\/2016\/04\/12\/bal-pop-samedi-16-avril-a-partir-de-19h-au-carreau-du-temple\/","url_meta":{"origin":20993,"position":1},"title":"BAL POP  SAMEDI 16 AVRIL, \u00c0 PARTIR DE 19H  au carreau du temple","author":"Fabienne TM","date":"12 avril 2016","format":false,"excerpt":"\u00a0 Le Carreau du Temple vous invite \u00e0 un grand bal citadin sous les verri\u00e8res samedi 16 avril \u00e0 partir de 19h pour f\u00eater son festival La Ville au Corps ! Pour l'occasion Le Carreau du Temple s'associe au Disquaire Day, la journ\u00e9e mondiale o\u00f9 l\u2019on vend le plus de\u2026","rel":"","context":"Dans &quot;Non class\u00e9&quot;","block_context":{"text":"Non class\u00e9","link":"http:\/\/www.letourismeaparis.fr\/index.php\/category\/non-classe\/"},"img":{"alt_text":"","src":"","width":0,"height":0},"classes":[]},{"id":16784,"url":"http:\/\/www.letourismeaparis.fr\/index.php\/2015\/06\/05\/les-ddays-2015des-experiences-design-jusquau-7-juin\/","url_meta":{"origin":20993,"position":2},"title":"Les D&#039;days 2015,des exp\u00e9riences design  jusqu&#039;au 7 juin","author":"Fabienne TM","date":"5 juin 2015","format":false,"excerpt":"Les D'days 2015,des exp\u00e9riences design ! , les D'Days nous proposent de rencontrer les acteurs du design fran\u00e7ais et international dans toute la capitale, le temps d'un festival d'une semaine les\u00a0D'Days\u00a0proposent une vitrine aux designers, qui pr\u00e9sentent l'avancement du design dans des parcours qui f\u00e9d\u00e8rent les cr\u00e9ations autour d'un m\u00eame\u2026","rel":"","context":"Dans &quot;Beaux arts&quot;","block_context":{"text":"Beaux arts","link":"http:\/\/www.letourismeaparis.fr\/index.php\/category\/culture\/musees-expositions\/beaux-arts\/"},"img":{"alt_text":"","src":"https:\/\/i0.wp.com\/www.letourismeaparis.fr\/wp-content\/uploads\/2015\/06\/111754-designer-s-days-2014-228x300.jpg?resize=350%2C200","width":350,"height":200},"classes":[]},{"id":19369,"url":"http:\/\/www.letourismeaparis.fr\/index.php\/2017\/01\/27\/le-nouvel-an-chinois-a-paris-dans-le-3-eme\/","url_meta":{"origin":20993,"position":3},"title":"Le nouvel an chinois \u00e0 Paris dans le 3 \u00e8me","author":"Fabienne TM","date":"27 janvier 2017","format":false,"excerpt":"La Mairie du 3e arrondissement de Paris organise en cette ann\u00e9e 2017 des festivit\u00e9s pour c\u00e9l\u00e9brer la nouvelle ann\u00e9e chinoise du Coq de Feu. La parade tant attendue se d\u00e9roulera donc dans les rues de la capitale le samedi 28 janvier. Dragons, lions, danseurs, chars et costumes seront de la\u2026","rel":"","context":"Dans &quot;Cultures du Monde&quot;","block_context":{"text":"Cultures du Monde","link":"http:\/\/www.letourismeaparis.fr\/index.php\/category\/culture\/musees-expositions\/cultures-du-monde\/"},"img":{"alt_text":"","src":"","width":0,"height":0},"classes":[]},{"id":17770,"url":"http:\/\/www.letourismeaparis.fr\/index.php\/2016\/01\/05\/grande-battle-sous-les-verrieres-danse-hip-hop-au-carreau-du-temple-mercredi-13-janvier\/","url_meta":{"origin":20993,"position":4},"title":"GRANDE BATTLE SOUS LES VERRI\u00c8RES \u2013 Danse Hip-Hop au carreau du temple mercredi 13 janvier","author":"Fabienne TM","date":"5 janvier 2016","format":false,"excerpt":"\u00a0 Mettez-vous dans l'ambiance d\u00e8s 13h avec les coll\u00e9giens qui proposeront des d\u00e9mos et battle en libre acc\u00e8s organis\u00e9s par l'UNSS puis \u00e0 partir de 17h avec le Collectif Training Day. Depuis un an et demi ce collectif propose tous les mois des sessions d'entrainement libre au c\u0153ur de Paris.\u2026","rel":"","context":"Dans &quot;Sport&quot;","block_context":{"text":"Sport","link":"http:\/\/www.letourismeaparis.fr\/index.php\/category\/sport\/"},"img":{"alt_text":"","src":"","width":0,"height":0},"classes":[]},{"id":16851,"url":"http:\/\/www.letourismeaparis.fr\/index.php\/2015\/06\/21\/la-fete-de-la-musique-dimanche-21-juin\/","url_meta":{"origin":20993,"position":5},"title":"La f\u00eate de la musique dimanche 21 juin","author":"Fabienne TM","date":"21 juin 2015","format":false,"excerpt":"Un joli programme \u00a0notamment \u00e0 la maison de la radio , \u00e0 Saint Eustache, au carreau du temple \u00e0 la bodega \u00a0... www:\/\/fetedelamusique.culturecommunication.gouv.fr","rel":"","context":"Dans &quot;Non class\u00e9&quot;","block_context":{"text":"Non class\u00e9","link":"http:\/\/www.letourismeaparis.fr\/index.php\/category\/non-classe\/"},"img":{"alt_text":"","src":"","width":0,"height":0},"classes":[]}],"jetpack_sharing_enabled":true,"jetpack_likes_enabled":true,"_links":{"self":[{"href":"http:\/\/www.letourismeaparis.fr\/index.php\/wp-json\/wp\/v2\/posts\/20993","targetHints":{"allow":["GET"]}}],"collection":[{"href":"http:\/\/www.letourismeaparis.fr\/index.php\/wp-json\/wp\/v2\/posts"}],"about":[{"href":"http:\/\/www.letourismeaparis.fr\/index.php\/wp-json\/wp\/v2\/types\/post"}],"author":[{"embeddable":true,"href":"http:\/\/www.letourismeaparis.fr\/index.php\/wp-json\/wp\/v2\/users\/2"}],"replies":[{"embeddable":true,"href":"http:\/\/www.letourismeaparis.fr\/index.php\/wp-json\/wp\/v2\/comments?post=20993"}],"version-history":[{"count":0,"href":"http:\/\/www.letourismeaparis.fr\/index.php\/wp-json\/wp\/v2\/posts\/20993\/revisions"}],"wp:attachment":[{"href":"http:\/\/www.letourismeaparis.fr\/index.php\/wp-json\/wp\/v2\/media?parent=20993"}],"wp:term":[{"taxonomy":"category","embeddable":true,"href":"http:\/\/www.letourismeaparis.fr\/index.php\/wp-json\/wp\/v2\/categories?post=20993"},{"taxonomy":"post_tag","embeddable":true,"href":"http:\/\/www.letourismeaparis.fr\/index.php\/wp-json\/wp\/v2\/tags?post=20993"}],"curies":[{"name":"wp","href":"https:\/\/api.w.org\/{rel}","templated":true}]}}