{"id":21003,"date":"2018-05-24T16:10:50","date_gmt":"2018-05-24T14:10:50","guid":{"rendered":"http:\/\/www.letourismeaparis.fr\/?p=21003"},"modified":"2018-05-24T16:10:50","modified_gmt":"2018-05-24T14:10:50","slug":"la-fondation-google-planet-vous-attend-les-26-et-27-mai-acces-libre-et-gratuit","status":"publish","type":"post","link":"http:\/\/www.letourismeaparis.fr\/index.php\/2018\/05\/24\/la-fondation-google-planet-vous-attend-les-26-et-27-mai-acces-libre-et-gratuit\/","title":{"rendered":"La Fondation Google Planet vous attend les 26 et 27 mai : acc\u00e8s libre et gratuit"},"content":{"rendered":"<div class=\"row paddr-left push-bottom double\">\n<div class=\"col-xs-12 col-sm-8 col-md-7 col-lg-8\">\n<ul class=\"row\">\n<li class=\"col-xs-12 col-sm-6 icon-below icon-big\">\n<div class=\"zshift\">\n<time datetime=\"2018-05-26\">Du samedi 26 mai 2018&nbsp; &nbsp; &nbsp;&nbsp;<\/time><time>11:00<\/time><\/p>\n<div class=\"zshift\">\n<time datetime=\"2018-05-27\">Au dimanche 27 mai 2018&nbsp;&nbsp;<\/time><time>19:00<\/time>\n<\/div>\n<\/div>\n<\/li>\n<\/ul>\n<\/div>\n<\/div>\n<div class=\"row-flex paddr-bottom double\">\n<div class=\"col-xs-12 col-sm\">\n<article id=\"post-29606\" class=\"post-29606 domaine type-domaine status-publish has-post-thumbnail hentry thematiques-alimentation thematiques-humanisme\">\n<div class=\"content\">\nLa Fondation GoodPlanet et la&nbsp;<a href=\"http:\/\/www.fcpn.org\/\">F\u00e9d\u00e9ration Connaitre et Prot\u00e9ger la Nature<\/a>&nbsp;vous invitent \u00e0 f\u00eater la nature au Domaine !<br \/>\nAu programme : des rencontres, des ateliers \u00ab nature \u00bb pour petits et grands, des expositions et des rencontres avec des amoureux de la nature\u2026 Tout au long du weekend,&nbsp;venez d\u00e9couvrir et vous \u00e9merveiller des secrets de la biodiversit\u00e9 dans une ambiance familiale, conviviale et respectueuse de l\u2019environnement.<br \/>\n&nbsp;\n<\/div>\n<footer class=\"entry-footer\"><\/footer>\n<\/article>\n<\/div>\n<aside class=\"col-xs-12 col-sm-4 col-md-offset-1 col-lg-3 category-orange\"><\/aside>\n<\/div>\n<p><!--more--><br \/>\n<strong><span style=\"vertical-align: inherit;\"><span style=\"vertical-align: inherit;\">16H30&gt; 17H30: Nos amis les arbres &#8211;<\/span><\/span><\/strong><span style=\"vertical-align: inherit;\"><span style=\"vertical-align: inherit;\"> venez \u00e9changer en compagnie d&rsquo;experts qui vous plongeront dans l&rsquo;univers surprenant des arbres. <\/span><span style=\"vertical-align: inherit;\">Avec: \u2022 St\u00e9phane Hette, photographe, ou \u00abL&rsquo;homme qui sait parler \u00e0 l&rsquo;oreille des papillons\u00bb<\/span><\/span><\/p>\n<ul>\n<li><span style=\"vertical-align: inherit;\"><span style=\"vertical-align: inherit;\">Laurent Tillon, \u00e9crivain et auteur de <\/span><\/span><em><span style=\"vertical-align: inherit;\"><span style=\"vertical-align: inherit;\">Et si sur la nature<\/span><\/span><\/em><span style=\"vertical-align: inherit;\"><span style=\"vertical-align: inherit;\"> , un livre qui propose de se reconnecter avec la nature<\/span><\/span><\/li>\n<li><span style=\"vertical-align: inherit;\"><span style=\"vertical-align: inherit;\">Fr\u00e9d\u00e9ric Hendoux, botaniste et directeur du Conservatoire botanique national du Bassin parisien<\/span><\/span><\/li>\n<\/ul>\n<p><strong><span style=\"vertical-align: inherit;\"><span style=\"vertical-align: inherit;\">EXPOSITION <\/span><\/span><\/strong><br \/>\n<strong><span style=\"vertical-align: inherit;\"><span style=\"vertical-align: inherit;\">11H00&gt; 19H00 &#8211; Les arbres amoureux, de St\u00e9phane Hette:<\/span><\/span><\/strong><span style=\"vertical-align: inherit;\"><span style=\"vertical-align: inherit;\"> d\u00e9couvrez la sexualit\u00e9 color\u00e9e et parfois exub\u00e9rante des arbres \u00e0 travers l&rsquo;exposition po\u00e9tique et scientifique que le photographe et illustrateur St\u00e9phane Hette.<\/span><\/span><br \/>\n<strong><span style=\"vertical-align: inherit;\"><span style=\"vertical-align: inherit;\">VILLAGE DES ASSOCIATIONS <\/span><\/span><\/strong><br \/>\n<strong><span style=\"vertical-align: inherit;\"><span style=\"vertical-align: inherit;\">11H30&gt; 17H30 &#8211; Village des associations avec:\u2028<\/span><\/span><\/strong><span style=\"vertical-align: inherit;\"><span style=\"vertical-align: inherit;\"> \u2022 La Salamandre, la revue des curieux de la nature \u2022 Les \u00c9claireurs de France, le mouvement de scoutisme \u2022 Le conservatoire botanique du bassin parisien \u2022 F\u00e9d\u00e9ration Connaught et Prot\u00e9ger la Nature (FCPN)<\/span><\/span><br \/>\n<strong><span style=\"vertical-align: inherit;\"><span style=\"vertical-align: inherit;\">ANIMATIONS <\/span><\/span><\/strong><br \/>\n<strong><span style=\"vertical-align: inherit;\"><span style=\"vertical-align: inherit;\">14H00&gt; 15H00: Initiation aux percurssions du monde. <\/span><span style=\"vertical-align: inherit;\">15H00&gt; 16H00: Atelier de confection<\/span><\/span><\/strong><span style=\"vertical-align: inherit;\"><span style=\"vertical-align: inherit;\"> de porte-monnaies \u00e0 partir de Tetra Pak. <\/span><\/span><strong><span style=\"vertical-align: inherit;\"><span style=\"vertical-align: inherit;\">14H00&gt; 14H52: Atelier froissartage<\/span><\/span><\/strong><span style=\"vertical-align: inherit;\"><span style=\"vertical-align: inherit;\"> avec les Eclaireurs.<\/span><\/span><br \/>\n<strong><span style=\"vertical-align: inherit;\"><span style=\"vertical-align: inherit;\">PROJECTIONS <\/span><\/span><\/strong><br \/>\n<strong><span style=\"vertical-align: inherit;\"><span style=\"vertical-align: inherit;\">11H00&gt; 12H00 \/ 12h00&gt; 12h45: Cin\u00e9 Kids\u2028<\/span><\/span><\/strong><span style=\"vertical-align: inherit;\"><span style=\"vertical-align: inherit;\"> Une s\u00e9lection sp\u00e9ciale de courts-m\u00e9trages \u00e0 destination du jeune public.<\/span><\/span><br \/>\n<strong><span style=\"vertical-align: inherit;\"><span style=\"vertical-align: inherit;\">13H00&gt; 13H26: Le Roi-P\u00eacheur\u2028<\/span><\/span><\/strong><span style=\"vertical-align: inherit;\"><span style=\"vertical-align: inherit;\"> Un lm de Vincent Chabloz sur le Martin-P\u00eacheur.<\/span><\/span><br \/>\n<strong><span style=\"vertical-align: inherit;\"><span style=\"vertical-align: inherit;\">14H00&gt; 14H52: L&rsquo;oiseau-papillon\u2028<\/span><\/span><\/strong><span style=\"vertical-align: inherit;\"><span style=\"vertical-align: inherit;\"> Unm de Franck Neveu sur la mythique: le tichodrome.<\/span><\/span><br \/>\n<strong><span style=\"vertical-align: inherit;\"><span style=\"vertical-align: inherit;\">15H00&gt; 15H52: Premi\u00e8res Loges\u2028<\/span><\/span><\/strong><span style=\"vertical-align: inherit;\"><span style=\"vertical-align: inherit;\"> Le Cin\u00e9aste animalier Vincent Chabloz vous fait d\u00e9couvrir ce qui se trouve entre eux les habitants de la for\u00eat &#8230; et ce qui nous lie \u00e0 eux.<\/span><\/span><br \/>\n<strong><span style=\"vertical-align: inherit;\"><span style=\"vertical-align: inherit;\">16H00&gt; 17H37: TERRA\u2028<\/span><\/span><\/strong><span style=\"vertical-align: inherit;\"><span style=\"vertical-align: inherit;\"> Une formidable \u00e9pop\u00e9e sur la vie sauvage en compagnie de Yann Arthus-Bertrand<\/span><\/span><br \/>\n<strong><span style=\"vertical-align: inherit;\"><span style=\"vertical-align: inherit;\">DIMANCHE <\/span><\/span><\/strong><br \/>\n<strong><span style=\"vertical-align: inherit;\"><span style=\"vertical-align: inherit;\">CONF\u00c9RENCES <\/span><\/span><\/strong><br \/>\n<strong><span style=\"vertical-align: inherit;\"><span style=\"vertical-align: inherit;\">15H00&gt; 16H00: Se connecter \u00e0 la nature &#8211;<\/span><\/span><\/strong><span style=\"vertical-align: inherit;\"><span style=\"vertical-align: inherit;\"> d\u00e9couvrez les moyens de vous (re) connecter \u00e0 la nature et ses vertus sur votre sant\u00e9 physique et mentale, en pr\u00e9sence d&rsquo;experts: \u2022 Fran\u00e7ois Lasserre, Co-Pr\u00e9sident de Graine Ile de France \u2022 Fr\u00e9d\u00e9ric Pl\u00e9nard, Pr\u00e9sident de l&rsquo;association Le Grand Secret du Lien<\/span><\/span><\/p>\n<ul>\n<li><span style=\"vertical-align: inherit;\"><span style=\"vertical-align: inherit;\">C\u00e9line Urso, pr\u00e9sidente de la FCPN<\/span><\/span><\/li>\n<\/ul>\n<p><strong><span style=\"vertical-align: inherit;\"><span style=\"vertical-align: inherit;\">16H30&gt; 17H30: Toutes les b\u00eatises sur la nature que les grands racontent aux enfants &#8211; <\/span><\/span><\/strong><br \/>\n<span style=\"vertical-align: inherit;\"><span style=\"vertical-align: inherit;\">\u2022 Fran\u00e7ois Lasserre, auteur, vulgarisateur naturaliste et insectologue \u2022 Christine Rollard, arachnologue au Mus\u00e9um national d&rsquo;Histoire naturelle<\/span><\/span><br \/>\n<strong>VILLAGE DES ASSOCIATIONS <\/strong><br \/>\n<strong>11H30 &gt; 17H30 <\/strong><\/p>\n<ul>\n<li>La Salamandre, la revue des curieux de nature\u2028\u2022 Les \u00c9claireurs de France, mouvement de scoutisme \u2022 Le conservatoire botanique du bassin parisien\u2028\u2022 F\u00e9d\u00e9ration Conna\u00eetre et Prot\u00e9ger la Nature (FCPN)<\/li>\n<\/ul>\n<p><strong>ANIMATIONS <\/strong><br \/>\n<strong>12H00 &gt; 13H15 : Visite sensorielle dans le Domaine <\/strong>avec Fr\u00e9d\u00e9ric Pl\u00e9nard. <strong>14H00 &gt; 15H00 : Initiation aux percurssions du monde.\u202815H00 &gt; 16H00 : D\u00e9couverte des ruches du Domaine de Longchamp. 16H00 &gt; 17H00 : Atelier froissartage <\/strong>avec les Eclaireurs.<br \/>\n<strong>16H30 &gt; 17H30 : Initiation \u00e0 l\u2019aquarelle <\/strong>avec F\u00e9lix Marquette.\u2028<strong>16H30 &gt; 17H30 : Atelier de confection <\/strong>de porte-monnaies \u00e0 partir d\u2019emballages Tetra Pak.<br \/>\n<strong>La Fondation GoodPlanet au Domaine de Longchamp <\/strong><br \/>\n<strong>PROJECTIONS <\/strong><br \/>\n<strong>11H00 &gt; 12H00 \/ 12h15 &gt; 12h45 : Cin\u00e9 Kids\u2028<\/strong>Une s\u00e9lection sp\u00e9ciale de courts-m\u00e9trages \u00e0 destination du jeune public.<br \/>\n<strong>13H00 &gt; 13H26 : Le Roi-P\u00eacheur\u2028U<\/strong>n lm de Vincent Chabloz sur le Martin-P\u00eacheur.<br \/>\n<strong>14H00 &gt; 15H20 : Le lien\u2028<\/strong>D\u00e9couvrez en compagnie du r\u00e9alisateur Fr\u00e9d\u00e9ric Pl\u00e9nart un lm sur notre lien avec la Terre et la nature.<br \/>\n<strong>16H00 &gt; 16H52 : Premi\u00e8res Loges 14H00 &gt; 14H52 : TERRA <\/strong><br \/>\n&nbsp;<br \/>\n<strong>www.goodplanet.org\/fr\/lagenda <\/strong><br \/>\nPremier lieu d\u00e9di\u00e9 \u00e0 l\u2019\u00e9cologie et la solidarit\u00e9 \u00e0 Paris, la Fondation GoodPlanet a ouvert ses portes en mai 2017 au Domaine de Longchamp \u00e0 l\u2019initiative de Yann Arthus-Bertrand avec le soutien de la Mairie de Paris, de la MAIF et en collaboration avec le Groupe Noctis.<br \/>\n&nbsp;<\/p>\n<table>\n<tbody>\n<tr>\n<td width=\"767\">&nbsp;<\/td>\n<\/tr>\n<tr>\n<td width=\"767\"><strong>INFORMATIONS PRATIQUES <\/strong><\/td>\n<\/tr>\n<tr>\n<td width=\"767\"><span style=\"vertical-align: inherit;\"><span style=\"vertical-align: inherit;\">Fondation GoodPlanet &#8211; Domaine de Longchamp\u2028 <\/span><\/span><strong><span style=\"vertical-align: inherit;\"><span style=\"vertical-align: inherit;\">1, Carrefour de Longchamp, Bois de Boulogne, 75116 &#8211; Paris<\/span><\/span><\/strong><span style=\"vertical-align: inherit;\"><span style=\"vertical-align: inherit;\">Mercredi&gt; vendredi \u2022 12h&gt; 18h Samedi&gt; dimanche \u2022 11h&gt; 19h<\/span><\/span><br \/>\n&nbsp;<br \/>\n<span style=\"vertical-align: inherit;\"><span style=\"vertical-align: inherit;\">https:\/\/www.goodplanet.org\/fr\/<\/span><\/span><br \/>\nhttps:\/\/www.goodplanet.org\/fr\/lagenda\/<br \/>\n<span style=\"vertical-align: inherit;\"><span style=\"vertical-align: inherit;\">Le Domaine est ouvert au public du mercredi au dimanche.<\/span><\/span><br \/>\n&nbsp;<br \/>\n<strong><span style=\"vertical-align: inherit;\"><span style=\"vertical-align: inherit;\">Venir en transports: <\/span><\/span><\/strong><br \/>\n<span style=\"vertical-align: inherit;\"><span style=\"vertical-align: inherit;\">Porte Maillot (sortie 6) Porte d&rsquo;Auteuil Neuilly &#8211; Porte Maillot<\/span><\/span><br \/>\n<strong><span style=\"vertical-align: inherit;\"><span style=\"vertical-align: inherit;\">Depuis la Porte Maillot<\/span><\/span><\/strong><span style=\"vertical-align: inherit;\"><span style=\"vertical-align: inherit;\"> (10min) Prendre le bus 244, dir. <\/span><span style=\"vertical-align: inherit;\">Rueil-Malmaison Rer Arr\u00eat: Carrefour de Longchamp<\/span><\/span><br \/>\n<span style=\"vertical-align: inherit;\"><span style=\"vertical-align: inherit;\">Suresnes Longchamp\u2028 <\/span><\/span><strong><span style=\"vertical-align: inherit;\"><span style=\"vertical-align: inherit;\">244<\/span><\/span><\/strong><span style=\"vertical-align: inherit;\"><span style=\"vertical-align: inherit;\"> Carrefour de Longchamp <\/span><\/span><strong><span style=\"vertical-align: inherit;\"><span style=\"vertical-align: inherit;\">241<\/span><\/span><\/strong><span style=\"vertical-align: inherit;\"><span style=\"vertical-align: inherit;\"> Camping des Moulins<\/span><\/span><br \/>\n<strong><span style=\"vertical-align: inherit;\"><span style=\"vertical-align: inherit;\">Depuis la Porte d&rsquo;Auteuil<\/span><\/span><\/strong><span style=\"vertical-align: inherit;\"><span style=\"vertical-align: inherit;\"> (12min) Prendre le bus 241, dir. <\/span><span style=\"vertical-align: inherit;\">Rueil-Malmaison Rer Arr\u00eat: Camping des Moulins<\/span><\/span><\/td>\n<\/tr>\n<tr>\n<td width=\"767\">&nbsp;<\/td>\n<\/tr>\n<\/tbody>\n<\/table>\n<p>&nbsp;<\/p>\n","protected":false},"excerpt":{"rendered":"<p>Du samedi 26 mai 2018&nbsp; &nbsp; &nbsp;&nbsp;11:00 Au dimanche 27 mai 2018&nbsp;&nbsp;19:00 La Fondation GoodPlanet et la&nbsp;F\u00e9d\u00e9ration Connaitre et Prot\u00e9ger la Nature&nbsp;vous invitent \u00e0 f\u00eater la nature au Domaine ! Au programme : des rencontres, des ateliers \u00ab nature \u00bb&#8230;<\/p>\n","protected":false},"author":2,"featured_media":0,"comment_status":"open","ping_status":"open","sticky":false,"template":"","format":"standard","meta":{"ngg_post_thumbnail":0,"jetpack_post_was_ever_published":false,"_jetpack_newsletter_access":"","footnotes":""},"categories":[23],"tags":[],"class_list":["post-21003","post","type-post","status-publish","format-standard","hentry","category-ecologie"],"jetpack_featured_media_url":"","jetpack-related-posts":[{"id":25621,"url":"http:\/\/www.letourismeaparis.fr\/index.php\/2024\/05\/14\/la-fete-de-la-nature-les-26-et-27-mai\/","url_meta":{"origin":21003,"position":0},"title":"La F\u00eate de la nature les 26 et 27 mai","author":"Fabienne TM","date":"14 mai 2024","format":false,"excerpt":"Quelques id\u00e9es :15EME ARRONDISSEMENT Organis\u00e9 par l\u2019association \u00ab Les amis du jardin de la F\u00e9licit\u00e9 \u00bb15h \uf07d F\u00eate de la Nature au jardin de la F\u00e9licit\u00e9 Venez f\u00eater la nature avec les jardiniers de la F\u00e9licit\u00e9 : go\u00fbter, atelier boissons aromatiques, quiz\u202620 rue Sainte F\u00e9licit\u00e9 http:\/\/jardin-de-la-felicite.fr\/association.htm 16E ARRONDISSEMENT Fondation GoodPlanet\u2026","rel":"","context":"Dans &quot;Jardins \/ Plein air&quot;","block_context":{"text":"Jardins \/ Plein air","link":"http:\/\/www.letourismeaparis.fr\/index.php\/category\/jardins\/"},"img":{"alt_text":"","src":"https:\/\/i0.wp.com\/www.letourismeaparis.fr\/wp-content\/uploads\/2024\/05\/Capture-decran-2024-05-14-a-11.01.13-1.png?resize=350%2C200","width":350,"height":200,"srcset":"https:\/\/i0.wp.com\/www.letourismeaparis.fr\/wp-content\/uploads\/2024\/05\/Capture-decran-2024-05-14-a-11.01.13-1.png?resize=350%2C200 1x, https:\/\/i0.wp.com\/www.letourismeaparis.fr\/wp-content\/uploads\/2024\/05\/Capture-decran-2024-05-14-a-11.01.13-1.png?resize=525%2C300 1.5x"},"classes":[]},{"id":20894,"url":"http:\/\/www.letourismeaparis.fr\/index.php\/2018\/04\/18\/ilot-helsinki-la-seine-musicale-les-26-et-27-mai-2018\/","url_meta":{"origin":21003,"position":1},"title":"\u00ceLOT HELSINKI \u00c0 LA SEINE MUSICALE    Les 26 et 27 mai 2018","author":"Fabienne TM","date":"18 avril 2018","format":false,"excerpt":"Le D\u00e9partement des Hauts-de-Seine et Insula orchestra se forme \u00e0 l'heure finlandaise. L'Orchestre philharmonique d'Helsinki, sous la direction du chef d'orchestre finlandais Susanna M\u00e4lkki, qui tient la baguette pour la somptueuse Symphonie n \u00b0 9 de Mahler. V\u00e9ritable chant du cygne d'un compositeur au soir de sa vie, c'est une\u2026","rel":"","context":"Dans &quot;Musique&quot;","block_context":{"text":"Musique","link":"http:\/\/www.letourismeaparis.fr\/index.php\/category\/culture\/concerts-musique\/musique\/"},"img":{"alt_text":"","src":"","width":0,"height":0},"classes":[]},{"id":21011,"url":"http:\/\/www.letourismeaparis.fr\/index.php\/2018\/05\/24\/fete-de-lestampe-samedi-26-mai-2018\/","url_meta":{"origin":21003,"position":2},"title":"F\u00caTE DE L\u2019ESTAMPE  Samedi 26 mai 2018","author":"Fabienne TM","date":"24 mai 2018","format":false,"excerpt":"\u00a0 Plus de 280 \u00e9v\u00e9nements dans toute la France (dont 70 en Ile de France) pour c\u00e9l\u00e9brer cet art riche et prot\u00e9iforme La F\u00eate de l\u2019estampe est consacr\u00e9e \u00e0 la gravure, la lithographie, la s\u00e9rigraphie ou \u00e0 certains proc\u00e9d\u00e9s num\u00e9riques. Initi\u00e9e en 2013, par Manifestampe, la f\u00e9d\u00e9ration nationale de l\u2019estampe,\u2026","rel":"","context":"Dans &quot;Beaux arts&quot;","block_context":{"text":"Beaux arts","link":"http:\/\/www.letourismeaparis.fr\/index.php\/category\/culture\/musees-expositions\/beaux-arts\/"},"img":{"alt_text":"","src":"https:\/\/i0.wp.com\/www.letourismeaparis.fr\/wp-content\/uploads\/2018\/05\/Capture-d%C3%A2%C2%80%C2%99e%C3%8C%C2%81cran-2018-05-24-a%C3%8C%C2%80-16.16.02-219x300.png?resize=350%2C200","width":350,"height":200},"classes":[]},{"id":18052,"url":"http:\/\/www.letourismeaparis.fr\/index.php\/2016\/03\/19\/albert-marquet-peintre-du-temps-suspendu-a-partir-du-25-mars\/","url_meta":{"origin":21003,"position":3},"title":"Albert Marquet ,peintre du temps suspendu  \u00e0 partir du 25 mars","author":"Fabienne TM","date":"19 mars 2016","format":false,"excerpt":"\u00a0 Le Mus\u00e9e d\u2019Art moderne consacre \u00e0 Albert Marquet (1875-1947), une importante monographie regroupant plus d\u2019une centaine d\u2019\u0153uvres -peintures et dessins Albert Marquet (1875-1947), Vue du port du Havre (Le Quai de Notre Dame) vers 1911, huile sur toile, 65 x 81 cm Fondation Collection E.G. B\u00fchrle, Zurich \u00a9 ADAGP,\u2026","rel":"","context":"Dans &quot;Non class\u00e9&quot;","block_context":{"text":"Non class\u00e9","link":"http:\/\/www.letourismeaparis.fr\/index.php\/category\/non-classe\/"},"img":{"alt_text":"","src":"https:\/\/i0.wp.com\/www.letourismeaparis.fr\/wp-content\/uploads\/2016\/03\/MMMMMM-300x240.jpg?resize=350%2C200","width":350,"height":200},"classes":[]},{"id":23072,"url":"http:\/\/www.letourismeaparis.fr\/index.php\/2019\/05\/25\/fete-de-la-nature-au-museum\/","url_meta":{"origin":21003,"position":4},"title":"FETE DE LA NATURE AU MUSEUM","author":"Fabienne TM","date":"25 mai 2019","format":false,"excerpt":"Les 25 et 26 mai prochains, le Jardin des Plantes c\u00e9l\u00e8bre la \u00ab nature en mouvement(s) \u00bb et offre aux visiteurs une programmation festive, ponctu\u00e9e de nombreuses animations et visites gratuites. WEEKEND DU 25 ET 26 MAI 2019 AU JARDIN DES PLANTES F\u00eate de la Nature 2018 \u00a9 MNHN \/\u2026","rel":"","context":"Dans &quot;Non class\u00e9&quot;","block_context":{"text":"Non class\u00e9","link":"http:\/\/www.letourismeaparis.fr\/index.php\/category\/non-classe\/"},"img":{"alt_text":"","src":"","width":0,"height":0},"classes":[]},{"id":20954,"url":"http:\/\/www.letourismeaparis.fr\/index.php\/2018\/05\/03\/les-musicales-de-bagatelle-du-25-au-27-mai\/","url_meta":{"origin":21003,"position":5},"title":"Les musicales de Bagatelle du 25 au 27 mai","author":"Fabienne TM","date":"3 mai 2018","format":false,"excerpt":"25 MAI 2018 - 20H Cellissimo Huit jeunes violoncellistes \u00e0 l\u2019aube de carri\u00e8res prestigieuses, parrain\u00e9s par Fran\u00e7ois Salque nous font d\u00e9couvrir quatre si\u00e8cles de musique classique ! L\u2019union de ces neuf instruments... 26 MAI 2018 - 19H Classiquement Jazz \u00ab Le jazz c\u2019est toute la musique \u00bb, paroles de Duke\u2026","rel":"","context":"Dans &quot;Musique&quot;","block_context":{"text":"Musique","link":"http:\/\/www.letourismeaparis.fr\/index.php\/category\/culture\/concerts-musique\/musique\/"},"img":{"alt_text":"","src":"","width":0,"height":0},"classes":[]}],"jetpack_sharing_enabled":true,"jetpack_likes_enabled":true,"_links":{"self":[{"href":"http:\/\/www.letourismeaparis.fr\/index.php\/wp-json\/wp\/v2\/posts\/21003","targetHints":{"allow":["GET"]}}],"collection":[{"href":"http:\/\/www.letourismeaparis.fr\/index.php\/wp-json\/wp\/v2\/posts"}],"about":[{"href":"http:\/\/www.letourismeaparis.fr\/index.php\/wp-json\/wp\/v2\/types\/post"}],"author":[{"embeddable":true,"href":"http:\/\/www.letourismeaparis.fr\/index.php\/wp-json\/wp\/v2\/users\/2"}],"replies":[{"embeddable":true,"href":"http:\/\/www.letourismeaparis.fr\/index.php\/wp-json\/wp\/v2\/comments?post=21003"}],"version-history":[{"count":0,"href":"http:\/\/www.letourismeaparis.fr\/index.php\/wp-json\/wp\/v2\/posts\/21003\/revisions"}],"wp:attachment":[{"href":"http:\/\/www.letourismeaparis.fr\/index.php\/wp-json\/wp\/v2\/media?parent=21003"}],"wp:term":[{"taxonomy":"category","embeddable":true,"href":"http:\/\/www.letourismeaparis.fr\/index.php\/wp-json\/wp\/v2\/categories?post=21003"},{"taxonomy":"post_tag","embeddable":true,"href":"http:\/\/www.letourismeaparis.fr\/index.php\/wp-json\/wp\/v2\/tags?post=21003"}],"curies":[{"name":"wp","href":"https:\/\/api.w.org\/{rel}","templated":true}]}}