{"id":21018,"date":"2018-05-28T19:11:45","date_gmt":"2018-05-28T17:11:45","guid":{"rendered":"http:\/\/www.letourismeaparis.fr\/?p=21018"},"modified":"2018-05-28T19:11:45","modified_gmt":"2018-05-28T17:11:45","slug":"le-paris-des-curieux","status":"publish","type":"post","link":"http:\/\/www.letourismeaparis.fr\/index.php\/2018\/05\/28\/le-paris-des-curieux\/","title":{"rendered":"Le  Paris des curieux"},"content":{"rendered":"<p>par&nbsp; Michel Dansel.<br \/>\nUne promenade&nbsp; passionnante \u00e0 la d\u00e9couverte d&rsquo;un Paris curieux, m\u00e9connu, merveilleux comme vous ne le voyez jamais !<br \/>\nDes itin\u00e9raires th\u00e9matiques et g\u00e9ographiques vous guideront pour d\u00e9couvrir de nombreux secrets.<!--more-->Le Paris des curieux par&nbsp; Michel Dansel chez Larousse<\/p>\n","protected":false},"excerpt":{"rendered":"<p>par&nbsp; Michel Dansel. Une promenade&nbsp; passionnante \u00e0 la d\u00e9couverte d&rsquo;un Paris curieux, m\u00e9connu, merveilleux comme vous ne le voyez jamais ! Des itin\u00e9raires th\u00e9matiques et g\u00e9ographiques vous guideront pour d\u00e9couvrir de nombreux secrets.<\/p>\n","protected":false},"author":2,"featured_media":0,"comment_status":"open","ping_status":"open","sticky":false,"template":"","format":"standard","meta":{"ngg_post_thumbnail":0,"jetpack_post_was_ever_published":false,"_jetpack_newsletter_access":"","footnotes":""},"categories":[31],"tags":[],"class_list":["post-21018","post","type-post","status-publish","format-standard","hentry","category-histoire"],"jetpack_featured_media_url":"","jetpack-related-posts":[{"id":11483,"url":"http:\/\/www.letourismeaparis.fr\/index.php\/2012\/02\/17\/lintercontinental-paris-le-grand-entre-dans-la-danse\/","url_meta":{"origin":21018,"position":0},"title":"L\u2019INTERCONTINENTAL PARIS LE GRAND ENTRE DANS LA DANSE !","author":"Fabienne TM","date":"17 f\u00e9vrier 2012","format":false,"excerpt":"Du 6 f\u00e9vrier au 3 mars 2012, les costumes d\u2019\u00e9poque du Th\u00e9\u00e2tre National de Chaillot ainsi que Repetto entrent dans la danse A l\u2019occasion de ses 150 ans, l\u2019InterContinental Paris Le Grand c\u00e9l\u00e8bre chaque mois, et ce jusqu\u2019en juin 2012, l\u2019un des 7 Arts. Le mois de f\u00e9vrier sera ainsi\u2026","rel":"","context":"Dans &quot;Non class\u00e9&quot;","block_context":{"text":"Non class\u00e9","link":"http:\/\/www.letourismeaparis.fr\/index.php\/category\/non-classe\/"},"img":{"alt_text":"","src":"","width":0,"height":0},"classes":[]},{"id":8821,"url":"http:\/\/www.letourismeaparis.fr\/index.php\/2010\/10\/18\/des-cours-de-chant-gospel-a-paris\/","url_meta":{"origin":21018,"position":1},"title":"Des cours de chant Gospel \u00e0 Paris","author":"Fabienne TM","date":"18 octobre 2010","format":false,"excerpt":"GOSPEL est un cours de chant tous les lundis dans le 11e, c\u2019est \u00e0 d\u00e9couvrir pour ceux qui le souhaitent. Toujours \u00e9tonnant, vivant et dynamique, le chant gospel reste un spectacle en lui-m\u00eame. Si vous \u00eates amateur ou curieux, vous pourrez aller \u00e0 la rencontre de ce cours, tous les\u2026","rel":"","context":"Dans &quot;Non class\u00e9&quot;","block_context":{"text":"Non class\u00e9","link":"http:\/\/www.letourismeaparis.fr\/index.php\/category\/non-classe\/"},"img":{"alt_text":"","src":"","width":0,"height":0},"classes":[]},{"id":2086,"url":"http:\/\/www.letourismeaparis.fr\/index.php\/2009\/02\/24\/on-y-rentre-en-curieux-on-en-sort-en-collectionneur\/","url_meta":{"origin":21018,"position":2},"title":"\u201cOn y rentre en curieux&#8230; on en sort en collectionneur\u201d.","author":"Fabienne TM","date":"24 f\u00e9vrier 2009","format":false,"excerpt":"Salon du livre et papiers anciens,jusqu'au\u00a0 1er mars 2009 \u00e0 l\u2019Espace Champerret. Plus de 200 exposants\u00a0 proposent des documents: livres anciens, presse et cartes postales anciennes, manuscrits, estampes, actions et obligations, r\u00e9clames, chromos, gravures, affiches, objets, cartonn\u00e9s, photos\u2026 Le th\u00e8me mis \u00e0 l\u2019honneur en 2009 , les porte-bonheur\u00a0 : le\u2026","rel":"","context":"Dans &quot;Non class\u00e9&quot;","block_context":{"text":"Non class\u00e9","link":"http:\/\/www.letourismeaparis.fr\/index.php\/category\/non-classe\/"},"img":{"alt_text":"","src":"","width":0,"height":0},"classes":[]},{"id":11617,"url":"http:\/\/www.letourismeaparis.fr\/index.php\/2012\/04\/05\/les-rendez-vous-metiers-au-museum-national-dhistoire-naturelle-ethnologue-dimanche-15-avril-a-15h\/","url_meta":{"origin":21018,"position":3},"title":"LES RENDEZ-VOUS M\u00c9TIERS au Mus\u00e9um national d&#039;Histoire naturelle : ETHNOLOGUE, dimanche 15 AVRIL \u00e0 15h","author":"Fabienne TM","date":"5 avril 2012","format":false,"excerpt":"Tous les derniers dimanches du mois, le Mus\u00e9um national d'Histoire naturelle invite le public \u00e0 d\u00e9couvrir l'un des m\u00e9tiers qui compose l\u2019Institution. Parents, enfants, \u00e9tudiants, enseignants, simples curieux, tous sont invit\u00e9s \u00e0 \u00e9couter, d\u00e9couvrir et \u00e9changer sur un m\u00e9tier. Dimanche 15 avril 2012 \u00e0 15h,\u00a0 Tatiana Fougal pr\u00e9sentera son m\u00e9tier\u2026","rel":"","context":"Dans &quot;Non class\u00e9&quot;","block_context":{"text":"Non class\u00e9","link":"http:\/\/www.letourismeaparis.fr\/index.php\/category\/non-classe\/"},"img":{"alt_text":"","src":"","width":0,"height":0},"classes":[]},{"id":1114,"url":"http:\/\/www.letourismeaparis.fr\/index.php\/2008\/12\/25\/le-forum-des-images\/","url_meta":{"origin":21018,"position":4},"title":"Le Forum des images","author":"Fabienne TM","date":"25 d\u00e9cembre 2008","format":false,"excerpt":"Un film, un d\u00e9bat, un go\u00fbter pour les enfants : 27 D\u00e9c - 15h00 l Les Aventures de Tarzan \u00e0 New York de Richard Thorpe 31 D\u00e9c - 14h00 l Le Rendez-vous des petits curieux 31 D\u00e9c - 15h00 l La Nuit au mus\u00e9e de Shawn Levy Adresse : 2,\u2026","rel":"","context":"Dans &quot;Non class\u00e9&quot;","block_context":{"text":"Non class\u00e9","link":"http:\/\/www.letourismeaparis.fr\/index.php\/category\/non-classe\/"},"img":{"alt_text":"","src":"","width":0,"height":0},"classes":[]},{"id":15950,"url":"http:\/\/www.letourismeaparis.fr\/index.php\/2014\/11\/12\/paris-photo-au-grand-palais-du-13-au-16-novembre-et-les-autres-expos-photos\/","url_meta":{"origin":21018,"position":5},"title":"Paris Photo  au Grand Palais du 13 au 16 novembre et les autres expos photos","author":"Fabienne TM","date":"12 novembre 2014","format":false,"excerpt":"Paris Photo est le premier rendez-vous international d\u00e9di\u00e9 au medium photographique. Artistes, galeristes, collectionneurs, professionnels, curieux et passionn\u00e9s se retrouvent chaque automne autour d\u2019une programmation ambitieuse et exigeante, mettant l\u2019accent sur la diversit\u00e9 et la qualit\u00e9 des artistes et des \u0153uvres pr\u00e9sent\u00e9es par les galeristes : \u00a0 http:\/\/www.parisphoto.com\/fr\/paris\/programme\/2014\/la-plateforme Quelques expos\u2026","rel":"","context":"Dans &quot;Photos&quot;","block_context":{"text":"Photos","link":"http:\/\/www.letourismeaparis.fr\/index.php\/category\/culture\/musees-expositions\/photos\/"},"img":{"alt_text":"","src":"","width":0,"height":0},"classes":[]}],"jetpack_sharing_enabled":true,"jetpack_likes_enabled":true,"_links":{"self":[{"href":"http:\/\/www.letourismeaparis.fr\/index.php\/wp-json\/wp\/v2\/posts\/21018","targetHints":{"allow":["GET"]}}],"collection":[{"href":"http:\/\/www.letourismeaparis.fr\/index.php\/wp-json\/wp\/v2\/posts"}],"about":[{"href":"http:\/\/www.letourismeaparis.fr\/index.php\/wp-json\/wp\/v2\/types\/post"}],"author":[{"embeddable":true,"href":"http:\/\/www.letourismeaparis.fr\/index.php\/wp-json\/wp\/v2\/users\/2"}],"replies":[{"embeddable":true,"href":"http:\/\/www.letourismeaparis.fr\/index.php\/wp-json\/wp\/v2\/comments?post=21018"}],"version-history":[{"count":0,"href":"http:\/\/www.letourismeaparis.fr\/index.php\/wp-json\/wp\/v2\/posts\/21018\/revisions"}],"wp:attachment":[{"href":"http:\/\/www.letourismeaparis.fr\/index.php\/wp-json\/wp\/v2\/media?parent=21018"}],"wp:term":[{"taxonomy":"category","embeddable":true,"href":"http:\/\/www.letourismeaparis.fr\/index.php\/wp-json\/wp\/v2\/categories?post=21018"},{"taxonomy":"post_tag","embeddable":true,"href":"http:\/\/www.letourismeaparis.fr\/index.php\/wp-json\/wp\/v2\/tags?post=21018"}],"curies":[{"name":"wp","href":"https:\/\/api.w.org\/{rel}","templated":true}]}}