{"id":21215,"date":"2018-08-23T16:54:19","date_gmt":"2018-08-23T14:54:19","guid":{"rendered":"http:\/\/www.letourismeaparis.fr\/?p=21215"},"modified":"2018-08-23T16:54:19","modified_gmt":"2018-08-23T14:54:19","slug":"le-senat-presente-lexposition-photographique-de-pole-en-pole-un-monde-qui-disparait","status":"publish","type":"post","link":"http:\/\/www.letourismeaparis.fr\/index.php\/2018\/08\/23\/le-senat-presente-lexposition-photographique-de-pole-en-pole-un-monde-qui-disparait\/","title":{"rendered":"LE S\u00c9NAT PR\u00c9SENTE L&#039;EXPOSITION PHOTOGRAPHIQUE    \u00ab DE P\u00d4LE EN P\u00d4LE : UN MONDE QUI DISPARA\u00ceT \u00bb"},"content":{"rendered":"<p><span style=\"vertical-align: inherit;\"><span style=\"vertical-align: inherit;\"><span style=\"vertical-align: inherit;\"><span style=\"vertical-align: inherit;\"><span style=\"vertical-align: inherit;\"><span style=\"vertical-align: inherit;\">DU 15 SEPTEMBRE 2018 AU 13 JANVIER 2019<\/span><\/span><\/span><\/span><\/span><\/span><br \/>\n<span style=\"vertical-align: inherit;\"><span style=\"vertical-align: inherit;\"><span style=\"vertical-align: inherit;\"><span style=\"vertical-align: inherit;\"><span style=\"vertical-align: inherit;\">LE TOUR DE LA BANQUISE EN 80 CLICH\u00c9S<\/span><\/span><\/span><\/span><\/span><br \/>\n<span style=\"vertical-align: inherit;\"><span style=\"vertical-align: inherit;\"><span style=\"vertical-align: inherit;\"><span style=\"vertical-align: inherit;\"><span style=\"vertical-align: inherit;\">L&rsquo;exposition \u00abDE P\u00d4LE EN P\u00d4LE: Un Monde Qui Dispara\u00eet\u00bb par le S\u00e9nat du 15 septembre 2018 au 13 janvier 2019 sur les grilles du Jardin du Luxembourg \u00e0 Paris, la plus grande r\u00e9trospective photographique de Sebastian Copeland .<\/span><\/span><\/span><\/span><img loading=\"lazy\" decoding=\"async\" class=\"alignnone size-medium wp-image-21222 aligncenter\" src=\"http:\/\/www.letourismeaparis.fr\/wp-content\/uploads\/2018\/08\/Capture-d\u2019e\u0301cran-2018-08-23-a\u0300-16.52.54-218x300.png\" alt=\"\" width=\"218\" height=\"300\"><\/span><br \/>\n&nbsp;<br \/>\n<span style=\"vertical-align: inherit;\"><span style=\"vertical-align: inherit;\"><span style=\"vertical-align: inherit;\"><span style=\"vertical-align: inherit;\"><span style=\"vertical-align: inherit;\">Elle r\u00e9sume, en quelque 80 clich\u00e9s embl\u00e9matiques, 20 longues et riches ann\u00e9es d&rsquo;exp\u00e9riences dans les zones Arctique et Antarctique et au Groenland, au cours desquelles l&rsquo;explorateur a parcouru moins de 8 000 kilom\u00e8tres \u00e0 skis.<\/span><\/span><\/span><\/span><\/span><!--more--><br \/>\n<span style=\"vertical-align: inherit;\"><span style=\"vertical-align: inherit;\"><span style=\"vertical-align: inherit;\"><span style=\"vertical-align: inherit;\"><span style=\"vertical-align: inherit;\">UNE \u00abEXPOSITION PLAIDOYER\u00bb POUR ALERTER LES CONSCIENCES SUR L&rsquo;URGENCE D&rsquo;AGIR<\/span><\/span><\/span><\/span><\/span><br \/>\n<span style=\"vertical-align: inherit;\"><span style=\"vertical-align: inherit;\"><span style=\"vertical-align: inherit;\"><span style=\"vertical-align: inherit;\"><span style=\"vertical-align: inherit;\"><span style=\"vertical-align: inherit;\">La premi\u00e8re r\u00e9trospective en France du photo-journaliste, explorateur et d\u00e9fenseur de la plan\u00e8te Sebastian Copeland<\/span><\/span><\/span><\/span><\/span><\/span><br \/>\n<span style=\"vertical-align: inherit;\"><span style=\"vertical-align: inherit;\"><span style=\"vertical-align: inherit;\"><span style=\"vertical-align: inherit;\"><span style=\"vertical-align: inherit;\"><span style=\"vertical-align: inherit;\">Grilles du Jardin du Luxembourg<\/span><\/span><\/span><\/span><\/span><\/span><br \/>\n<span style=\"vertical-align: inherit;\"><span style=\"vertical-align: inherit;\"><span style=\"vertical-align: inherit;\"><span style=\"vertical-align: inherit;\"><span style=\"vertical-align: inherit;\"><span style=\"vertical-align: inherit;\">rue de Medicis, 75006 Paris<\/span><\/span><\/span><\/span><\/span><\/span><br \/>\n<span style=\"vertical-align: inherit;\"><span style=\"vertical-align: inherit;\"><span style=\"vertical-align: inherit;\"><span style=\"vertical-align: inherit;\"><span style=\"vertical-align: inherit;\"><span style=\"vertical-align: inherit;\">acc\u00e8s libre 24h \/ 24<\/span><\/span><\/span><\/span><\/span><\/span><br \/>\n<span style=\"vertical-align: inherit;\"><span style=\"vertical-align: inherit;\"><span style=\"vertical-align: inherit;\"><span style=\"vertical-align: inherit;\"><span style=\"vertical-align: inherit;\"><span style=\"vertical-align: inherit;\">www.sebastian-copeland.fr<\/span><\/span><\/span><\/span><\/span><\/span><br \/>\n&nbsp;<br \/>\n&nbsp;<br \/>\n&nbsp;<br \/>\n&nbsp;<br \/>\n&nbsp;<br \/>\n&nbsp;<br \/>\n&nbsp;<br \/>\n&nbsp;<br \/>\n&nbsp;<br \/>\n&nbsp;<br \/>\n&nbsp;<br \/>\n&nbsp;<br \/>\n&nbsp;<br \/>\n&nbsp;<br \/>\n&nbsp;<br \/>\n&nbsp;<br \/>\n&nbsp;<\/p>\n","protected":false},"excerpt":{"rendered":"<p>DU 15 SEPTEMBRE 2018 AU 13 JANVIER 2019 LE TOUR DE LA BANQUISE EN 80 CLICH\u00c9S L&rsquo;exposition \u00abDE P\u00d4LE EN P\u00d4LE: Un Monde Qui Dispara\u00eet\u00bb par le S\u00e9nat du 15 septembre 2018 au 13 janvier 2019 sur les grilles du&#8230;<\/p>\n","protected":false},"author":2,"featured_media":0,"comment_status":"open","ping_status":"open","sticky":false,"template":"","format":"standard","meta":{"ngg_post_thumbnail":0,"jetpack_post_was_ever_published":false,"_jetpack_newsletter_access":"","footnotes":""},"categories":[27],"tags":[],"class_list":["post-21215","post","type-post","status-publish","format-standard","hentry","category-musees-expositions"],"jetpack_featured_media_url":"","jetpack-related-posts":[{"id":21282,"url":"http:\/\/www.letourismeaparis.fr\/index.php\/2018\/09\/20\/de-pole-en-pole-un-monde-qui-disparait-sur-les-grilles-du-jardin-du-luxembourg-rue-medicis-75006-paris\/","url_meta":{"origin":21215,"position":0},"title":"De P\u00f4le en P\u00f4le: Un Monde qui Dispara\u00eet sur les GRILLES DU JARDIN DU LUXEMBOURG, RUE M\u00c9DICIS &#8211; 75006 PARIS","author":"Fabienne TM","date":"20 septembre 2018","format":false,"excerpt":"jusqu'au 13 JANVIER, 2019 80 large panneaux photographique autour des grilles du S\u00e9nat a Paris L'EXPOSITION De P\u00f4le en P\u00f4le : Un Monde qui Dispara\u00eet\u00a0 de Sebastian Copeland Pour le simple observateur, la banquise n\u2019est probablement qu\u2019un univers immacul\u00e9, d\u00e9nu\u00e9 de vie. Se limitant \u00e0 l\u2019\u00e9tendue du ciel et de\u2026","rel":"","context":"Dans &quot;Non class\u00e9&quot;","block_context":{"text":"Non class\u00e9","link":"http:\/\/www.letourismeaparis.fr\/index.php\/category\/non-classe\/"},"img":{"alt_text":"","src":"https:\/\/i0.wp.com\/www.letourismeaparis.fr\/wp-content\/uploads\/2018\/09\/Capture-d%C3%A2%C2%80%C2%99e%C3%8C%C2%81cran-2018-09-20-a%C3%8C%C2%80-11.47.37-238x300.png?resize=350%2C200","width":350,"height":200},"classes":[]},{"id":21125,"url":"http:\/\/www.letourismeaparis.fr\/index.php\/2018\/06\/28\/madagascar-arts-de-la-grande-ile-a-partir-du-18-septembre-2018\/","url_meta":{"origin":21215,"position":1},"title":"MADAGASCAR,    Arts de la Grande \u00cele   \u00e0 partir  du 18 septembre 2018","author":"Fabienne TM","date":"28 juin 2018","format":false,"excerpt":"\u00a0 Depuis 1946, aucune grande exposition n'a mis \u00e0 l'honneur les arts de Madagascar. \u00a0L'exposition au mus\u00e9e du quai Branly - Jacques Chirac pr\u00e9sente l'art de la Grande \u00cele Amulette\u00a0bois, m\u00e9tal, verre, coquillage, coton, mati\u00e8res organiques 22 x 9 x 9,5 cm ; 561 g \u00a9 mus\u00e9e du quai Branly\u2026","rel":"","context":"Dans &quot;Cultures du Monde&quot;","block_context":{"text":"Cultures du Monde","link":"http:\/\/www.letourismeaparis.fr\/index.php\/category\/culture\/musees-expositions\/cultures-du-monde\/"},"img":{"alt_text":"","src":"","width":0,"height":0},"classes":[]},{"id":21398,"url":"http:\/\/www.letourismeaparis.fr\/index.php\/2018\/10\/10\/la-fabrique-du-luxe-les-marchands-merciers-parisiens-au-xviiie-siecle-au-musee-cognacq-jay\/","url_meta":{"origin":21215,"position":2},"title":"La Fabrique du luxe : les marchands merciers parisiens au XVIIIe si\u00e8cle au mus\u00e9e Cognacq jay","author":"Fabienne TM","date":"10 octobre 2018","format":false,"excerpt":"Jusqu\u2019au 27 Janvier 2019 Le mus\u00e9e Cognacq-Jay vous plonge aux sources du luxe parisien. \u00ab Marchands de tout et faiseurs de rien \u00bb, suivant la c\u00e9l\u00e8bre et peu am\u00e8ne sentence prononc\u00e9e par Diderot dans son Encyclop\u00e9die, les marchands merciers constituent l\u2019une des corporations parisiennes les plus importantes au XVIIIe si\u00e8cle\u2026","rel":"","context":"Dans &quot;Mus\u00e9es \/ Expositions&quot;","block_context":{"text":"Mus\u00e9es \/ Expositions","link":"http:\/\/www.letourismeaparis.fr\/index.php\/category\/culture\/musees-expositions\/"},"img":{"alt_text":"","src":"","width":0,"height":0},"classes":[]},{"id":23700,"url":"http:\/\/www.letourismeaparis.fr\/index.php\/2019\/10\/01\/vincenzo-gemito-1852-1929-le-sculpteur-de-lame-napolitaine-du-15-octobre-2019-au-26-janvier-2020\/","url_meta":{"origin":21215,"position":3},"title":"Vincenzo Gemito (1852-1929), le sculpteur de l\u2019\u00e2me napolitaine &#8211; du 15 octobre 2019 au 26 janvier 2020","author":"Fabienne TM","date":"1 octobre 2019","format":false,"excerpt":"Vincenzo Gemito (1852-1929), le sculpteur de l\u2019\u00e2me napolitaine - du 15 octobre 2019 au 26 janvier 2020 Le Petit Palais est tr\u00e8s heureux de pr\u00e9senter, en ouverture de sa saison napolitaine, l\u2019\u0153uvre in\u00e9dite en France du sculpteur Vincenzo Gemito (1852-1929). L\u2019histoire de Gemito est celle d\u2019un enfant trouv\u00e9, \u00e9lev\u00e9 dans\u2026","rel":"","context":"Dans &quot;Non class\u00e9&quot;","block_context":{"text":"Non class\u00e9","link":"http:\/\/www.letourismeaparis.fr\/index.php\/category\/non-classe\/"},"img":{"alt_text":"","src":"https:\/\/i0.wp.com\/www.letourismeaparis.fr\/wp-content\/uploads\/2019\/10\/Capture-d%E2%80%99e%CC%81cran-2019-10-01-a%CC%80-15.59.09.png?resize=350%2C200","width":350,"height":200},"classes":[]},{"id":20725,"url":"http:\/\/www.letourismeaparis.fr\/index.php\/2018\/07\/22\/les-grandes-expositions-en-2018-paris-2\/","url_meta":{"origin":21215,"position":4},"title":"Les grandes expositions en 2018 \u00e0 Paris (2)","author":"Fabienne TM","date":"22 juillet 2018","format":false,"excerpt":"\u00a0le Canal de Suez \u00e0 l'IMA du 26 mars au 5 \u00a0Guernica au mus\u00e9e Picasso du 27 mars au 29 juillet Delacroix au Louvre du 29 mars au 23 juillet \u00a0Le Japonisme \u00e0 Giverny du 30 mars au 15 juillet Rodin et la danse du 7 avril au 22 juillet\u2026","rel":"","context":"Dans &quot;Mus\u00e9es \/ Expositions&quot;","block_context":{"text":"Mus\u00e9es \/ Expositions","link":"http:\/\/www.letourismeaparis.fr\/index.php\/category\/culture\/musees-expositions\/"},"img":{"alt_text":"","src":"","width":0,"height":0},"classes":[]},{"id":21451,"url":"http:\/\/www.letourismeaparis.fr\/index.php\/2018\/10\/27\/un-reve-ditalie-la-collection-du-marquis-campana-au-louvre\/","url_meta":{"origin":21215,"position":5},"title":"Un r\u00eave d\u2019Italie : la collection du marquis Campana au Louvre","author":"Fabienne TM","date":"27 octobre 2018","format":false,"excerpt":"Giampietro Campana a constitu\u00e9 la plus grande collection priv\u00e9e du 19e si\u00e8cle, qui rassemblait aussi bien des objets arch\u00e9ologiques que des peintures, Image: All\u00e9gorie du printemps des sculptures et des objets de la Renaissance. Cette collection se caract\u00e9risait \u00e0 la fois par l\u2019abondance et la qualit\u00e9 de ses pi\u00e8ces, incluant\u2026","rel":"","context":"Dans &quot;Mus\u00e9es \/ Expositions&quot;","block_context":{"text":"Mus\u00e9es \/ Expositions","link":"http:\/\/www.letourismeaparis.fr\/index.php\/category\/culture\/musees-expositions\/"},"img":{"alt_text":"","src":"","width":0,"height":0},"classes":[]}],"jetpack_sharing_enabled":true,"jetpack_likes_enabled":true,"_links":{"self":[{"href":"http:\/\/www.letourismeaparis.fr\/index.php\/wp-json\/wp\/v2\/posts\/21215","targetHints":{"allow":["GET"]}}],"collection":[{"href":"http:\/\/www.letourismeaparis.fr\/index.php\/wp-json\/wp\/v2\/posts"}],"about":[{"href":"http:\/\/www.letourismeaparis.fr\/index.php\/wp-json\/wp\/v2\/types\/post"}],"author":[{"embeddable":true,"href":"http:\/\/www.letourismeaparis.fr\/index.php\/wp-json\/wp\/v2\/users\/2"}],"replies":[{"embeddable":true,"href":"http:\/\/www.letourismeaparis.fr\/index.php\/wp-json\/wp\/v2\/comments?post=21215"}],"version-history":[{"count":0,"href":"http:\/\/www.letourismeaparis.fr\/index.php\/wp-json\/wp\/v2\/posts\/21215\/revisions"}],"wp:attachment":[{"href":"http:\/\/www.letourismeaparis.fr\/index.php\/wp-json\/wp\/v2\/media?parent=21215"}],"wp:term":[{"taxonomy":"category","embeddable":true,"href":"http:\/\/www.letourismeaparis.fr\/index.php\/wp-json\/wp\/v2\/categories?post=21215"},{"taxonomy":"post_tag","embeddable":true,"href":"http:\/\/www.letourismeaparis.fr\/index.php\/wp-json\/wp\/v2\/tags?post=21215"}],"curies":[{"name":"wp","href":"https:\/\/api.w.org\/{rel}","templated":true}]}}