{"id":21229,"date":"2018-09-13T18:22:00","date_gmt":"2018-09-13T16:22:00","guid":{"rendered":"http:\/\/www.letourismeaparis.fr\/?p=21229"},"modified":"2019-07-12T15:29:17","modified_gmt":"2019-07-12T13:29:17","slug":"le-village-international-de-la-gastronomie-au-pied-de-la-tour-eiffel-les-21-22-et-23-septembre","status":"publish","type":"post","link":"http:\/\/www.letourismeaparis.fr\/index.php\/2018\/09\/13\/le-village-international-de-la-gastronomie-au-pied-de-la-tour-eiffel-les-21-22-et-23-septembre\/","title":{"rendered":"le Village International de la Gastronomie au pied de la Tour Eiffel les 21 ,22 et 23 septembre"},"content":{"rendered":"<p>A l\u2019occasion de la F\u00eate de la Gastronomie rebaptis\u00e9e Gout de France\/ Good France, le Village International de la Gastronomie revient pour sa 3\u00e8me \u00e9dition au coeur de la capitale pour vous faire vivre une exp\u00e9rience gastronomique et culturelle in\u00e9dite !<br \/>\n&nbsp;<br \/>\nDu 21 au 23 septembre, au pied de la Tour Eiffel, faites le tour du monde en partant \u00e0 la d\u00e9couverte des cuisines et des chefs de plus de 60 pays et r\u00e9gions fran\u00e7aises au village International de la Gastronomie populaire<!--more--> , un lieu de partage autour des arts culinaires mais aussi des arts de la table, des musiques et danses qui les accompagnent.<br \/>\nUne programmation m\u00ealant arts culinaires et animations culturelles :<br \/>\nAu programme : d\u00e9gustations, stands de restauration, vente de produits de producteurs, concerts, spectacles, cours de cuisine et d\u00e9monstrations avec des invit\u00e9s d\u2019exception<br \/>\n&nbsp;<br \/>\nChaque ann\u00e9e le Village met \u00e0 l\u2019honneur un pays et pour ce volet 2018 c\u2019est la Finlande et ses 15 r\u00e9gions qui sera mise en avant \u00e0 travers ses produits de terroir naturels et authentiques.<br \/>\nLes 21-22 et 23 septembre 2018 de 10h-22h Au pied de la Tour Eiffel &#8211; Quai Branly 75007 Paris<\/p>\n","protected":false},"excerpt":{"rendered":"<p>A l\u2019occasion de la F\u00eate de la Gastronomie rebaptis\u00e9e Gout de France\/ Good France, le Village International de la Gastronomie revient pour sa 3\u00e8me \u00e9dition au coeur de la capitale pour vous faire vivre une exp\u00e9rience gastronomique et culturelle in\u00e9dite&#8230;<\/p>\n","protected":false},"author":2,"featured_media":0,"comment_status":"open","ping_status":"open","sticky":false,"template":"","format":"standard","meta":{"ngg_post_thumbnail":0,"jetpack_post_was_ever_published":false,"_jetpack_newsletter_access":"","footnotes":""},"categories":[30],"tags":[],"class_list":["post-21229","post","type-post","status-publish","format-standard","hentry","category-gastronomie"],"jetpack_featured_media_url":"","jetpack-related-posts":[{"id":19615,"url":"http:\/\/www.letourismeaparis.fr\/index.php\/2017\/03\/22\/le-longines-paris-eiffel-jumping\/","url_meta":{"origin":21229,"position":0},"title":"le Longines Paris Eiffel Jumping,","author":"Fabienne TM","date":"22 mars 2017","format":false,"excerpt":"Les 30 juin, 1er et 2 juillet 2017, le Longines Paris Eiffel Jumping, comp\u00e9tition 5* de saut d\u2019obstacles, retrouvera le Champ de Mars de Paris. Ouverte \u00e0 tous, la 8\u00e8me \u00e9tape, d\u00e9sormais embl\u00e9matique du circuit international du LONGINES GLOBAL CHAMPIONS TOUR ET GLOBAL CHAMPIONS LEAGUE r\u00e9unira les meilleurs cavaliers du\u2026","rel":"","context":"Dans &quot;Non class\u00e9&quot;","block_context":{"text":"Non class\u00e9","link":"http:\/\/www.letourismeaparis.fr\/index.php\/category\/non-classe\/"},"img":{"alt_text":"","src":"","width":0,"height":0},"classes":[]},{"id":18604,"url":"http:\/\/www.letourismeaparis.fr\/index.php\/2016\/09\/30\/la-15e-edition-de-la-semaine-des-cultures-etrangeres-du-23-septembre-au-2-octobre-2016\/","url_meta":{"origin":21229,"position":1},"title":"La 15e \u00e9dition de la Semaine des cultures \u00e9trang\u00e8res  du 23 septembre au 2 octobre 2016","author":"Fabienne TM","date":"30 septembre 2016","format":false,"excerpt":"C\u2019est une ann\u00e9e anniversaire que nous entamons avec la 15e \u00e9dition de la Semaine, et qui sera suivie par les 15 ans du FICEP le premier semestre 2017. Le FICEP et les centres culturels \u00e9trangers de Paris concoctent \u00e0 cette occasion de nombreux \u00e9v\u00e9nements li\u00e9s non seulement \u00e0 l\u2019adolescence, mais\u2026","rel":"","context":"Dans &quot;Non class\u00e9&quot;","block_context":{"text":"Non class\u00e9","link":"http:\/\/www.letourismeaparis.fr\/index.php\/category\/non-classe\/"},"img":{"alt_text":"","src":"","width":0,"height":0},"classes":[]},{"id":8462,"url":"http:\/\/www.letourismeaparis.fr\/index.php\/2010\/09\/21\/semaine-du-maroc-dans-le-16e-du-23-au-26-septembre\/","url_meta":{"origin":21229,"position":2},"title":"Semaine du Maroc dans le 16e du 23 au 26 septembre","author":"Fabienne TM","date":"21 septembre 2010","format":false,"excerpt":"Uune manifestation culturelle et festive sera d\u00e9di\u00e9e au Maroc, du 23 au 26 septembre 2010. Vous d\u00e9couvrirez la richesse et la singularit\u00e9 de ce pays qui sait concilier la tradition et la modernit\u00e9, le local et l\u2019universel. AU programme :\u00a0 des expositions sur l\u2019art et l\u2019artisanat du Royaume, une soir\u00e9e\u2026","rel":"","context":"Dans &quot;Non class\u00e9&quot;","block_context":{"text":"Non class\u00e9","link":"http:\/\/www.letourismeaparis.fr\/index.php\/category\/non-classe\/"},"img":{"alt_text":"","src":"https:\/\/i0.wp.com\/www.letourismeaparis.fr\/wp-content\/uploads\/2010\/09\/maroc.jpg?resize=350%2C200","width":350,"height":200},"classes":[]},{"id":25068,"url":"http:\/\/www.letourismeaparis.fr\/index.php\/2023\/06\/28\/le-festival-namaste-france\/","url_meta":{"origin":21229,"position":3},"title":"Le festival Namast\u00e9 France 6-9 juillet","author":"Fabienne TM","date":"28 juin 2023","format":false,"excerpt":"La Seine musicale accueille ce festival. L'Ambassade d'Inde \u00e0 Paris organise le festival Namast\u00e9 France afin de c\u00e9l\u00e9brer avec faste les 25 ans du partenariat strat\u00e9gique entre l'Inde et la France Pendant le festival, Namast\u00e9 France mettra en valeur un m\u00e9lange \u00e9clectique du meilleur des traditions culturelles vivantes et des\u2026","rel":"","context":"Dans &quot;Artisanat&quot;","block_context":{"text":"Artisanat","link":"http:\/\/www.letourismeaparis.fr\/index.php\/category\/culture\/musees-expositions\/artisanat\/"},"img":{"alt_text":"","src":"https:\/\/i0.wp.com\/www.letourismeaparis.fr\/wp-content\/uploads\/2023\/03\/Capture-decran-2023-03-21-a-18.10.01.png?resize=350%2C200","width":350,"height":200,"srcset":"https:\/\/i0.wp.com\/www.letourismeaparis.fr\/wp-content\/uploads\/2023\/03\/Capture-decran-2023-03-21-a-18.10.01.png?resize=350%2C200 1x, https:\/\/i0.wp.com\/www.letourismeaparis.fr\/wp-content\/uploads\/2023\/03\/Capture-decran-2023-03-21-a-18.10.01.png?resize=525%2C300 1.5x"},"classes":[]},{"id":14209,"url":"http:\/\/www.letourismeaparis.fr\/index.php\/2013\/12\/26\/les-marches-de-noel-4\/","url_meta":{"origin":21229,"position":4},"title":"Les march\u00e9s de No\u00ebl","author":"Fabienne TM","date":"26 d\u00e9cembre 2013","format":false,"excerpt":"\u00a0 March\u00e9 de No\u00ebl sur le Parvis de Notre Dame\u00a0(4\u00e8me) Du 15 au 23 d\u00e9cembre 2012 Tous les jours de 10h \u00e0 20h. Une vingtaine d\u2019exposants forment un march\u00e9 artisanal et gastronomique. March\u00e9 de No\u00ebl \u00e0 Saint-Germain\u00a0(6\u00e8me) Du 6 d\u00e9cembre 2012 au 2 janvier 2013. Des animations, des stands et\u2026","rel":"","context":"Dans &quot;Familles&quot;","block_context":{"text":"Familles","link":"http:\/\/www.letourismeaparis.fr\/index.php\/category\/familles\/"},"img":{"alt_text":"","src":"","width":0,"height":0},"classes":[]},{"id":18420,"url":"http:\/\/www.letourismeaparis.fr\/index.php\/2016\/07\/06\/pour-les-gastronomes-une-date-a-noterallons-au-marche-avec-les-chefs-relais-chateaux-dimanche-25-septembre\/","url_meta":{"origin":21229,"position":5},"title":"Pour les gastronomes, une date \u00e0 noter\u00abAllons au march\u00e9 avec les chefs Relais &amp; Ch\u00e2teaux\u00bb dimanche 25 septembre","author":"Fabienne TM","date":"6 juillet 2016","format":false,"excerpt":"\u00abAllons au march\u00e9 avec les chefs Relais & Ch\u00e2teaux\u00bb Dimanche 25 septembre 2016, de 8h30 \u00e0 14h Place Lino Ventura, 9\u00e8me arrondissement de Paris Le 25 septembre 2016, \u00e0 l\u2019occasion de la F\u00eate de la Gastronomie, Relais & Ch\u00e2teaux\u00a0invite le grand public au march\u00e9 des plus beaux mara\u00eechers de France\u2026","rel":"","context":"Dans &quot;Familles&quot;","block_context":{"text":"Familles","link":"http:\/\/www.letourismeaparis.fr\/index.php\/category\/familles\/"},"img":{"alt_text":"","src":"","width":0,"height":0},"classes":[]}],"jetpack_sharing_enabled":true,"jetpack_likes_enabled":true,"_links":{"self":[{"href":"http:\/\/www.letourismeaparis.fr\/index.php\/wp-json\/wp\/v2\/posts\/21229","targetHints":{"allow":["GET"]}}],"collection":[{"href":"http:\/\/www.letourismeaparis.fr\/index.php\/wp-json\/wp\/v2\/posts"}],"about":[{"href":"http:\/\/www.letourismeaparis.fr\/index.php\/wp-json\/wp\/v2\/types\/post"}],"author":[{"embeddable":true,"href":"http:\/\/www.letourismeaparis.fr\/index.php\/wp-json\/wp\/v2\/users\/2"}],"replies":[{"embeddable":true,"href":"http:\/\/www.letourismeaparis.fr\/index.php\/wp-json\/wp\/v2\/comments?post=21229"}],"version-history":[{"count":1,"href":"http:\/\/www.letourismeaparis.fr\/index.php\/wp-json\/wp\/v2\/posts\/21229\/revisions"}],"predecessor-version":[{"id":23631,"href":"http:\/\/www.letourismeaparis.fr\/index.php\/wp-json\/wp\/v2\/posts\/21229\/revisions\/23631"}],"wp:attachment":[{"href":"http:\/\/www.letourismeaparis.fr\/index.php\/wp-json\/wp\/v2\/media?parent=21229"}],"wp:term":[{"taxonomy":"category","embeddable":true,"href":"http:\/\/www.letourismeaparis.fr\/index.php\/wp-json\/wp\/v2\/categories?post=21229"},{"taxonomy":"post_tag","embeddable":true,"href":"http:\/\/www.letourismeaparis.fr\/index.php\/wp-json\/wp\/v2\/tags?post=21229"}],"curies":[{"name":"wp","href":"https:\/\/api.w.org\/{rel}","templated":true}]}}