{"id":21279,"date":"2018-09-29T17:20:27","date_gmt":"2018-09-29T15:20:27","guid":{"rendered":"http:\/\/www.letourismeaparis.fr\/?p=21279"},"modified":"2019-07-12T15:29:16","modified_gmt":"2019-07-12T13:29:16","slug":"une-pepite-de-broadway-a-laffiche-de-mogador-chicago-le-musical","status":"publish","type":"post","link":"http:\/\/www.letourismeaparis.fr\/index.php\/2018\/09\/29\/une-pepite-de-broadway-a-laffiche-de-mogador-chicago-le-musical\/","title":{"rendered":"Une p\u00e9pite de Broadway \u00e0 l\u2019affiche de Mogador: Chicago Le Musical"},"content":{"rendered":"<p><span style=\"vertical-align: inherit;\"><span style=\"vertical-align: inherit;\"><span style=\"vertical-align: inherit;\"><span style=\"vertical-align: inherit;\">CHICAGO est \u00e0 une pi\u00e8ce de th\u00e9\u00e2tre de 1926; <\/span><\/span><\/span><span style=\"vertical-align: inherit;\"><span style=\"vertical-align: inherit;\"><span style=\"vertical-align: inherit;\">le musical, quant \u00e0 lui, a \u00e9t\u00e9 cr\u00e9\u00e9 en juin 1975, il est trois auteurs intimement associ\u00e9s au musical et qui ont fait les beaux jours: John Kander, Fred Ebb et Bob Fosse. <\/span><\/span><\/span><span style=\"vertical-align: inherit;\"><span style=\"vertical-align: inherit;\"><span style=\"vertical-align: inherit;\">Le revival est depuis 1996 a l&rsquo;affiche a New York et a ce titre le record de long\u00e9vit\u00e9.<\/span><\/span><\/span><\/span><!--more--><br \/>\n<span style=\"vertical-align: inherit;\"><span style=\"vertical-align: inherit;\"><span style=\"vertical-align: inherit;\"><span style=\"vertical-align: inherit;\">L&rsquo;histoire de Chicago<\/span><\/span><\/span><\/span><br \/>\n<span style=\"vertical-align: inherit;\"><span style=\"vertical-align: inherit;\"><span style=\"vertical-align: inherit;\"><span style=\"vertical-align: inherit;\">Au coeur des ann\u00e9es 20, \u00e0 Chicago, Roxie Hart, une artiste de cabaret, tue son amant. <\/span><\/span><\/span><span style=\"vertical-align: inherit;\"><span style=\"vertical-align: inherit;\"><span style=\"vertical-align: inherit;\">En prison, elle est confront\u00e9e \u00e0 Velma Kelly, double meurtri\u00e8re mais surtout chanteuse de jazz et idole de Roxie. <\/span><\/span><\/span><span style=\"vertical-align: inherit;\"><span style=\"vertical-align: inherit;\"><span style=\"vertical-align: inherit;\">Gr\u00e2ce \u00e0 un avocat &#8211; Billy Flynn &#8211; Les deux femmes \u00e0 la voie de la libert\u00e9 et du succ\u00e8s.<\/span><\/span><\/span><\/span><!--more--><br \/>\n<span style=\"vertical-align: inherit;\"><span style=\"vertical-align: inherit;\"><span style=\"vertical-align: inherit;\"><span style=\"vertical-align: inherit;\">\u00abCHICAGO est un spectacle embl\u00e9matique de Broadway, notamment parce qu&rsquo;indissociable du nom de Bob Fosse. <\/span><\/span><\/span><span style=\"vertical-align: inherit;\"><span style=\"vertical-align: inherit;\"><span style=\"vertical-align: inherit;\">Nous sommes fiers de pouvoir proposer cette oeuvre qui r\u00e9sonne avec notre premi\u00e8re production hexagonale, Cabaret. <\/span><\/span><\/span><span style=\"vertical-align: inherit;\"><span style=\"vertical-align: inherit;\"><span style=\"vertical-align: inherit;\">Ses airs jazzy, ses chor\u00e9graphies spectaculaires, sa modernit\u00e9 et son ambiance \u00ab\u00a0sulfureuse\u00a0\u00bb en font un show \u00e0 part, d&rsquo;une folle exigence artistique, d&rsquo;un d\u00e9fi que nous sommes pr\u00eats \u00e0 relever \u00ab\u00a0pr\u00e9cise Laurent Bentata.<\/span><\/span><\/span><\/span><br \/>\n<span style=\"vertical-align: inherit;\"><span style=\"vertical-align: inherit;\"><span style=\"vertical-align: inherit;\"><span style=\"vertical-align: inherit;\">Fid\u00e8le \u00e0 sa pratique qui lui permet de d\u00e9couvrir des talents ou de retrouver des artistes ayant d\u00e9j\u00e0 collabor\u00e9 \u00e0 des productions pr\u00e9c\u00e9dentes, Stage Divertissement avec un processus qui combine des \u00e9coles de formation et une porte ouverte aux comit\u00e9s qui sont pass\u00e9s par d&rsquo;autres fichiers et ne sont jamais des produits \u00e0 Mogador.<\/span><\/span><\/span><\/span><br \/>\n&nbsp;<\/p>\n<h2><span style=\"vertical-align: inherit;\"><span style=\"vertical-align: inherit;\"><span style=\"vertical-align: inherit;\"><span style=\"vertical-align: inherit;\">TH\u00c9\u00c2TRE MOGADOR<\/span><\/span><\/span><\/span><\/h2>\n<p><strong><span style=\"vertical-align: inherit;\"><span style=\"vertical-align: inherit;\"><span style=\"vertical-align: inherit;\"><span style=\"vertical-align: inherit;\">25 rue de Mogador <\/span><\/span><\/span><\/span><\/strong><br \/>\n<strong><span style=\"vertical-align: inherit;\"><span style=\"vertical-align: inherit;\"><span style=\"vertical-align: inherit;\"><span style=\"vertical-align: inherit;\">75009 Paris<\/span><\/span><\/span><\/span><\/strong><\/p>\n","protected":false},"excerpt":{"rendered":"<p>CHICAGO est \u00e0 une pi\u00e8ce de th\u00e9\u00e2tre de 1926; le musical, quant \u00e0 lui, a \u00e9t\u00e9 cr\u00e9\u00e9 en juin 1975, il est trois auteurs intimement associ\u00e9s au musical et qui ont fait les beaux jours: John Kander, Fred Ebb et&#8230;<\/p>\n","protected":false},"author":2,"featured_media":0,"comment_status":"open","ping_status":"open","sticky":false,"template":"","format":"standard","meta":{"ngg_post_thumbnail":0,"jetpack_post_was_ever_published":false,"_jetpack_newsletter_access":"","footnotes":""},"categories":[21,39,47],"tags":[],"class_list":["post-21279","post","type-post","status-publish","format-standard","hentry","category-danse","category-musique","category-spectacle"],"jetpack_featured_media_url":"","jetpack-related-posts":[{"id":8553,"url":"http:\/\/www.letourismeaparis.fr\/index.php\/2010\/11\/05\/made-in-chicago-photographies-de-la-collection-bank-of-america-merrill-lynch-jusquau-6-novembre-2010\/","url_meta":{"origin":21279,"position":0},"title":"&quot; MADE IN CHICAGO &quot; Photographies de la collection Bank of America,  Merrill Lynch jusqu&#039;au 6 novembre","author":"Fabienne TM","date":"5 novembre 2010","format":false,"excerpt":"\u00a9 Elisabeth Sinsabaugh de la Cova and Katherine Anne Sinsabaugh La Mona Bismarck Foundation pr\u00e9sente Made in Chicago : des photographies exceptionnelles, regroup\u00e9es pour la premi\u00e8re fois dans une grande exposition hors des Etats-Unis. Beaumont Newhall acheta 350 \u0153uvres, pour la plupart des travaux de photographes r\u00e9put\u00e9s, associ\u00e9s \u00e0 la\u2026","rel":"","context":"Dans &quot;Non class\u00e9&quot;","block_context":{"text":"Non class\u00e9","link":"http:\/\/www.letourismeaparis.fr\/index.php\/category\/non-classe\/"},"img":{"alt_text":"","src":"","width":0,"height":0},"classes":[]},{"id":8707,"url":"http:\/\/www.letourismeaparis.fr\/index.php\/2010\/11\/05\/harry-callahan-a-la-fondation-henri-cartier-bresson\/","url_meta":{"origin":21279,"position":1},"title":"Le mois de la photo :Harry Callahan,  \u00e0 la Fondation Henri-Cartier-Bresson","author":"Fabienne TM","date":"5 novembre 2010","format":false,"excerpt":"\"La photographie est une aventure, tout comme la vie est une aventure. Si une personne veut s\u2019exprimer photographiquement, elle doit absolument comprendre sa propre relation \u00e0 la vie.\" Une centaine de tirages noir et blanc, r\u00e9alis\u00e9s par l\u2019auteur vous sont propos\u00e9s;Cette pr\u00e9sentation permet de d\u00e9couvrir les th\u00e8mes de pr\u00e9dilection du\u2026","rel":"","context":"Dans &quot;Non class\u00e9&quot;","block_context":{"text":"Non class\u00e9","link":"http:\/\/www.letourismeaparis.fr\/index.php\/category\/non-classe\/"},"img":{"alt_text":"","src":"","width":0,"height":0},"classes":[]},{"id":9748,"url":"http:\/\/www.letourismeaparis.fr\/index.php\/2011\/05\/23\/monumenta-2011-anish-kapoor\/","url_meta":{"origin":21279,"position":2},"title":"MONUMENTA 2011   ANISH KAPOOR","author":"Fabienne TM","date":"23 mai 2011","format":false,"excerpt":"MONUMENTA marque le retour d\u2019Anish Kapoor \u00e0 Paris, trente ans apr\u00e8s sa premi\u00e8re exposition dans la capitale. Il est consid\u00e9r\u00e9 comme l\u2019un des plus importants sculpteurs d\u2019aujourd\u2019hui. Son travail a profond\u00e9ment renouvel\u00e9 l\u2019\u00e9tendue des possibilit\u00e9s de la sculpture contemporaine tant par sa ma\u00eetrise de l\u2019\u00e9chelle monumentale que par la sensualit\u00e9\u2026","rel":"","context":"Dans &quot;Non class\u00e9&quot;","block_context":{"text":"Non class\u00e9","link":"http:\/\/www.letourismeaparis.fr\/index.php\/category\/non-classe\/"},"img":{"alt_text":"","src":"","width":0,"height":0},"classes":[]},{"id":5166,"url":"http:\/\/www.letourismeaparis.fr\/index.php\/2009\/11\/13\/zorro-le-musical-aux-folies-bergeres-un-tres-bon-spectacle\/","url_meta":{"origin":21279,"position":3},"title":"Zorro le musical aux Folies Berg\u00e8res : un tr\u00e8s bon spectacle !","author":"Fabienne TM","date":"13 novembre 2009","format":false,"excerpt":"Stage Entertainment a choisi de produire pour la premi\u00e8re fois le musical ZORRO.Rythm\u00e9 par les plus grands succ\u00e8s des Gipsy Kings, ZORRO r\u00e9unit chants, danse flamenco, combats \u00e0 l'\u00e9p\u00e9e, cascades, romance et aventure. un superbe spectacle \u00e0 voir en famille ! http:\/\/www.zorro-lemusical.fr\/ Les Folies berg\u00e8res 32, rue\u00a0 Richer Paris 75009","rel":"","context":"Dans &quot;Non class\u00e9&quot;","block_context":{"text":"Non class\u00e9","link":"http:\/\/www.letourismeaparis.fr\/index.php\/category\/non-classe\/"},"img":{"alt_text":"","src":"","width":0,"height":0},"classes":[]},{"id":3389,"url":"http:\/\/www.letourismeaparis.fr\/index.php\/2009\/06\/25\/films-sous-les-etoiles-au-domaine-national-de-saint-cloud-projections-et-montgolfieres\/","url_meta":{"origin":21279,"position":4},"title":"Festival des Films sous les Etoiles \u00e0  Saint-Cloud, programme du 25 au 28 juin 2009","author":"Fabienne TM","date":"25 juin 2009","format":false,"excerpt":"Festival des Films sous les Etoiles 2009 au Domaine National de Saint-Cloud; cette ann\u00e9e la musique\u00a0 est \u00e0 l\u2019honneur. Jeudi 25 juin 2009 Les Demoiselles De Rochefort 22 h30 \/ Trois Bouillons Amadeus 22 h 30 \/ Fer \u00e0 Cheval Vendredi 26 juin 2009 West Side Story 22 h 30\u2026","rel":"","context":"Dans &quot;Non class\u00e9&quot;","block_context":{"text":"Non class\u00e9","link":"http:\/\/www.letourismeaparis.fr\/index.php\/category\/non-classe\/"},"img":{"alt_text":"","src":"","width":0,"height":0},"classes":[]},{"id":18669,"url":"http:\/\/www.letourismeaparis.fr\/index.php\/2016\/09\/16\/la-cour-des-comptes-ouvre-ses-portes-pour-les-journees-du-patrimoine-un-lieu-prestigieux\/","url_meta":{"origin":21279,"position":5},"title":"La Cour des comptes ouvre ses portes, pour les journ\u00e9es du Patrimoine : un lieu prestigieux .","author":"Fabienne TM","date":"16 septembre 2016","format":false,"excerpt":"Visitez le palais Cambon, d\u00e9couvrez la tour Chicago, invisible de l'ext\u00e9rieur, comprenez le fonctionnement de la Cour des comptes et rencontrez son personnel. La Cour des comptes, fond\u00e9e en 1807, occupe un b\u00e2timent prestigieux, sp\u00e9cialement construit pour elle en 1912, \u00e0 deux pas des Tuileries, de la place Vend\u00f4me et\u2026","rel":"","context":"Dans &quot;Non class\u00e9&quot;","block_context":{"text":"Non class\u00e9","link":"http:\/\/www.letourismeaparis.fr\/index.php\/category\/non-classe\/"},"img":{"alt_text":"","src":"","width":0,"height":0},"classes":[]}],"jetpack_sharing_enabled":true,"jetpack_likes_enabled":true,"_links":{"self":[{"href":"http:\/\/www.letourismeaparis.fr\/index.php\/wp-json\/wp\/v2\/posts\/21279","targetHints":{"allow":["GET"]}}],"collection":[{"href":"http:\/\/www.letourismeaparis.fr\/index.php\/wp-json\/wp\/v2\/posts"}],"about":[{"href":"http:\/\/www.letourismeaparis.fr\/index.php\/wp-json\/wp\/v2\/types\/post"}],"author":[{"embeddable":true,"href":"http:\/\/www.letourismeaparis.fr\/index.php\/wp-json\/wp\/v2\/users\/2"}],"replies":[{"embeddable":true,"href":"http:\/\/www.letourismeaparis.fr\/index.php\/wp-json\/wp\/v2\/comments?post=21279"}],"version-history":[{"count":1,"href":"http:\/\/www.letourismeaparis.fr\/index.php\/wp-json\/wp\/v2\/posts\/21279\/revisions"}],"predecessor-version":[{"id":23621,"href":"http:\/\/www.letourismeaparis.fr\/index.php\/wp-json\/wp\/v2\/posts\/21279\/revisions\/23621"}],"wp:attachment":[{"href":"http:\/\/www.letourismeaparis.fr\/index.php\/wp-json\/wp\/v2\/media?parent=21279"}],"wp:term":[{"taxonomy":"category","embeddable":true,"href":"http:\/\/www.letourismeaparis.fr\/index.php\/wp-json\/wp\/v2\/categories?post=21279"},{"taxonomy":"post_tag","embeddable":true,"href":"http:\/\/www.letourismeaparis.fr\/index.php\/wp-json\/wp\/v2\/tags?post=21279"}],"curies":[{"name":"wp","href":"https:\/\/api.w.org\/{rel}","templated":true}]}}