{"id":21430,"date":"2018-10-12T10:07:41","date_gmt":"2018-10-12T08:07:41","guid":{"rendered":"http:\/\/www.letourismeaparis.fr\/?p=21430"},"modified":"2019-07-12T15:29:15","modified_gmt":"2019-07-12T13:29:15","slug":"jakuchu-le-royaume-colore-des-etres-vivants-au-petit-palais","status":"publish","type":"post","link":"http:\/\/www.letourismeaparis.fr\/index.php\/2018\/10\/12\/jakuchu-le-royaume-colore-des-etres-vivants-au-petit-palais\/","title":{"rendered":"JAKUCH\u016a  Le Royaume color\u00e9 des \u00eatres vivants   au  Petit Palais"},"content":{"rendered":"<p>Le Petit Palais est tr\u00e8s honor\u00e9 de pr\u00e9senter pour la premi\u00e8re fois en Europe, gr\u00e2ce aux pr\u00eats exceptionnels des collections imp\u00e9riales du<br \/>\nJapon l\u2019ensemble de trente rouleaux suspendus intitul\u00e9 D\u014dshokusai-e [Le Royaume color\u00e9 des \u00eatres vivants] r\u00e9alis\u00e9 par It\u014d Jakuch\u016b<br \/>\n<img loading=\"lazy\" decoding=\"async\" class=\"wp-image-21431 aligncenter\" src=\"http:\/\/www.letourismeaparis.fr\/wp-content\/uploads\/2018\/10\/Capture-d\u2019e\u0301cran-2018-10-12-a\u0300-09.59.51-146x300.png\" alt=\"\" width=\"112\" height=\"216\">&nbsp;<br \/>\n. Peintre actif au milieu de l\u2019\u00e8re Edo (XVIIIe si\u00e8cle)Jakuch\u016b est un artiste pl\u00e9biscit\u00e9 au Japon pour la finesseentre 1757 et 1766 environ pinceau et l\u2019\u00e9clat de ses couleurs. Cette s\u00e9rie, qui n\u2019a jusqu\u2019alors \u00e9t\u00e9 expos\u00e9e qu\u2019une seule fois hors du Japon (\u00e0 la National Gallery of Art de Washington en 2012) est consid\u00e9r\u00e9e comme le chef-d\u2019\u0153uvre de sa vie. En raison de la grande fragilit\u00e9 de ces \u0153uvres, cette exposition est pr\u00e9sent\u00e9e de mani\u00e8re exceptionnelle pendant un mois dans le cadre de la saison Japonismes 2018.<br \/>\nCette exposition a lieu \u00e0 l\u2019occasion du 160e anniversaire des relations diplomatiques entre la France et le Japon en 2018, sur le th\u00e8me \u00ab Japonismes 2018 \u00bb.<br \/>\nAvenue Winston Churchill 75008 Paris<br \/>\n&nbsp;<br \/>\nDu mardi au dimanche de 10h \u00e0 18h<br \/>\n<strong>Nocturnes exceptionnelles le vendredi jusqu&rsquo;\u00e0 21h,&nbsp; jusqu&rsquo;au 14 octobre 2018<\/strong><\/p>\n","protected":false},"excerpt":{"rendered":"<p>Le Petit Palais est tr\u00e8s honor\u00e9 de pr\u00e9senter pour la premi\u00e8re fois en Europe, gr\u00e2ce aux pr\u00eats exceptionnels des collections imp\u00e9riales du Japon l\u2019ensemble de trente rouleaux suspendus intitul\u00e9 D\u014dshokusai-e [Le Royaume color\u00e9 des \u00eatres vivants] r\u00e9alis\u00e9 par It\u014d Jakuch\u016b&#8230;<\/p>\n","protected":false},"author":2,"featured_media":0,"comment_status":"open","ping_status":"open","sticky":false,"template":"","format":"standard","meta":{"ngg_post_thumbnail":0,"jetpack_post_was_ever_published":false,"_jetpack_newsletter_access":"","footnotes":""},"categories":[20,27],"tags":[],"class_list":["post-21430","post","type-post","status-publish","format-standard","hentry","category-cultures-du-monde","category-musees-expositions"],"jetpack_featured_media_url":"","jetpack-related-posts":[{"id":16004,"url":"http:\/\/www.letourismeaparis.fr\/index.php\/2014\/12\/12\/baccarat-au-petit-palais-jusquau-4-janvier\/","url_meta":{"origin":21430,"position":0},"title":"Baccarat au Petit Palais jusqu&#039;au 4 janvier","author":"Fabienne TM","date":"12 d\u00e9cembre 2014","format":false,"excerpt":"\u00c0 l\u2019occasion du 250e anniversaire de Baccarat, le Petit Palais expose dans ses Grandes Galeries les chefs d\u2019oeuvre de la plus illustre manufacture de cristal au monde, \u00e9tonnants t\u00e9moignages de la virtuosit\u00e9 de ses artisans. Dans une sce\u0301nographie raffine\u0301e sublimant la virtuosite\u0301 et le savoir-faire des artisans du cristal, le\u2026","rel":"","context":"Dans &quot;Non class\u00e9&quot;","block_context":{"text":"Non class\u00e9","link":"http:\/\/www.letourismeaparis.fr\/index.php\/category\/non-classe\/"},"img":{"alt_text":"","src":"","width":0,"height":0},"classes":[]},{"id":21626,"url":"http:\/\/www.letourismeaparis.fr\/index.php\/2018\/11\/26\/before-japon-dans-le-cadre-de-lexposition-fendre-lair-art-du-bambou-au-japon-jusquau-7-avril-2019\/","url_meta":{"origin":21430,"position":1},"title":"BEFORE JAPON   dans le cadre de l&#039;exposition FENDRE L&#039;AIR. Art du bambou au Japon, jusqu&#039;au 7 avril 2019","author":"Fabienne TM","date":"26 novembre 2018","format":false,"excerpt":"Vendredi 30 novembre 2018 de 19h \u00e0 minuit - Gratuit et en acc\u00e8s libre dans la limite des places disponibles - \u00a0 Anonyme, carte postale coloris\u00e9e japonaise 1900-1930 \u00a9 mus\u00e9e du quai Branly \u2013 Jacques Chirac Pour ce premier Before de la saison, le mus\u00e9e du quai Branly - Jacques\u2026","rel":"","context":"Dans &quot;Cultures du Monde&quot;","block_context":{"text":"Cultures du Monde","link":"http:\/\/www.letourismeaparis.fr\/index.php\/category\/culture\/musees-expositions\/cultures-du-monde\/"},"img":{"alt_text":"","src":"","width":0,"height":0},"classes":[]},{"id":21477,"url":"http:\/\/www.letourismeaparis.fr\/index.php\/2018\/10\/29\/meiji-splendeurs-du-japon-imperial-au-musee-guimet\/","url_meta":{"origin":21430,"position":2},"title":"Meiji, splendeurs du Japon imp\u00e9rial au Mus\u00e9e Guimet","author":"Fabienne TM","date":"29 octobre 2018","format":false,"excerpt":"jusqu'au 14 janvier 2019 A l'occasion de la comm\u00e9moration du 150e anniversaire de l'\u00e8re Meiji (1868-1912), cette exposition a \u00e9t\u00e9 mise en lumi\u00e8re par l'inventivit\u00e9 sans borne et l'extraordinaire vivacit\u00e9 des arts japonais \u00e0 la fin de la p\u00e9riode. Pourtant soumis \u00e0 des bouleversements sans pr\u00e9c\u00e9dent - ouverture \u00e0 l'Occident,\u2026","rel":"","context":"Dans &quot;Cultures du Monde&quot;","block_context":{"text":"Cultures du Monde","link":"http:\/\/www.letourismeaparis.fr\/index.php\/category\/culture\/musees-expositions\/cultures-du-monde\/"},"img":{"alt_text":"","src":"https:\/\/i0.wp.com\/www.letourismeaparis.fr\/wp-content\/uploads\/2018\/10\/Capture-d%C3%A2%C2%80%C2%99e%C3%8C%C2%81cran-2018-10-11-a%C3%8C%C2%80-16.20.28-200x300.png?resize=350%2C200","width":350,"height":200},"classes":[]},{"id":25320,"url":"http:\/\/www.letourismeaparis.fr\/index.php\/2023\/10\/06\/retour-dasie-jusquau-4-fevrier-2024\/","url_meta":{"origin":21430,"position":3},"title":"\u00ab\u00a0Retour d\u2019Asie\u00a0\u00bb jusqu\u2019au 4 F\u00e9vrier 2024","author":"Fabienne TM","date":"6 octobre 2023","format":false,"excerpt":"D\u00e9couvrez notamment des bronzes exceptionnels.... Rendez-vous au BAL MUSICAL le 15 octobre de 14h \u00e0 16h Cette exposition propos\u00e9e \u00e0 l\u2019occasion de la c\u00e9l\u00e9bration du 150\u00e8me anniversaire du retour d\u2019Asie d'Henri Cernuschi invite \u00e0 d\u00e9couvrir, ou red\u00e9couvrir, l\u2019itin\u00e9raire du voyageur et collectionneur dont la contribution novatrice a permis de faire\u2026","rel":"","context":"Dans &quot;Cultures du Monde&quot;","block_context":{"text":"Cultures du Monde","link":"http:\/\/www.letourismeaparis.fr\/index.php\/category\/culture\/musees-expositions\/cultures-du-monde\/"},"img":{"alt_text":"","src":"","width":0,"height":0},"classes":[]},{"id":21493,"url":"http:\/\/www.letourismeaparis.fr\/index.php\/2018\/10\/31\/fendre-lair-lart-du-bambou-au-japon-au-quai-branly\/","url_meta":{"origin":21430,"position":4},"title":"Fendre l&#039;air, l&#039;art du bambou au Japon  au quai Branly","author":"Fabienne TM","date":"31 octobre 2018","format":false,"excerpt":"\u00a0Exposition du 27 novembre 2018 au 7 avril 2019 Pour la premi\u00e8re fois en France, une grande exposition rend hommage \u00e0 l'art m\u00e9connu de la vannerie japonaise en bambou \u00a0 . Occasion de d\u00e9couvrir pr\u00e8s de 200 \u0153uvres anciennes et contemporaines \u00e0 la beaut\u00e9, po\u00e9tique, \u00e0 la d\u00e9coration florale de\u2026","rel":"","context":"Dans &quot;Artisanat&quot;","block_context":{"text":"Artisanat","link":"http:\/\/www.letourismeaparis.fr\/index.php\/category\/culture\/musees-expositions\/artisanat\/"},"img":{"alt_text":"","src":"","width":0,"height":0},"classes":[]},{"id":25032,"url":"http:\/\/www.letourismeaparis.fr\/index.php\/2023\/02\/15\/vive-les-kimonos\/","url_meta":{"origin":21430,"position":5},"title":"Vive les Kimonos !","author":"Fabienne TM","date":"15 f\u00e9vrier 2023","format":false,"excerpt":"V\u00eatement embl\u00e9matique et caract\u00e9ristique de l\u2019identit\u00e9 du Japon, Apparu il y a plus de mille ans, le kimono \u2013 litt\u00e9ralement \u00ab ce qui se porte \u00bb - incarne aux yeux des Japonais la culture et la sensibilit\u00e9 nationales. C\u2019est au d\u00e9but de l\u2019\u00e8re Edo (1603-1868) qu\u2019il devient l\u2019habit traditionnel par\u2026","rel":"","context":"Dans &quot;Cultures du Monde&quot;","block_context":{"text":"Cultures du Monde","link":"http:\/\/www.letourismeaparis.fr\/index.php\/category\/culture\/musees-expositions\/cultures-du-monde\/"},"img":{"alt_text":"","src":"https:\/\/i0.wp.com\/www.letourismeaparis.fr\/wp-content\/uploads\/2023\/02\/Capture-decran-2023-02-15-a-18.33.21.png?resize=350%2C200","width":350,"height":200},"classes":[]}],"jetpack_sharing_enabled":true,"jetpack_likes_enabled":true,"_links":{"self":[{"href":"http:\/\/www.letourismeaparis.fr\/index.php\/wp-json\/wp\/v2\/posts\/21430","targetHints":{"allow":["GET"]}}],"collection":[{"href":"http:\/\/www.letourismeaparis.fr\/index.php\/wp-json\/wp\/v2\/posts"}],"about":[{"href":"http:\/\/www.letourismeaparis.fr\/index.php\/wp-json\/wp\/v2\/types\/post"}],"author":[{"embeddable":true,"href":"http:\/\/www.letourismeaparis.fr\/index.php\/wp-json\/wp\/v2\/users\/2"}],"replies":[{"embeddable":true,"href":"http:\/\/www.letourismeaparis.fr\/index.php\/wp-json\/wp\/v2\/comments?post=21430"}],"version-history":[{"count":1,"href":"http:\/\/www.letourismeaparis.fr\/index.php\/wp-json\/wp\/v2\/posts\/21430\/revisions"}],"predecessor-version":[{"id":23612,"href":"http:\/\/www.letourismeaparis.fr\/index.php\/wp-json\/wp\/v2\/posts\/21430\/revisions\/23612"}],"wp:attachment":[{"href":"http:\/\/www.letourismeaparis.fr\/index.php\/wp-json\/wp\/v2\/media?parent=21430"}],"wp:term":[{"taxonomy":"category","embeddable":true,"href":"http:\/\/www.letourismeaparis.fr\/index.php\/wp-json\/wp\/v2\/categories?post=21430"},{"taxonomy":"post_tag","embeddable":true,"href":"http:\/\/www.letourismeaparis.fr\/index.php\/wp-json\/wp\/v2\/tags?post=21430"}],"curies":[{"name":"wp","href":"https:\/\/api.w.org\/{rel}","templated":true}]}}