{"id":21485,"date":"2018-10-29T20:44:58","date_gmt":"2018-10-29T19:44:58","guid":{"rendered":"http:\/\/www.letourismeaparis.fr\/?p=21485"},"modified":"2019-07-12T15:28:53","modified_gmt":"2019-07-12T13:28:53","slug":"rolando-villazon-a-la-salle-gaveau-le-jeudi-20-decembre","status":"publish","type":"post","link":"http:\/\/www.letourismeaparis.fr\/index.php\/2018\/10\/29\/rolando-villazon-a-la-salle-gaveau-le-jeudi-20-decembre\/","title":{"rendered":"Rolando Villaz\u00f3n  \u00e0 la salle Gaveau le  jeudi 20 d\u00e9cembre"},"content":{"rendered":"<p>&nbsp;20h30&nbsp; Salle Gaveau<br \/>\nInvit\u00e9 r\u00e9gulier des Grandes Voix, Rolando Villaz\u00f3n revient \u00e0 Paris avec cette fois dans ses bagages ce r\u00e9pertoire sud-am\u00e9ricain et espagnol cher \u00e0 son c\u0153ur.<br \/>\n<img loading=\"lazy\" decoding=\"async\" class=\"alignnone  wp-image-21486 aligncenter\" src=\"http:\/\/www.letourismeaparis.fr\/wp-content\/uploads\/2018\/10\/Capture-d\u2019e\u0301cran-2018-10-29-a\u0300-20.38.02-272x300.png\" alt=\"\" width=\"175\" height=\"192\"><br \/>\nDans l\u2019intimit\u00e9 de ce r\u00e9cital avec piano, le t\u00e9nor mexicain d\u00e9voile, outres les m\u00e9lodies incontournables du catalogue des deux compositeurs espagnols les plus c\u00e9l\u00e8bres du 20\u00e8me si\u00e8cle, de Falla et Mompou, quelques p\u00e9pites m\u00e9connues venues du Mexique et d\u2019Argentine.<br \/>\nRolando Villaz\u00f3n t\u00e9nor&nbsp; &nbsp; Carrie-Ann Matheson piano<br \/>\n<!--more--><br \/>\n&nbsp;<br \/>\nCANCIONES ESPAGNOLES ET SUD-AM\u00c9RICAINES<br \/>\nMANUEL DE FALLA<br \/>\nSiete canciones populares espa\u00f1olas<br \/>\n&nbsp;<br \/>\nFEDERICO MOMPOU<br \/>\nS\u00e9lection de canciones<br \/>\n&nbsp;<br \/>\nFERNANDO OBRADORS<br \/>\nCanciones clasicas<br \/>\n&nbsp;<br \/>\nSILVESTE REVUELTAS<br \/>\nCinco canciones de ni\u00f1os<br \/>\n&nbsp;<br \/>\nCARLOS GUASTAVINO<br \/>\nLas nubes<br \/>\n&nbsp;<br \/>\net une s\u00e9lection de canciones sud-am\u00e9ricaines d&rsquo;ALBERTO GINASTERA, ALPERTO NEPOMUCENO et LUIS A. CALVO<br \/>\n&nbsp;<br \/>\nSALLE GAVEAU<br \/>\n45-47 rue la Bo\u00e9tie<br \/>\nPARIS 08<\/p>\n","protected":false},"excerpt":{"rendered":"<p>&nbsp;20h30&nbsp; Salle Gaveau Invit\u00e9 r\u00e9gulier des Grandes Voix, Rolando Villaz\u00f3n revient \u00e0 Paris avec cette fois dans ses bagages ce r\u00e9pertoire sud-am\u00e9ricain et espagnol cher \u00e0 son c\u0153ur. Dans l\u2019intimit\u00e9 de ce r\u00e9cital avec piano, le t\u00e9nor mexicain d\u00e9voile, outres&#8230;<\/p>\n","protected":false},"author":2,"featured_media":0,"comment_status":"open","ping_status":"open","sticky":false,"template":"","format":"standard","meta":{"ngg_post_thumbnail":0,"jetpack_post_was_ever_published":false,"_jetpack_newsletter_access":"","footnotes":""},"categories":[39],"tags":[],"class_list":["post-21485","post","type-post","status-publish","format-standard","hentry","category-musique"],"jetpack_featured_media_url":"","jetpack-related-posts":[{"id":21748,"url":"http:\/\/www.letourismeaparis.fr\/index.php\/2018\/12\/18\/roando-villazon-a-la-salle-gaveau-jeudi-20-decembre\/","url_meta":{"origin":21485,"position":0},"title":"Roando Villazon, \u00e0 la salle Gaveau , jeudi 20 d\u00e9cembre","author":"Fabienne TM","date":"18 d\u00e9cembre 2018","format":false,"excerpt":"\u00a020h30 Salle Gaveau Invit\u00e9 r\u00e9gulier des Grandes Voix, Rolando Villaz\u00f3n revient \u00e0 Paris avec ce fichier dans son r\u00e9pertoire sud-am\u00e9ricain et espagnol cher \u00e0 son c\u0153ur. Dans l'intimit\u00e9 de ce r\u00e9cit avec piano, le t\u00e9nor mexicain d\u00e9voil\u00e9, les m\u00e9lodies incontournables du catalogue des deux compositeurs espagnols les plus c\u00e9l\u00e8bres du\u2026","rel":"","context":"Dans &quot;Musique&quot;","block_context":{"text":"Musique","link":"http:\/\/www.letourismeaparis.fr\/index.php\/category\/culture\/concerts-musique\/musique\/"},"img":{"alt_text":"","src":"","width":0,"height":0},"classes":[]},{"id":23120,"url":"http:\/\/www.letourismeaparis.fr\/index.php\/2019\/05\/12\/rollando-villazon-salle-gaveau-mardi-14-mai\/","url_meta":{"origin":21485,"position":1},"title":"Rollando Villazon , salle Gaveau mardi 14 mai","author":"Fabienne TM","date":"12 mai 2019","format":false,"excerpt":"Mardi 14 mai 2019 \/ 20h30 Salle Gaveau DE L'ANCIEN AU NOUVEAU MONDE Invit\u00e9 r\u00e9gulier des Grandes Voix, Rolando Villaz\u00f3n revient \u00e0 Paris avec cette fois dans ses bagages ce r\u00e9pertoire sud-am\u00e9ricain et espagnol cher \u00e0 son c\u0153ur. Dans l\u2019intimit\u00e9 de ce r\u00e9cital avec piano, le t\u00e9nor mexicain d\u00e9voile, outres\u2026","rel":"","context":"Dans &quot;Non class\u00e9&quot;","block_context":{"text":"Non class\u00e9","link":"http:\/\/www.letourismeaparis.fr\/index.php\/category\/non-classe\/"},"img":{"alt_text":"","src":"","width":0,"height":0},"classes":[]},{"id":13141,"url":"http:\/\/www.letourismeaparis.fr\/index.php\/2013\/06\/30\/napoleon-et-leurope-jusquau-14-juillet-2013-aux-invalides-une-exposition-et-de-nombreux-concerts\/","url_meta":{"origin":21485,"position":2},"title":"Napol\u00e9on et l&#039;Europe jusqu&#039;au 14 juillet 2013 aux Invalides : une exposition et de nombreux concerts","author":"Fabienne TM","date":"30 juin 2013","format":false,"excerpt":"Napol\u00e9on et l'Europe jusqu'au\u00a0 14 juillet 2013 Bonaparte, Premier consul, franchissant le Grand Saint-Bernard \u00a9 Dist. RMN Ch\u00e2teaux de Versailles et de Trianon, photo G\u00e9rard Blot Napol\u00e9on Bonaparte a profond\u00e9ment et durablement marqu\u00e9 l\u2019histoire de l\u2019Europe. L'exposition t\u00e9moigne de son ambition europ\u00e9enne entre 1793 et 1815, en croisant les regards\u2026","rel":"","context":"Dans &quot;Mus\u00e9es \/ Expositions&quot;","block_context":{"text":"Mus\u00e9es \/ Expositions","link":"http:\/\/www.letourismeaparis.fr\/index.php\/category\/culture\/musees-expositions\/"},"img":{"alt_text":"","src":"","width":0,"height":0},"classes":[]},{"id":21116,"url":"http:\/\/www.letourismeaparis.fr\/index.php\/2018\/06\/21\/des-idees-pour-la-fete-de-la-musique-le-petit-palais-la-maison-de-la-radio-le-college-des-bernardins\/","url_meta":{"origin":21485,"position":3},"title":"Des id\u00e9es pour la f\u00eate de la musique : le petit palais, la maison de la radio, le coll\u00e8ge des bernardins","author":"Fabienne TM","date":"21 juin 2018","format":false,"excerpt":"Jeunes Talents - Auditorium du\u00a0 Petit Palais\u00a0 de 14:30 \u00e0 17:00 Pour la F\u00eate de la musique 2018 au Petit Palais, nous vous proposons 4 mini-concerts \u00e0 partir de 14h30 ! **Edvard Grieg (1843-1907)** **Claude Debussy (1862 \u2013 1918)** **Manuel De Falla (1876 \u2013 1946)** Siete Canciones espa\u0148olas | 1915\u2026","rel":"","context":"Dans &quot;Actualit\u00e9s&quot;","block_context":{"text":"Actualit\u00e9s","link":"http:\/\/www.letourismeaparis.fr\/index.php\/category\/actualite\/"},"img":{"alt_text":"","src":"","width":0,"height":0},"classes":[]},{"id":16499,"url":"http:\/\/www.letourismeaparis.fr\/index.php\/2015\/03\/25\/festival-dix-de-choeurs-du-samedi-21-au-dimanche-29-mars-2015-dans-le-10-eme\/","url_meta":{"origin":21485,"position":4},"title":"Festival Dix de choeurs ,du samedi 21 au dimanche 29 mars 2015 dans LE 10 \u00c8ME.","author":"Fabienne TM","date":"25 mars 2015","format":false,"excerpt":"SAMEDI 21 MARS \u00e0 15h conservatoire Hector Berlioz - 6 rue Pierre Bullet 10\u00e8 Ensemble de jeunes voix Aposiop\u00e9e et ch\u0153ur des Polysons. \u00e0 20h30 Espace Jemmapes - Sc\u00e8ne du Canal - 116 quai de Jemmapes 10\u00e8 Humour avec Les Voisinx et le ch\u0153ur Variatio DIMANCHE 22 MARS \u00e0 17h\u2026","rel":"","context":"Dans &quot;Musique&quot;","block_context":{"text":"Musique","link":"http:\/\/www.letourismeaparis.fr\/index.php\/category\/culture\/concerts-musique\/musique\/"},"img":{"alt_text":"","src":"","width":0,"height":0},"classes":[]},{"id":9375,"url":"http:\/\/www.letourismeaparis.fr\/index.php\/2011\/01\/07\/recital-de-guitare-par-tomas-krakowski-a-la-maison-du-danemark-mardi-11-janvier\/","url_meta":{"origin":21485,"position":5},"title":"Recital de guitare par TOMAS KRAKOWSKI \u00e0 la maison du Danemark mardi 11 janvier","author":"Fabienne TM","date":"7 janvier 2011","format":false,"excerpt":"mardi 11 janvier 2011 \u00e0 19h Entr\u00e9e libre Oeuvres de Luys de Narva\u00e9z, Ib N\u00f8rholm, Gaspar Sanz et Fernando Sor Tomas Krakowski est aujourd\u2019hui un des guitaristes classiques le plus reconnu en Scandinavie. Il donne de nombreux concerts, en soliste ou dans des orchestres de chambre, Programme Ib n\u00f8rholm :\u2026","rel":"","context":"Dans &quot;Non class\u00e9&quot;","block_context":{"text":"Non class\u00e9","link":"http:\/\/www.letourismeaparis.fr\/index.php\/category\/non-classe\/"},"img":{"alt_text":"","src":"","width":0,"height":0},"classes":[]}],"jetpack_sharing_enabled":true,"jetpack_likes_enabled":true,"_links":{"self":[{"href":"http:\/\/www.letourismeaparis.fr\/index.php\/wp-json\/wp\/v2\/posts\/21485","targetHints":{"allow":["GET"]}}],"collection":[{"href":"http:\/\/www.letourismeaparis.fr\/index.php\/wp-json\/wp\/v2\/posts"}],"about":[{"href":"http:\/\/www.letourismeaparis.fr\/index.php\/wp-json\/wp\/v2\/types\/post"}],"author":[{"embeddable":true,"href":"http:\/\/www.letourismeaparis.fr\/index.php\/wp-json\/wp\/v2\/users\/2"}],"replies":[{"embeddable":true,"href":"http:\/\/www.letourismeaparis.fr\/index.php\/wp-json\/wp\/v2\/comments?post=21485"}],"version-history":[{"count":1,"href":"http:\/\/www.letourismeaparis.fr\/index.php\/wp-json\/wp\/v2\/posts\/21485\/revisions"}],"predecessor-version":[{"id":23600,"href":"http:\/\/www.letourismeaparis.fr\/index.php\/wp-json\/wp\/v2\/posts\/21485\/revisions\/23600"}],"wp:attachment":[{"href":"http:\/\/www.letourismeaparis.fr\/index.php\/wp-json\/wp\/v2\/media?parent=21485"}],"wp:term":[{"taxonomy":"category","embeddable":true,"href":"http:\/\/www.letourismeaparis.fr\/index.php\/wp-json\/wp\/v2\/categories?post=21485"},{"taxonomy":"post_tag","embeddable":true,"href":"http:\/\/www.letourismeaparis.fr\/index.php\/wp-json\/wp\/v2\/tags?post=21485"}],"curies":[{"name":"wp","href":"https:\/\/api.w.org\/{rel}","templated":true}]}}