{"id":21515,"date":"2018-11-08T16:43:59","date_gmt":"2018-11-08T15:43:59","guid":{"rendered":"http:\/\/www.letourismeaparis.fr\/?p=21515"},"modified":"2019-07-12T15:28:53","modified_gmt":"2019-07-12T13:28:53","slug":"jeudi-8-novembre-2018-hip-hop-a-la-station-bibliotheque-francois-mitterrand","status":"publish","type":"post","link":"http:\/\/www.letourismeaparis.fr\/index.php\/2018\/11\/08\/jeudi-8-novembre-2018-hip-hop-a-la-station-bibliotheque-francois-mitterrand\/","title":{"rendered":"Jeudi 8 novembre 2018 : HIP HOP \u00e0 la station Biblioth\u00e8que Fran\u00e7ois Mitterrand."},"content":{"rendered":"<p>Rendez-vous des Jeudis de la Danse sur la ligne 14<br \/>\nLes Jeudis \u00ab\u00a0Danse\u00a0\u00bb sont de retour ! Rendez-vous le jeudi 8 novembre 2018 de 17 h 30 \u00e0 18 h 30 \u00e0 la station Biblioth\u00e8que Fran\u00e7ois Mitterrand. Pour ce<br \/>\n&nbsp;<br \/>\n<img loading=\"lazy\" decoding=\"async\" class=\"size-medium wp-image-21518 aligncenter\" style=\"letter-spacing: 0.05em;\" src=\"http:\/\/www.letourismeaparis.fr\/wp-content\/uploads\/2018\/11\/Capture-d\u2019e\u0301cran-2018-11-08-a\u0300-16.30.32-230x300.png\" alt=\"\" width=\"230\" height=\"300\"><br \/>\n<strong>nouveau rendez-vous, il s&rsquo;agira d&rsquo;une d\u00e9monstration de HIP HOP Les Jeudis\u00a0\u00bb Danse\u00a0\u00bb, rendez-vous culturel de la RATP : d\u00e9monstration et initiation<\/strong><br \/>\nLes Jeudis\u00a0\u00bb Danse\u00a0\u00bb ont lieu un jeudi par mois, \u00e0 la station Biblioth\u00e8que Fran\u00e7ois Mitterrand &#8211; ligne 14. Pendant une heure, les voyageurs assistent d\u2019abord \u00e0 une d\u00e9monstration par des artistes professionnels, qui les invitent ensuite \u00e0 s\u2019initier \u00e0 leur danse. D\u2019\u00e9dition en \u00e9dition, ils d\u00e9couvriront des danses et des styles vari\u00e9s &#8211; salsa, tango, country \u2026 &#8211; ainsi que des artistes de tous horizons. Pour cela, la RATP s\u2019associera \u00e0 chaque fois \u00e0 des professionnels de la danse &#8211; festivals, \u00e9coles, institutions \u2026 &#8211; qui ont \u00e0 c\u0153ur de transmettre leur art \u00e0 l\u2019occasion d\u2019un \u00e9v\u00e9nement grand public et participatif.<!--more--><br \/>\n&nbsp;<\/p>\n<ul>\n<li><strong>Jeudi 8 novembre 2018 : HIP HOP<\/strong><\/li>\n<li>Jeudi 13 d\u00e9cembre 2018 : PASO DOBLE<\/li>\n<li>Jeudi 24 janvier 2019 : FLAMENCO<\/li>\n<li>Jeudi 21 f\u00e9vrier 2019 : BOLLYWOOD<\/li>\n<li>Jeudi 14 mars 2019 : SWING<\/li>\n<li>Jeudi 11 avril 2019 : SAMBA<\/li>\n<li>Jeudi 9 mai 2019 : FORRO<\/li>\n<li>Jeudi 13 juin 2019 : BACHATA<\/li>\n<\/ul>\n<p>&nbsp;<br \/>\nhttps:\/\/www.ratp.fr\/jeudis-danse<\/p>\n","protected":false},"excerpt":{"rendered":"<p>Rendez-vous des Jeudis de la Danse sur la ligne 14 Les Jeudis \u00ab\u00a0Danse\u00a0\u00bb sont de retour ! Rendez-vous le jeudi 8 novembre 2018 de 17 h 30 \u00e0 18 h 30 \u00e0 la station Biblioth\u00e8que Fran\u00e7ois Mitterrand. Pour ce &nbsp;&#8230;<\/p>\n","protected":false},"author":2,"featured_media":0,"comment_status":"open","ping_status":"open","sticky":false,"template":"","format":"standard","meta":{"ngg_post_thumbnail":0,"jetpack_post_was_ever_published":false,"_jetpack_newsletter_access":"","footnotes":""},"categories":[21],"tags":[],"class_list":["post-21515","post","type-post","status-publish","format-standard","hentry","category-danse"],"jetpack_featured_media_url":"","jetpack-related-posts":[{"id":20265,"url":"http:\/\/www.letourismeaparis.fr\/index.php\/2017\/09\/28\/rendez-vous-des-jeudis-de-la-danse-sur-la-ligne-14\/","url_meta":{"origin":21515,"position":0},"title":"Rendez-vous des Jeudis de la Danse sur la ligne 14","author":"Fabienne TM","date":"28 septembre 2017","format":false,"excerpt":"Rendez-vous des Jeudis de la Danse sur la ligne 14 \u00a0 Les Jeudis Danse sont de retour ! Rendez-vous le jeudi 28 septembre de 17h30 \u00e0 18h30 \u00e0 la station Biblioth\u00e8que Fran\u00e7ois Mitterrand. Cette semaine le Bollywood\u00a0 est \u00e0 l'honneur. \u00a0 Les Jeudis Danse, rendez-vous culturel de la RATP :\u2026","rel":"","context":"Dans &quot;Non class\u00e9&quot;","block_context":{"text":"Non class\u00e9","link":"http:\/\/www.letourismeaparis.fr\/index.php\/category\/non-classe\/"},"img":{"alt_text":"","src":"","width":0,"height":0},"classes":[]},{"id":10408,"url":"http:\/\/www.letourismeaparis.fr\/index.php\/2011\/06\/03\/8e-edition-dentrez-dans-la-danse-de-nombreux-spectacles-gratuits-dimanche-5-juin\/","url_meta":{"origin":21515,"position":1},"title":"8e \u00e9dition d&#039;&quot;Entrez dans la danse&quot; : de nombreux spectacles gratuits , dimanche 5 juin","author":"Fabienne TM","date":"3 juin 2011","format":false,"excerpt":"\u00ab Entrez dans la danse \u00bb vous donne rendez-vous le dimanche 5 juin de 14h \u00e0 23h. Paris et notamment le quartier Bercy deviendront le cadre sc\u00e9nique de 200 artistes qui vous feront (re)d\u00e9couvrir la danse \u00e0 travers plus de 50 spectacles gratuits et 18 ateliers d'initiations. Pr\u00e9sentation de plus\u2026","rel":"","context":"Dans &quot;Non class\u00e9&quot;","block_context":{"text":"Non class\u00e9","link":"http:\/\/www.letourismeaparis.fr\/index.php\/category\/non-classe\/"},"img":{"alt_text":"","src":"","width":0,"height":0},"classes":[]},{"id":11716,"url":"http:\/\/www.letourismeaparis.fr\/index.php\/2012\/05\/30\/le-nouveau-quartier-latin-du-13e-vous-attend-pour-de-nombreuses-manifestations\/","url_meta":{"origin":21515,"position":2},"title":"Le &quot;nouveau quartier latin du 13e&quot; vous attend pour de nombreuses manifestations","author":"Fabienne TM","date":"30 mai 2012","format":false,"excerpt":"de grandes institutions install\u00e9es dans le \"nouveau quartier latin du 13e\"vous ouvrent leurs portes : animations, conf\u00e9rences, performances artistiques, lieux insolites, fanfares et visites guid\u00e9es... jeudi 31 mai jusqu\u2019\u00e0 20 heures [BnF] Journ\u00e9e portes ouvertes avec acc\u00e8s libre aux expositions, \u00e0 la biblioth\u00e8que d\u2019\u00e9tude, au belv\u00e9d\u00e8re et visites de la\u2026","rel":"","context":"Dans &quot;Non class\u00e9&quot;","block_context":{"text":"Non class\u00e9","link":"http:\/\/www.letourismeaparis.fr\/index.php\/category\/non-classe\/"},"img":{"alt_text":"","src":"","width":0,"height":0},"classes":[]},{"id":19980,"url":"http:\/\/www.letourismeaparis.fr\/index.php\/2017\/07\/28\/nocturnes-au-parc-zoologique-de-paris\/","url_meta":{"origin":21515,"position":3},"title":"NOCTURNES AU PARC ZOOLOGIQUE DE PARIS","author":"Fabienne TM","date":"28 juillet 2017","format":false,"excerpt":"Tous les jeudis de juin et de juillet, des soir\u00e9es in\u00e9dites au pied du grand rocher. \u00a0Le site restera ouvert tard dans la nuit afin de proposer aux visiteurs, en famille ou entre amis, une exp\u00e9rience unique : assister au coucher des animaux comment\u00e9 par les soigneurs, profiter du soleil\u2026","rel":"","context":"Dans &quot;Familles&quot;","block_context":{"text":"Familles","link":"http:\/\/www.letourismeaparis.fr\/index.php\/category\/familles\/"},"img":{"alt_text":"","src":"","width":0,"height":0},"classes":[]},{"id":8238,"url":"http:\/\/www.letourismeaparis.fr\/index.php\/2010\/08\/03\/outdoor-summer-sessions-ateliers-dinitiation-artistique-du-batofar\/","url_meta":{"origin":21515,"position":4},"title":"\u00ab Outdoor Summer Sessions, ateliers d\u2019initiation artistique \u00bb du Batofar !","author":"Fabienne TM","date":"3 ao\u00fbt 2010","format":false,"excerpt":"\u00ab Outdoor Summer Sessions, ateliers d\u2019initiation artistique \u00bb du Batofar ! un programme vari\u00e9 d\u2019initiations artistiques ouvert \u00e0 tous permettra aux Parisiens et aux touristes, quel que soit leur \u00e2ge, de se familiariser au chant, aux arts du cirque, \u00e0 la danse ou encore aux arts plastiques. Tous les mardis,\u2026","rel":"","context":"Dans &quot;Non class\u00e9&quot;","block_context":{"text":"Non class\u00e9","link":"http:\/\/www.letourismeaparis.fr\/index.php\/category\/non-classe\/"},"img":{"alt_text":"","src":"","width":0,"height":0},"classes":[]},{"id":17990,"url":"http:\/\/www.letourismeaparis.fr\/index.php\/2016\/03\/03\/des-pauses-musicale-gratuites-a-la-mairie-du-11-eme\/","url_meta":{"origin":21515,"position":5},"title":"Des pauses musicale  gratuites ,\u00e0 la mairie du 11 \u00e8me","author":"Fabienne TM","date":"3 mars 2016","format":false,"excerpt":"\u00a0Envie d\u2019une pause musicale ? \u00c0 partir du mois d\u2019octobre, la Mairie du 11e vous donne rendez-vous pour des entractes musicaux en compagnie des \u00e9l\u00e8ves du Conservatoire. Durant votre pause-d\u00e9jeuner, d\u00e9tendez-vous en \u00e9coutant un concert de musique. Le 2\u00e8me jeudi de chaque mois \u00e0 12h30 en salle des f\u00eates Jeudi\u2026","rel":"","context":"Dans &quot;Non class\u00e9&quot;","block_context":{"text":"Non class\u00e9","link":"http:\/\/www.letourismeaparis.fr\/index.php\/category\/non-classe\/"},"img":{"alt_text":"","src":"","width":0,"height":0},"classes":[]}],"jetpack_sharing_enabled":true,"jetpack_likes_enabled":true,"_links":{"self":[{"href":"http:\/\/www.letourismeaparis.fr\/index.php\/wp-json\/wp\/v2\/posts\/21515","targetHints":{"allow":["GET"]}}],"collection":[{"href":"http:\/\/www.letourismeaparis.fr\/index.php\/wp-json\/wp\/v2\/posts"}],"about":[{"href":"http:\/\/www.letourismeaparis.fr\/index.php\/wp-json\/wp\/v2\/types\/post"}],"author":[{"embeddable":true,"href":"http:\/\/www.letourismeaparis.fr\/index.php\/wp-json\/wp\/v2\/users\/2"}],"replies":[{"embeddable":true,"href":"http:\/\/www.letourismeaparis.fr\/index.php\/wp-json\/wp\/v2\/comments?post=21515"}],"version-history":[{"count":1,"href":"http:\/\/www.letourismeaparis.fr\/index.php\/wp-json\/wp\/v2\/posts\/21515\/revisions"}],"predecessor-version":[{"id":23596,"href":"http:\/\/www.letourismeaparis.fr\/index.php\/wp-json\/wp\/v2\/posts\/21515\/revisions\/23596"}],"wp:attachment":[{"href":"http:\/\/www.letourismeaparis.fr\/index.php\/wp-json\/wp\/v2\/media?parent=21515"}],"wp:term":[{"taxonomy":"category","embeddable":true,"href":"http:\/\/www.letourismeaparis.fr\/index.php\/wp-json\/wp\/v2\/categories?post=21515"},{"taxonomy":"post_tag","embeddable":true,"href":"http:\/\/www.letourismeaparis.fr\/index.php\/wp-json\/wp\/v2\/tags?post=21515"}],"curies":[{"name":"wp","href":"https:\/\/api.w.org\/{rel}","templated":true}]}}