{"id":21553,"date":"2018-11-12T19:53:11","date_gmt":"2018-11-12T18:53:11","guid":{"rendered":"http:\/\/www.letourismeaparis.fr\/?p=21553"},"modified":"2019-07-12T15:28:53","modified_gmt":"2019-07-12T13:28:53","slug":"le-grand-rex-de-paris-refait-sa-nuit-de-la-glisse-le-vendredi-30-novembre-2018","status":"publish","type":"post","link":"http:\/\/www.letourismeaparis.fr\/index.php\/2018\/11\/12\/le-grand-rex-de-paris-refait-sa-nuit-de-la-glisse-le-vendredi-30-novembre-2018\/","title":{"rendered":"Le Grand Rex de Paris refait sa Nuit de la Glisse le vendredi 30 novembre 2018."},"content":{"rendered":"<p><span style=\"vertical-align: inherit;\"><span style=\"vertical-align: inherit;\">&nbsp;la Nuit de la Glisse vous pr\u00e9sente son nouvel opus: Magnetic: une projection unique&nbsp;<\/span><\/span><br \/>\n<img loading=\"lazy\" decoding=\"async\" class=\"alignnone  wp-image-21557 aligncenter\" src=\"http:\/\/www.letourismeaparis.fr\/wp-content\/uploads\/2018\/11\/729727936_130x73.jpg\" alt=\"\" width=\"215\" height=\"132\"><br \/>\n&nbsp;<br \/>\n<span style=\"vertical-align: inherit;\"><span style=\"vertical-align: inherit;\">On ne pr\u00e9voit pas de passer \u00e0 la chasse aux \u00e9l\u00e9ments, \u00e0 la tra\u00e7abilit\u00e9 du changement de ciel ou de la houle\u2026 On ne pr\u00e9voit pas de parcourir le monde en qu\u00eate de la vague, de la ligne ou du moment parfait. <\/span><span style=\"vertical-align: inherit;\">Mais, une fois que nous avons v\u00e9cu le bonheur que nous avons eu ce style de vie, il est attir\u00e9 comme nous aimons toujours la nature, pour que cela ne cesse jamais.<\/span><\/span><!--more--><br \/>\n<span style=\"vertical-align: inherit;\"><span style=\"vertical-align: inherit;\">R\u00e9alis\u00e9 par Thierry Donard, ce film nous fera voyager et glisser sur les plus belles vagues mais aussi sur les plus hauts et beaux sommets enneig\u00e9s!<\/span><\/span><br \/>\n&nbsp;<br \/>\n<span style=\"vertical-align: inherit;\"><span style=\"vertical-align: inherit;\"> Le 30 novembre 2018 <\/span><\/span><br \/>\n<span style=\"vertical-align: inherit;\"><span style=\"vertical-align: inherit;\">\u00c0 19h&nbsp;<\/span><\/span><br \/>\n<a href=\"https:\/\/www.sortiraparis.com\/lieux\/52502-le-grand-rex\"><span style=\"vertical-align: inherit;\"><span style=\"vertical-align: inherit;\">Le Grand Rex<\/span><\/span><\/a>&nbsp;<br \/>\n<span style=\"vertical-align: inherit;\"><span style=\"vertical-align: inherit;\"> 1 boulevard Poissonni\u00e8re <\/span><\/span><br \/>\n<span style=\"vertical-align: inherit;\"><span style=\"vertical-align: inherit;\">75002 Paris 2<\/span><\/span><br \/>\n&nbsp;<\/p>\n","protected":false},"excerpt":{"rendered":"<p>&nbsp;la Nuit de la Glisse vous pr\u00e9sente son nouvel opus: Magnetic: une projection unique&nbsp; &nbsp; On ne pr\u00e9voit pas de passer \u00e0 la chasse aux \u00e9l\u00e9ments, \u00e0 la tra\u00e7abilit\u00e9 du changement de ciel ou de la houle\u2026 On ne pr\u00e9voit&#8230;<\/p>\n","protected":false},"author":2,"featured_media":0,"comment_status":"open","ping_status":"open","sticky":false,"template":"","format":"standard","meta":{"ngg_post_thumbnail":0,"jetpack_post_was_ever_published":false,"_jetpack_newsletter_access":"","footnotes":""},"categories":[14,48],"tags":[],"class_list":["post-21553","post","type-post","status-publish","format-standard","hentry","category-cinema","category-sport"],"jetpack_featured_media_url":"","jetpack-related-posts":[{"id":20590,"url":"http:\/\/www.letourismeaparis.fr\/index.php\/2017\/11\/30\/dont-crack-under-pressure-la-nuit-de-la-glisse-au-grand-rex\/","url_meta":{"origin":21553,"position":0},"title":"\u00ab DON\u2019T CRACK UNDER PRESSURE \u00bb  La nuit de la glisse au grand Rex","author":"Fabienne TM","date":"30 novembre 2017","format":false,"excerpt":"\u00ab DON\u2019T CRACK UNDER PRESSURE \u00bb SAISON 3 EST L\u2019ULTIME \u00c9PISODE D\u2019UNE TRILOGIE D\u00c9DI\u00c9E \u00c0 DES ATHL\u00c8TES QUI ONT FAIT LE CHOIX DE VIVRE LEUR SPORT PLEINEMENT TOUT EN CR\u00c9ANT DES LIENS ENTRE LEURS DISCIPLINES. AVANT PREMI\u00c8RE - GRAND LARGE - DON'T CRACK UNDER PRESSURE PARIS GRAND REX 02\/12\/2017 -\u2026","rel":"","context":"Dans &quot;Cin\u00e9ma&quot;","block_context":{"text":"Cin\u00e9ma","link":"http:\/\/www.letourismeaparis.fr\/index.php\/category\/spectacle\/cinema\/"},"img":{"alt_text":"","src":"https:\/\/i0.wp.com\/www.letourismeaparis.fr\/wp-content\/uploads\/2017\/11\/Capture-d%C3%A2%C2%80%C2%99e%C3%8C%C2%81cran-2017-11-30-a%C3%8C%C2%80-15.32.46.png?resize=350%2C200","width":350,"height":200},"classes":[]},{"id":12923,"url":"http:\/\/www.letourismeaparis.fr\/index.php\/2013\/03\/01\/les-trophees-parisiens-de-la-glisse-a-partir-du-2-mars-2013\/","url_meta":{"origin":21553,"position":1},"title":"Les \u00ab Troph\u00e9es Parisiens de la Glisse \u00bb  \u00e0 partir du 2 mars 2013.","author":"Fabienne TM","date":"1 mars 2013","format":false,"excerpt":"Les meilleurs \"riders\" en roller, skate et BMX, se distingueront dans les\u00a0 principaux lieux de glisse couverts de la capitale: Bercy, bowl de la Muette et l'EGP 18. Cet \u00e9v\u00e8nement est n\u00e9 de la volont\u00e9 de valoriser les Espaces de Glisse Parisiens ainsi que les associations sportives de roller, skate\u2026","rel":"","context":"Dans &quot;Non class\u00e9&quot;","block_context":{"text":"Non class\u00e9","link":"http:\/\/www.letourismeaparis.fr\/index.php\/category\/non-classe\/"},"img":{"alt_text":"","src":"https:\/\/i0.wp.com\/www.letourismeaparis.fr\/wp-content\/uploads\/2013\/03\/glisse_.jpg?resize=350%2C200","width":350,"height":200},"classes":[]},{"id":13130,"url":"http:\/\/www.letourismeaparis.fr\/index.php\/2013\/04\/13\/trophees-parisiens-de-la-glisse-2013\/","url_meta":{"origin":21553,"position":2},"title":"Troph\u00e9es parisiens de la glisse 2013","author":"Fabienne TM","date":"13 avril 2013","format":false,"excerpt":"Skate,\u00a0 BMX et\u00a0 roller ! Jusqu' au 25 mai , Parc de Bercy , Boulevard Ney dans le 18e, et le bowl de la muette dans le 16e. Les personnes souhaitant participer \u00e0 la comp\u00e9tition devront s\u2019inscrire sur place, et une autorisation parentale sera n\u00e9cessaire pour les mineurs. Roller Dimanche\u2026","rel":"","context":"Dans &quot;Non class\u00e9&quot;","block_context":{"text":"Non class\u00e9","link":"http:\/\/www.letourismeaparis.fr\/index.php\/category\/non-classe\/"},"img":{"alt_text":"","src":"https:\/\/i0.wp.com\/www.letourismeaparis.fr\/wp-content\/uploads\/2013\/04\/trophees_parisiens_de_la_glisse_2013-e4288.jpg?resize=350%2C200","width":350,"height":200},"classes":[]},{"id":5855,"url":"http:\/\/www.letourismeaparis.fr\/index.php\/2009\/12\/20\/puteaux-en-neige-jusquau-3-janvier\/","url_meta":{"origin":21553,"position":3},"title":"Puteaux en Neige jusqu&#039;au 3 janvier","author":"Fabienne TM","date":"20 d\u00e9cembre 2009","format":false,"excerpt":"Une station de sports d\u2019hiver plus vraie que nature. Glissez sur la glace de la grande patinoire, cherchez les sensations fortes sur la tyrolienne, d\u00e9valez la piste de luge, slalomez sur un parcours givr\u00e9\u2026 autant d\u2019activit\u00e9s qui vous sont propos\u00e9es pendant 15 jours. (*sauf les 24 et 31 d\u00e9cembre ouverture\u2026","rel":"","context":"Dans &quot;Non class\u00e9&quot;","block_context":{"text":"Non class\u00e9","link":"http:\/\/www.letourismeaparis.fr\/index.php\/category\/non-classe\/"},"img":{"alt_text":"","src":"","width":0,"height":0},"classes":[]},{"id":949,"url":"http:\/\/www.letourismeaparis.fr\/index.php\/2008\/12\/17\/les-vacances-de-noel-au-musee-du-quai-branly\/","url_meta":{"origin":21553,"position":4},"title":"Les vacances de No\u00ebl au mus\u00e9e du quai Branly","author":"Fabienne TM","date":"17 d\u00e9cembre 2008","format":false,"excerpt":"D\u00e9couvrez le jardin des glaces : Compos\u00e9 de trois p\u00f4les : \u00e9colo, glisse et givre, ce jardin des glaces entra\u00eene les visiteurs dans un tourbillon d\u2019activit\u00e9s festives tout en les sensibilisant aux questions de protection de l\u2019environnement. du jeudi 18 d\u00e9cembre au dimanche 18 janvier 2009 dans le jardin du\u2026","rel":"","context":"Dans &quot;Non class\u00e9&quot;","block_context":{"text":"Non class\u00e9","link":"http:\/\/www.letourismeaparis.fr\/index.php\/category\/non-classe\/"},"img":{"alt_text":"","src":"","width":0,"height":0},"classes":[]},{"id":1268,"url":"http:\/\/www.letourismeaparis.fr\/index.php\/2009\/01\/02\/le-musee-du-quai-branly-pendant-les-vacances-de-noel\/","url_meta":{"origin":21553,"position":5},"title":"Le Mus\u00e9e du Quai Branly pendant les vacances de No\u00ebl","author":"Fabienne TM","date":"2 janvier 2009","format":false,"excerpt":"D\u00e9couvrez le jardin des glaces : \"Compos\u00e9 de trois p\u00f4les : \u00e9colo, glisse et givre, ce jardin des glaces entra\u00eene les visiteurs dans un tourbillon d\u2019activit\u00e9s festives tout en les sensibilisant aux questions de protection de l\u2019environnement. jusqu'au dimanche 18 janvier 2009 dans le jardin du mus\u00e9e. D\u00e9couvrez le jardin\u2026","rel":"","context":"Dans &quot;Non class\u00e9&quot;","block_context":{"text":"Non class\u00e9","link":"http:\/\/www.letourismeaparis.fr\/index.php\/category\/non-classe\/"},"img":{"alt_text":"","src":"","width":0,"height":0},"classes":[]}],"jetpack_sharing_enabled":true,"jetpack_likes_enabled":true,"_links":{"self":[{"href":"http:\/\/www.letourismeaparis.fr\/index.php\/wp-json\/wp\/v2\/posts\/21553","targetHints":{"allow":["GET"]}}],"collection":[{"href":"http:\/\/www.letourismeaparis.fr\/index.php\/wp-json\/wp\/v2\/posts"}],"about":[{"href":"http:\/\/www.letourismeaparis.fr\/index.php\/wp-json\/wp\/v2\/types\/post"}],"author":[{"embeddable":true,"href":"http:\/\/www.letourismeaparis.fr\/index.php\/wp-json\/wp\/v2\/users\/2"}],"replies":[{"embeddable":true,"href":"http:\/\/www.letourismeaparis.fr\/index.php\/wp-json\/wp\/v2\/comments?post=21553"}],"version-history":[{"count":1,"href":"http:\/\/www.letourismeaparis.fr\/index.php\/wp-json\/wp\/v2\/posts\/21553\/revisions"}],"predecessor-version":[{"id":23594,"href":"http:\/\/www.letourismeaparis.fr\/index.php\/wp-json\/wp\/v2\/posts\/21553\/revisions\/23594"}],"wp:attachment":[{"href":"http:\/\/www.letourismeaparis.fr\/index.php\/wp-json\/wp\/v2\/media?parent=21553"}],"wp:term":[{"taxonomy":"category","embeddable":true,"href":"http:\/\/www.letourismeaparis.fr\/index.php\/wp-json\/wp\/v2\/categories?post=21553"},{"taxonomy":"post_tag","embeddable":true,"href":"http:\/\/www.letourismeaparis.fr\/index.php\/wp-json\/wp\/v2\/tags?post=21553"}],"curies":[{"name":"wp","href":"https:\/\/api.w.org\/{rel}","templated":true}]}}