{"id":23884,"date":"2019-12-10T19:31:49","date_gmt":"2019-12-10T18:31:49","guid":{"rendered":"http:\/\/www.letourismeaparis.fr\/?p=23884"},"modified":"2019-12-10T19:31:49","modified_gmt":"2019-12-10T18:31:49","slug":"grande-vente-de-plantes-les-20-21-et-22-decembre","status":"publish","type":"post","link":"http:\/\/www.letourismeaparis.fr\/index.php\/2019\/12\/10\/grande-vente-de-plantes-les-20-21-et-22-decembre\/","title":{"rendered":"Grande vente de plantes les 20 21 et 22 d\u00e9cembre"},"content":{"rendered":"\n<p>20, 21 et 22 d\u00e9cembre Vendredi 10h-19h Samedi 10h-19h Dimanche 10h-19h<\/p>\n\n\n\n<p>Grande Vente de Plantes et Sapins BIO Paris N\u00b050<\/p>\n\n\n\n<p>Plantes Pour Tous<\/p>\n\n\n\n<hr class=\"wp-block-separator\"\/>\n\n\n\n<p>Atelier Basfroi<\/p>\n\n\n\n<p>23 rue Basfroi, 75011 Paris<\/p>\n\n\n\n<p>Boutique de B\u00e9b\u00e9s et Mini Plantes \u00e0 Ground Control.<\/p>\n\n\n\n<p>Mercredi de 13h \u00e0 15h et de 18h \u00e0 20h.<\/p>\n\n\n\n<p>Jeudi et vendredi de 13h \u00e0 15h et de 18h \u00e0 21h.<\/p>\n\n\n\n<p>Samedi de 13h \u00e0 21h.<\/p>\n\n\n\n<p>Dimanche de 13h \u00e0 20h.<\/p>\n\n\n\n<p>Plantes Pour Tous &#8211; Ground Control<\/p>\n\n\n\n<p>81 rue du Charolais, 75011 Paris<\/p>\n","protected":false},"excerpt":{"rendered":"<p>20, 21 et 22 d\u00e9cembre Vendredi 10h-19h Samedi 10h-19h Dimanche 10h-19h Grande Vente de Plantes et Sapins BIO Paris N\u00b050 Plantes Pour Tous Atelier Basfroi 23 rue Basfroi, 75011 Paris Boutique de B\u00e9b\u00e9s et Mini Plantes \u00e0 Ground Control. Mercredi&#8230;<\/p>\n","protected":false},"author":2,"featured_media":0,"comment_status":"open","ping_status":"open","sticky":false,"template":"","format":"standard","meta":{"ngg_post_thumbnail":0,"jetpack_post_was_ever_published":false,"_jetpack_newsletter_access":"","footnotes":""},"categories":[1],"tags":[],"class_list":["post-23884","post","type-post","status-publish","format-standard","hentry","category-non-classe"],"jetpack_featured_media_url":"","jetpack-related-posts":[{"id":23941,"url":"http:\/\/www.letourismeaparis.fr\/index.php\/2020\/01\/11\/grande-vente-de-plantes-par-plantes-pour-tous\/","url_meta":{"origin":23884,"position":0},"title":"Grande vente de plantes par Plantes pour Tous","author":"Fabienne TM","date":"11 janvier 2020","format":false,"excerpt":"les vendredi 10, samedi 11 et dimanche 12 Janvier 2020, dans le 11\u00e8me arrondissement de Paris , \u00e0 l'Atelier Basfroi, de 10h \u00e0 19h. La grande vente de plantes avec plus de 150 vari\u00e9t\u00e9s de plantes : Cactus, succulentes, plantes tropicales et plantes d'ext\u00e9rieur \u00e0 prix ronds \u00e0 2\u20ac, 5\u20ac\u2026","rel":"","context":"Dans &quot;Non class\u00e9&quot;","block_context":{"text":"Non class\u00e9","link":"http:\/\/www.letourismeaparis.fr\/index.php\/category\/non-classe\/"},"img":{"alt_text":"","src":"","width":0,"height":0},"classes":[]},{"id":7728,"url":"http:\/\/www.letourismeaparis.fr\/index.php\/2010\/06\/04\/rendez-vvous-aux-jardins-les-45-et-6-juin\/","url_meta":{"origin":23884,"position":1},"title":"Rendez-vous aux jardins les 4,5 et 6 juin","author":"Fabienne TM","date":"4 juin 2010","format":false,"excerpt":"En 2010, les \"Rendez-vous aux jardins\" auront lieu les 4, 5 et 6 juin. Le th\u00e8me de ces trois journ\u00e9es sera \"Le jardinier et ses outils\" et le vendredi sera, comme chaque ann\u00e9e, consacr\u00e9 aux scolaires. Jardin du Palais Royal Vendredi 4, samedi 5 et dimanche 6 juin. 6 rue\u2026","rel":"","context":"Dans &quot;Non class\u00e9&quot;","block_context":{"text":"Non class\u00e9","link":"http:\/\/www.letourismeaparis.fr\/index.php\/category\/non-classe\/"},"img":{"alt_text":"","src":"","width":0,"height":0},"classes":[]},{"id":21940,"url":"http:\/\/www.letourismeaparis.fr\/index.php\/2019\/01\/25\/plantes-pour-tous\/","url_meta":{"origin":23884,"position":2},"title":"PLANTES POUR TOUS","author":"Fabienne TM","date":"25 janvier 2019","format":false,"excerpt":"PLANTES POUR TOUS les 26 et 27 janvier \u00e0 Paris Grandes ventes de prix \u00e0 prix fixe 2 \u20ac, 5 \u20ac et 10 \u20ac, le temps d'un week-end . Dans le 11\u00e8me arrondissement de Paris, \u00e0 l'Atelier Basfroi, les samedi 26 et dimanche 27 janvier 2019 (de 9h \u00e0 19h\u2026","rel":"","context":"Dans &quot;Non class\u00e9&quot;","block_context":{"text":"Non class\u00e9","link":"http:\/\/www.letourismeaparis.fr\/index.php\/category\/non-classe\/"},"img":{"alt_text":"","src":"","width":0,"height":0},"classes":[]},{"id":22043,"url":"http:\/\/www.letourismeaparis.fr\/index.php\/2019\/02\/05\/nouvelle-grande-vente-de-plantes-les-8-9-et-10-fevrier-2019-a-paris\/","url_meta":{"origin":23884,"position":3},"title":"Nouvelle grande vente de plantes les 8, 9 et 10 f\u00e9vrier 2019 \u00e0 Paris","author":"Fabienne TM","date":"5 f\u00e9vrier 2019","format":false,"excerpt":"Nouvelle Grande Vente de plantes Des plantes \u00e0 2 \u20ac, 5 \u20ac et 10 \u20ac. La \u00a0grande vente de plantes \u00a0se fera dans le \u00a011\u00e8me arrondissement de Paris , \u00e0 l' Atelier Basfroi , pendant \u00a0trois jours \u00a0: le\u00a0 vendredi 8 f\u00e9vrier 2019 de 12h \u00e0 19h \u00a0puis le\u00a0 samedi\u2026","rel":"","context":"Dans &quot;Non class\u00e9&quot;","block_context":{"text":"Non class\u00e9","link":"http:\/\/www.letourismeaparis.fr\/index.php\/category\/non-classe\/"},"img":{"alt_text":"","src":"","width":0,"height":0},"classes":[]},{"id":13768,"url":"http:\/\/www.letourismeaparis.fr\/index.php\/2013\/07\/25\/paris-plages-jusquau-dimanche-18-aout-2013\/","url_meta":{"origin":23884,"position":4},"title":"Paris Plages  jusqu&#039;au dimanche 18 ao\u00fbt 2013","author":"Fabienne TM","date":"25 juillet 2013","format":false,"excerpt":"Les voies sur berges, prennent des airs de bord de mer, pour les promeneurs, \u00a0cyclistes et \u00a0rollers, .Basket, tennis, lutte, escrime, tennis de table, p\u00e9tanque, tai-chi, danse de salon, espace fitness, douche \u00e0 microgouttelettes, biblioth\u00e8que \u00e9ph\u00e9m\u00e8re et \"Plage aventure\" pour les plus jeunes, avec baignade et jeux d'eau, concerts, ateliers\u2026","rel":"","context":"Dans &quot;Bons Plans&quot;","block_context":{"text":"Bons Plans","link":"http:\/\/www.letourismeaparis.fr\/index.php\/category\/bon-plan\/"},"img":{"alt_text":"","src":"","width":0,"height":0},"classes":[]},{"id":7795,"url":"http:\/\/www.letourismeaparis.fr\/index.php\/2010\/06\/08\/les-12-et-13-juin-10eme-edition-du-festival-de-loh\/","url_meta":{"origin":23884,"position":5},"title":"Les 12 et 13 juin ,10\u00e8me \u00e9dition du Festival de l\u2019Oh !","author":"Fabienne TM","date":"8 juin 2010","format":false,"excerpt":"Deux jours de festivit\u00e9s, de spectacles gratuits et de d\u00e9couvertes fluviales : Samedi : 14h-21h, dimanche : 11h-20h Ports de Paris accueille de nouveau le festival de l\u2019Oh ! Sur le port de Bercy (c\u00f4t\u00e9 12e) et sur le port de la Gare (c\u00f4t\u00e9 13e) avec la piscine Josephine Baker.\u2026","rel":"","context":"Dans &quot;Non class\u00e9&quot;","block_context":{"text":"Non class\u00e9","link":"http:\/\/www.letourismeaparis.fr\/index.php\/category\/non-classe\/"},"img":{"alt_text":"","src":"https:\/\/i0.wp.com\/www.letourismeaparis.fr\/wp-content\/uploads\/2010\/06\/festival-de-loh.jpg?resize=350%2C200","width":350,"height":200},"classes":[]}],"jetpack_sharing_enabled":true,"jetpack_likes_enabled":true,"_links":{"self":[{"href":"http:\/\/www.letourismeaparis.fr\/index.php\/wp-json\/wp\/v2\/posts\/23884","targetHints":{"allow":["GET"]}}],"collection":[{"href":"http:\/\/www.letourismeaparis.fr\/index.php\/wp-json\/wp\/v2\/posts"}],"about":[{"href":"http:\/\/www.letourismeaparis.fr\/index.php\/wp-json\/wp\/v2\/types\/post"}],"author":[{"embeddable":true,"href":"http:\/\/www.letourismeaparis.fr\/index.php\/wp-json\/wp\/v2\/users\/2"}],"replies":[{"embeddable":true,"href":"http:\/\/www.letourismeaparis.fr\/index.php\/wp-json\/wp\/v2\/comments?post=23884"}],"version-history":[{"count":1,"href":"http:\/\/www.letourismeaparis.fr\/index.php\/wp-json\/wp\/v2\/posts\/23884\/revisions"}],"predecessor-version":[{"id":23886,"href":"http:\/\/www.letourismeaparis.fr\/index.php\/wp-json\/wp\/v2\/posts\/23884\/revisions\/23886"}],"wp:attachment":[{"href":"http:\/\/www.letourismeaparis.fr\/index.php\/wp-json\/wp\/v2\/media?parent=23884"}],"wp:term":[{"taxonomy":"category","embeddable":true,"href":"http:\/\/www.letourismeaparis.fr\/index.php\/wp-json\/wp\/v2\/categories?post=23884"},{"taxonomy":"post_tag","embeddable":true,"href":"http:\/\/www.letourismeaparis.fr\/index.php\/wp-json\/wp\/v2\/tags?post=23884"}],"curies":[{"name":"wp","href":"https:\/\/api.w.org\/{rel}","templated":true}]}}