{"id":23899,"date":"2019-12-13T15:00:26","date_gmt":"2019-12-13T14:00:26","guid":{"rendered":"http:\/\/www.letourismeaparis.fr\/?p=23899"},"modified":"2019-12-13T15:00:26","modified_gmt":"2019-12-13T14:00:26","slug":"vaux-le-vicomte-fete-noel-2","status":"publish","type":"post","link":"http:\/\/www.letourismeaparis.fr\/index.php\/2019\/12\/13\/vaux-le-vicomte-fete-noel-2\/","title":{"rendered":"Vaux-le-Vicomte f\u00eate No\u00ebl !"},"content":{"rendered":"\n<p>Vaux-le-Vicomte f\u00eate No\u00ebl !<\/p>\n\n\n\n<p>Pour les f\u00eates de No\u00ebl, Vaux-le-Vicomte se transforme en un\nPalais enchanteur aux mille et une couleurs ! Le ch\u00e2teau, les jardins, le Mus\u00e9e\ndes \u00c9quipages, les diff\u00e9rentes cours\u2026 le domaine tout entier devient un monde\nmerveilleux o\u00f9 illuminations et animations offrent la promesse d\u2019une parenth\u00e8se\nenchant\u00e9e pour toute la famille !<\/p>\n\n\n\n<div class=\"wp-block-image\"><figure class=\"aligncenter is-resized\"><img loading=\"lazy\" decoding=\"async\" src=\"http:\/\/www.letourismeaparis.fr\/wp-content\/uploads\/2019\/12\/Capture-d\u2019e\u0301cran-2019-12-13-a\u0300-14.57.21.png\" alt=\"\" class=\"wp-image-23900\" width=\"314\" height=\"210\" srcset=\"http:\/\/www.letourismeaparis.fr\/wp-content\/uploads\/2019\/12\/Capture-d\u2019e\u0301cran-2019-12-13-a\u0300-14.57.21.png 594w, http:\/\/www.letourismeaparis.fr\/wp-content\/uploads\/2019\/12\/Capture-d\u2019e\u0301cran-2019-12-13-a\u0300-14.57.21-300x201.png 300w, http:\/\/www.letourismeaparis.fr\/wp-content\/uploads\/2019\/12\/Capture-d\u2019e\u0301cran-2019-12-13-a\u0300-14.57.21-560x375.png 560w, http:\/\/www.letourismeaparis.fr\/wp-content\/uploads\/2019\/12\/Capture-d\u2019e\u0301cran-2019-12-13-a\u0300-14.57.21-260x174.png 260w, http:\/\/www.letourismeaparis.fr\/wp-content\/uploads\/2019\/12\/Capture-d\u2019e\u0301cran-2019-12-13-a\u0300-14.57.21-160x107.png 160w\" sizes=\"auto, (max-width: 314px) 100vw, 314px\" \/><\/figure><\/div>\n\n\n\n<p>Le Ch\u00e2teau aux mille couleurs<\/p>\n\n\n\n<p>Dans le ch\u00e2teau, les salons d\u2019apparat se succ\u00e8dent sans se ressembler ! Au travers de chaque pi\u00e8ce du rez-de-chauss\u00e9e, d\u00e9couvrez un d\u00e9cor aux couleurs et atmosph\u00e8res magiques de No\u00ebl.<\/p>\n\n\n\n<p> Le Grand Salon, pi\u00e8ce ma\u00eetresse du Ch\u00e2teau, se pare cette ann\u00e9e d&rsquo;une cr\u00e8che pyramidale rotative enti\u00e8rement dor\u00e9e, haute de 8 m\u00e8tres !<\/p>\n\n\n\n<hr class=\"wp-block-separator\"\/>\n\n\n\n<p>Un monde color\u00e9 merveilleux <\/p>\n\n\n\n<p>D\u00e9couvrez un Mus\u00e9e des \u00c9quipages enti\u00e8rement transform\u00e9 en un monde f\u00e9erique aux odeurs de fraise et de sapin givr\u00e9 !<\/p>\n\n\n\n<p>Rose, jaune, bleu et vert se succ\u00e8dent en sc\u00e8nes \u00e9questres\nfantastiques, ours exotiques mouvants et univers givr\u00e9. Les carrosses, devenus\nenchant\u00e9s, \u00e9merveilleront petits et grands !<\/p>\n\n\n\n<p>Cette ann\u00e9e, le domaine se pare d\u2019une projection monumentale\nrecouvrant la fa\u00e7ade Sud du ch\u00e2teau ! \u00c9pousant l\u2019architecture, le mapping vid\u00e9o\nhabille l\u2019\u00e9difice d\u2019un univers onirique et po\u00e9tique. Gr\u00e2ce \u00e0 des effets de son\net de lumi\u00e8re, il retrace la cr\u00e9ation et l\u2019histoire du ch\u00e2teau depuis le XVIIe\nsi\u00e8cle.<\/p>\n\n\n\n<p>GRATUIT (inclus dans le billet d&rsquo;entr\u00e9e) ! 4 projections par\njour, de 17h30 \u00e0 19h.<\/p>\n\n\n\n<p>Un jardin f\u00e9erique illumin\u00e9<\/p>\n\n\n\n<p>Le ch\u00e2teau se surpasse et propose toujours plus de\nd\u00e9corations et illuminations dans les jardins \u00e0 la fran\u00e7aise !<\/p>\n\n\n\n<p>\u00c0 la tomb\u00e9e de la nuit, le jardin s\u2019\u00e9claire de milliers de\nguirlandes lumineuses qui font scintiller les parterres et les topiaires. Des\nbalades en cal\u00e8che sont \u00e9galement propos\u00e9es pour le plus grand bonheur des\npetits et des grands ! (en suppl\u00e9ment du billet d&rsquo;entr\u00e9e)<\/p>\n\n\n\n<p>Encore plus d&rsquo;animations !<\/p>\n\n\n\n<p>Visitez costum\u00e9s !<\/p>\n\n\n\n<p>Plongez vos enfants dans un monde merveilleux gr\u00e2ce aux\ncostumes d&rsquo;\u00e9poque durant la visite ! Mousquetaires ou princesses : ils pourront\nse transformer le temps de la visite ! (4\u20ac pour enfants \/ 6 \u20ac pour adultes)<\/p>\n\n\n\n<p>Un No\u00ebl solidaire<\/p>\n\n\n\n<p>Vaux-le-Vicomte s\u2019associe \u00e0 la Croix Rouge ! Durant\nl\u2019\u00e9v\u00e9nement, les enfants sont invit\u00e9s \u00e0 donner un cadeau au stand de la Croix\nRouge \u00e0 l\u2019entr\u00e9e du domaine. Les cadeaux seront empaquet\u00e9s et offerts aux\nenfants d\u00e9favoris\u00e9s et \u00e0 leurs familles !<\/p>\n\n\n\n<p>Cadeaux et gourmandises<\/p>\n\n\n\n<p>A l&rsquo;issue du sentier lumineux, un cadeau PAPO est offert aux\nenfants jusqu&rsquo;\u00e0 6 ans, et un go\u00fbter de la maison Fossier aux 7-17 ans !<\/p>\n\n\n\n<p>Le plus : chaque jour, tentez de trouver les noisettes d&rsquo;or\ncach\u00e9es dans le jardin pour gagner votre sac- cadeau de d\u00e9corations Goodwill !<\/p>\n\n\n\n<p>du 23 novembre au 5 janvier, du mercredi au dimanche puis\ntous les jours pendant les vacances scolaires (sauf jours f\u00e9ri\u00e9s).<\/p>\n\n\n\n<p>Horaires : de 11h \u00e0 18h (16h45 le 24 et 31 d\u00e9c.)<\/p>\n\n\n\n<p>Ch\u00e2teau de Vaux-le-Vicomte<\/p>\n\n\n\n<p>77950 Maincy &#8211; France<\/p>\n\n\n\n<p>T\u00e9l. : +33 (0)1 64 14 41 90<\/p>\n\n\n\n<p>E-mail : chateau@vaux-le-vicomte.com<\/p>\n\n\n\n<p>Site : www.vaux-le-vicomte.com<\/p>\n","protected":false},"excerpt":{"rendered":"<p>Vaux-le-Vicomte f\u00eate No\u00ebl ! Pour les f\u00eates de No\u00ebl, Vaux-le-Vicomte se transforme en un Palais enchanteur aux mille et une couleurs ! Le ch\u00e2teau, les jardins, le Mus\u00e9e des \u00c9quipages, les diff\u00e9rentes cours\u2026 le domaine tout entier devient un monde&#8230;<\/p>\n","protected":false},"author":2,"featured_media":23900,"comment_status":"open","ping_status":"open","sticky":false,"template":"","format":"standard","meta":{"ngg_post_thumbnail":0,"jetpack_post_was_ever_published":false,"_jetpack_newsletter_access":"","footnotes":""},"categories":[1],"tags":[],"class_list":["post-23899","post","type-post","status-publish","format-standard","has-post-thumbnail","hentry","category-non-classe"],"jetpack_featured_media_url":"http:\/\/www.letourismeaparis.fr\/wp-content\/uploads\/2019\/12\/Capture-d\u2019e\u0301cran-2019-12-13-a\u0300-14.57.21.png","jetpack-related-posts":[{"id":5001,"url":"http:\/\/www.letourismeaparis.fr\/index.php\/2009\/12\/18\/vaux-le-vicomte-fete-noel-du-19-decembre-2009-au-3-janvier-2010\/","url_meta":{"origin":23899,"position":0},"title":"Vaux le Vicomte f\u00eate No\u00ebl du 19 d\u00e9cembre 2009 au 3 janvier 2010","author":"Fabienne TM","date":"18 d\u00e9cembre 2009","format":false,"excerpt":"Vaux le Vicomte f\u00eate No\u00ebl du 19 d\u00e9cembre 2009 au 3 janvier 2010 A l\u2019occasion des f\u00eate de fin d\u2019ann\u00e9e, le ch\u00e2teau et son jardin se pareront de leurs plus beaux d\u00e9cors. Une visite f\u00e9\u00e9rique dans un cadre enchanteur qui fera r\u00eaver petits et grands !Vous serez accueillis sous la\u2026","rel":"","context":"Dans &quot;Non class\u00e9&quot;","block_context":{"text":"Non class\u00e9","link":"http:\/\/www.letourismeaparis.fr\/index.php\/category\/non-classe\/"},"img":{"alt_text":"","src":"","width":0,"height":0},"classes":[]},{"id":12392,"url":"http:\/\/www.letourismeaparis.fr\/index.php\/2012\/12\/28\/vaux-le-vicomte-fete-noel\/","url_meta":{"origin":23899,"position":1},"title":"Vaux le Vicomte f\u00eate No\u00ebl !","author":"Fabienne TM","date":"28 d\u00e9cembre 2012","format":false,"excerpt":"Vaux le Vicomte f\u00eate No\u00ebl ! Le ch\u00e2teau de Vaux le Vicomte ouvre ses portes pendant les vacances scolaires de No\u00ebl, avec un programme magnifique: Cette ann\u00e9e, un carrousel accueillera \u00e0 nouveau petits et grands devant le ch\u00e2teau ! Puis l\u2019enchantement continue d\u00e8s l'arriv\u00e9e dans la cour d'honneur\u00a0 bord\u00e9e par\u2026","rel":"","context":"Dans &quot;Non class\u00e9&quot;","block_context":{"text":"Non class\u00e9","link":"http:\/\/www.letourismeaparis.fr\/index.php\/category\/non-classe\/"},"img":{"alt_text":"","src":"","width":0,"height":0},"classes":[]},{"id":24102,"url":"http:\/\/www.letourismeaparis.fr\/index.php\/2020\/10\/18\/vaux-le-vicomte-en-lumieres\/","url_meta":{"origin":23899,"position":2},"title":"\u00abVaux-le-Vicomte en lumi\u00e8res\u00bb","author":"Fabienne TM","date":"18 octobre 2020","format":false,"excerpt":"Pour la 15\u00e8me \u00e9dition de \u00abVaux-le-Vicomte en lumi\u00e8res\u00bb le ch\u00e2teau se pare de milliers de d\u00e9corations et lumi\u00e8res, plongeant le visiteur dans un univers magique\u2026 La f\u00eate et le faste seront \u00e0 l\u2019honneur pour ravir petits et grands enfants : les cours, les communs, le ch\u00e2teau et le jardin \u00e0\u2026","rel":"","context":"Dans &quot;Non class\u00e9&quot;","block_context":{"text":"Non class\u00e9","link":"http:\/\/www.letourismeaparis.fr\/index.php\/category\/non-classe\/"},"img":{"alt_text":"","src":"https:\/\/i0.wp.com\/www.letourismeaparis.fr\/wp-content\/uploads\/2020\/10\/Capture-d%E2%80%99e%CC%81cran-2020-10-18-a%CC%80-18.28.42.png?resize=350%2C200","width":350,"height":200,"srcset":"https:\/\/i0.wp.com\/www.letourismeaparis.fr\/wp-content\/uploads\/2020\/10\/Capture-d%E2%80%99e%CC%81cran-2020-10-18-a%CC%80-18.28.42.png?resize=350%2C200 1x, https:\/\/i0.wp.com\/www.letourismeaparis.fr\/wp-content\/uploads\/2020\/10\/Capture-d%E2%80%99e%CC%81cran-2020-10-18-a%CC%80-18.28.42.png?resize=525%2C300 1.5x, https:\/\/i0.wp.com\/www.letourismeaparis.fr\/wp-content\/uploads\/2020\/10\/Capture-d%E2%80%99e%CC%81cran-2020-10-18-a%CC%80-18.28.42.png?resize=700%2C400 2x"},"classes":[]},{"id":11819,"url":"http:\/\/www.letourismeaparis.fr\/index.php\/2012\/08\/17\/soirees-aux-chandelles-tous-les-samedis-jusquau-6-octobre-a-vaux-le-vicomte\/","url_meta":{"origin":23899,"position":3},"title":"Soir\u00e9es aux chandelles tous les samedis jusqu&#039;au 6 octobre \u00e0 Vaux le Vicomte","author":"Fabienne TM","date":"17 ao\u00fbt 2012","format":false,"excerpt":"Soir\u00e9es aux chandelles Tous les samedis le\u00a0 ch\u00e2teau de Vaux-le-Vicomte\u00a0 s'anime\u00a0 avec ses soir\u00e9es aux chandelles. Domaine de Vaux-le-Vicomte 2 000 bougies sont allum\u00e9e: \u00e0 l\u2019int\u00e9rieur du Ch\u00e2teau\u00a0 con\u00e7u par Le Vau, d\u00e9cor\u00e9 par Le Brun, mais aussi dans le magnifique jardin dessin\u00e9 par Le N\u00f4tre. Un d\u00e9cor exceptionnel\u00a0 qui\u2026","rel":"","context":"Dans &quot;Non class\u00e9&quot;","block_context":{"text":"Non class\u00e9","link":"http:\/\/www.letourismeaparis.fr\/index.php\/category\/non-classe\/"},"img":{"alt_text":"","src":"","width":0,"height":0},"classes":[]},{"id":10617,"url":"http:\/\/www.letourismeaparis.fr\/index.php\/2011\/06\/23\/une-superbe-soiree-a-vaux-le-vicomte-samedi-25-juin\/","url_meta":{"origin":23899,"position":4},"title":"Une superbe soir\u00e9e \u00e0 Vaux le Vicomte, samedi 25 juin &#8230;.","author":"Fabienne TM","date":"23 juin 2011","format":false,"excerpt":"Le 25 juin prochain aura lieu la 5\u00e8me Nuit des Muses au chateau de Vaux le Vicomte! concept de la Nuit des Muses : VOUS et vos ami(e)s\u2026am\u00e8nerez d\u00eener gourmand et d\u00e9coration \u00e9l\u00e9gante de votre table. Vous ET votre table serez \u00e0 l\u2019unisson dans le respect du th\u00e8me de cette\u2026","rel":"","context":"Dans &quot;Non class\u00e9&quot;","block_context":{"text":"Non class\u00e9","link":"http:\/\/www.letourismeaparis.fr\/index.php\/category\/non-classe\/"},"img":{"alt_text":"","src":"","width":0,"height":0},"classes":[]},{"id":3733,"url":"http:\/\/www.letourismeaparis.fr\/index.php\/2009\/08\/02\/une-soiree-aux-chandelles-a-vaux-le-vicomte-samedi-25-juillet\/","url_meta":{"origin":23899,"position":5},"title":"Soir\u00e9e aux chandelles et diner romantique \u00e0 Vaux le Vicomte tous les samedis jusqu&#039;au 8 octobre","author":"Fabienne TM","date":"2 ao\u00fbt 2009","format":false,"excerpt":"Chaque samedi soir, \u00e0 la tomb\u00e9e de la nuit, le ch\u00e2teau de Vaux le Vicomte et ses jardins s'illuminent, par\u00e9s de plus de 2000 chandelles, pour recr\u00e9er l'atmosph\u00e8re des f\u00eates du 17\u00e8me si\u00e8cle que Nicolas Fouquet avait organis\u00e9e en l'honneur de son Roi Louis XIV. Un bar \u00e0 champagne et\u2026","rel":"","context":"Dans &quot;Non class\u00e9&quot;","block_context":{"text":"Non class\u00e9","link":"http:\/\/www.letourismeaparis.fr\/index.php\/category\/non-classe\/"},"img":{"alt_text":"","src":"","width":0,"height":0},"classes":[]}],"jetpack_sharing_enabled":true,"jetpack_likes_enabled":true,"_links":{"self":[{"href":"http:\/\/www.letourismeaparis.fr\/index.php\/wp-json\/wp\/v2\/posts\/23899","targetHints":{"allow":["GET"]}}],"collection":[{"href":"http:\/\/www.letourismeaparis.fr\/index.php\/wp-json\/wp\/v2\/posts"}],"about":[{"href":"http:\/\/www.letourismeaparis.fr\/index.php\/wp-json\/wp\/v2\/types\/post"}],"author":[{"embeddable":true,"href":"http:\/\/www.letourismeaparis.fr\/index.php\/wp-json\/wp\/v2\/users\/2"}],"replies":[{"embeddable":true,"href":"http:\/\/www.letourismeaparis.fr\/index.php\/wp-json\/wp\/v2\/comments?post=23899"}],"version-history":[{"count":1,"href":"http:\/\/www.letourismeaparis.fr\/index.php\/wp-json\/wp\/v2\/posts\/23899\/revisions"}],"predecessor-version":[{"id":23901,"href":"http:\/\/www.letourismeaparis.fr\/index.php\/wp-json\/wp\/v2\/posts\/23899\/revisions\/23901"}],"wp:featuredmedia":[{"embeddable":true,"href":"http:\/\/www.letourismeaparis.fr\/index.php\/wp-json\/wp\/v2\/media\/23900"}],"wp:attachment":[{"href":"http:\/\/www.letourismeaparis.fr\/index.php\/wp-json\/wp\/v2\/media?parent=23899"}],"wp:term":[{"taxonomy":"category","embeddable":true,"href":"http:\/\/www.letourismeaparis.fr\/index.php\/wp-json\/wp\/v2\/categories?post=23899"},{"taxonomy":"post_tag","embeddable":true,"href":"http:\/\/www.letourismeaparis.fr\/index.php\/wp-json\/wp\/v2\/tags?post=23899"}],"curies":[{"name":"wp","href":"https:\/\/api.w.org\/{rel}","templated":true}]}}