{"id":24008,"date":"2020-04-30T17:25:12","date_gmt":"2020-04-30T15:25:12","guid":{"rendered":"http:\/\/www.letourismeaparis.fr\/?p=24008"},"modified":"2020-03-09T17:43:17","modified_gmt":"2020-03-09T16:43:17","slug":"jean-vendomeartiste-joaillier-alecole-des-arts-joailliers","status":"publish","type":"post","link":"http:\/\/www.letourismeaparis.fr\/index.php\/2020\/04\/30\/jean-vendomeartiste-joaillier-alecole-des-arts-joailliers\/","title":{"rendered":"JEAN VENDOME,ARTISTE JOAILLIER \u00e0l&rsquo;\u00e9cole des Arts joailliers"},"content":{"rendered":"\n<p> <\/p>\n\n\n\n<p>Jean Vendome, pionnier de la joaillerie cr\u00e9ative<\/p>\n\n\n\n<p>De son vrai nom Ohan Tuhdarian, Jean Vendome cr\u00e9e sa premi\u00e8re collection de bijoux en 1950. Il ne cesse d\u2019\u0153uvrer toute sa vie durant, jusqu\u2019\u00e0 son dernier souffle en 2017. Son talent prot\u00e9iforme convoque tout autant l\u2019\u00e9lan baroque et surr\u00e9aliste que le graphisme contemporain conf\u00e9rant \u00e0 ces bijoux cette apparence \u00e9pur\u00e9e et tr\u00e8s dessin\u00e9e.<\/p>\n\n\n\n<hr class=\"wp-block-separator\"\/>\n\n\n\n<p>De ces soixante-sept ann\u00e9es de travail intense na\u00eetront des \u0153uvres marqu\u00e9es par l\u2019art de sublimer les pierres fines en les mariant \u00e0 des mati\u00e8res pr\u00e9cieuses, le tout avec une technique joailli\u00e8re tr\u00e8s aboutie, fid\u00e8le en cela \u00e0 la r\u00e8gle qu\u2019il s\u2019\u00e9tait lui-m\u00eame fix\u00e9e : \u00ab servir les pierres sans les trahir \u00bb.<\/p>\n\n\n\n<hr class=\"wp-block-separator\"\/>\n\n\n\n<p>  <\/p>\n\n\n\n<p>Pionnier du bijou moderne, son approche particuli\u00e8rement cr\u00e9ative le place entre le bijou d\u2019artiste et la haute joaillerie. Sa d\u00e9marche rompt avec la tradition de privil\u00e9gier la qualit\u00e9 des pierres.<\/p>\n\n\n\n<div class=\"wp-block-image\"><figure class=\"aligncenter is-resized\"><img loading=\"lazy\" decoding=\"async\" src=\"http:\/\/www.letourismeaparis.fr\/wp-content\/uploads\/2020\/03\/Capture-d\u2019e\u0301cran-2020-03-09-a\u0300-17.23.41.png\" alt=\"\" class=\"wp-image-24009\" width=\"167\" height=\"234\" srcset=\"http:\/\/www.letourismeaparis.fr\/wp-content\/uploads\/2020\/03\/Capture-d\u2019e\u0301cran-2020-03-09-a\u0300-17.23.41.png 293w, http:\/\/www.letourismeaparis.fr\/wp-content\/uploads\/2020\/03\/Capture-d\u2019e\u0301cran-2020-03-09-a\u0300-17.23.41-214x300.png 214w, http:\/\/www.letourismeaparis.fr\/wp-content\/uploads\/2020\/03\/Capture-d\u2019e\u0301cran-2020-03-09-a\u0300-17.23.41-260x365.png 260w, http:\/\/www.letourismeaparis.fr\/wp-content\/uploads\/2020\/03\/Capture-d\u2019e\u0301cran-2020-03-09-a\u0300-17.23.41-160x224.png 160w\" sizes=\"auto, (max-width: 167px) 100vw, 167px\" \/><\/figure><\/div>\n\n\n\n<p>Jean Vendome, Bague 5th Avenue, or blanc et diamants, 1966 &#8211;\nPhoto Benjamin Chelly Jean Vendome, Pendentif-Broche Rosace, or jaune,diamants,\nfleur-tranche d\u2019am\u00e9thyste brute, am\u00e9thystes rondes et ovales &#8211; Photo Benjamin\nChelly<\/p>\n\n\n\n<hr class=\"wp-block-separator\"\/>\n\n\n\n<p>L\u2019\u00c9COLE DES ARTS JOAILLIERS<\/p>\n\n\n\n<p>31, rue Danielle Casanova, 75001 Paris<\/p>\n\n\n\n<p>Exposition du 13 mai au 18 juillet 2020<\/p>\n\n\n\n<p>Entr\u00e9e libre du lundi au samedi, de 12h \u00e0 19h<\/p>\n","protected":false},"excerpt":{"rendered":"<p>Jean Vendome, pionnier de la joaillerie cr\u00e9ative De son vrai nom Ohan Tuhdarian, Jean Vendome cr\u00e9e sa premi\u00e8re collection de bijoux en 1950. Il ne cesse d\u2019\u0153uvrer toute sa vie durant, jusqu\u2019\u00e0 son dernier souffle en 2017. Son talent prot\u00e9iforme&#8230;<\/p>\n","protected":false},"author":2,"featured_media":24009,"comment_status":"open","ping_status":"open","sticky":false,"template":"","format":"standard","meta":{"ngg_post_thumbnail":0,"jetpack_post_was_ever_published":false,"_jetpack_newsletter_access":"","footnotes":""},"categories":[1],"tags":[],"class_list":["post-24008","post","type-post","status-publish","format-standard","has-post-thumbnail","hentry","category-non-classe"],"jetpack_featured_media_url":"http:\/\/www.letourismeaparis.fr\/wp-content\/uploads\/2020\/03\/Capture-d\u2019e\u0301cran-2020-03-09-a\u0300-17.23.41.png","jetpack-related-posts":[{"id":24062,"url":"http:\/\/www.letourismeaparis.fr\/index.php\/2020\/10\/06\/jean-vendome-artiste-joaillier\/","url_meta":{"origin":24008,"position":0},"title":"\u00ab JEAN VENDOME, ARTISTE JOAILLIER \u00bb","author":"Fabienne TM","date":"6 octobre 2020","format":false,"excerpt":"Du 8 octobre au 18 d\u00e9cembre 2020, L\u2019\u00c9cole des Arts Joailliers mettra en lumi\u00e8re l\u2019univers de ce cr\u00e9ateur aventureux, qui en v\u00e9ritable artiste s\u2019est appliqu\u00e9 \u00e0 cr\u00e9er son monde. R\u00e9fractaire aux modes, il a cr\u00e9\u00e9 un style pr\u00e9curseur, tr\u00e8s personnel, celui d\u2019un bijou de caract\u00e8re, mais visuellement \u00e9quilibr\u00e9 car proportionn\u00e9\u2026","rel":"","context":"Dans &quot;Non class\u00e9&quot;","block_context":{"text":"Non class\u00e9","link":"http:\/\/www.letourismeaparis.fr\/index.php\/category\/non-classe\/"},"img":{"alt_text":"","src":"https:\/\/i0.wp.com\/www.letourismeaparis.fr\/wp-content\/uploads\/2020\/10\/Capture-d%E2%80%99e%CC%81cran-2020-10-06-a%CC%80-11.49.59.png?resize=350%2C200","width":350,"height":200,"srcset":"https:\/\/i0.wp.com\/www.letourismeaparis.fr\/wp-content\/uploads\/2020\/10\/Capture-d%E2%80%99e%CC%81cran-2020-10-06-a%CC%80-11.49.59.png?resize=350%2C200 1x, https:\/\/i0.wp.com\/www.letourismeaparis.fr\/wp-content\/uploads\/2020\/10\/Capture-d%E2%80%99e%CC%81cran-2020-10-06-a%CC%80-11.49.59.png?resize=525%2C300 1.5x"},"classes":[]},{"id":20715,"url":"http:\/\/www.letourismeaparis.fr\/index.php\/2018\/01\/18\/exposition-vendorama-boucheron-la-monnaie-de-paris\/","url_meta":{"origin":24008,"position":1},"title":"Exposition Vend\u00f4rama : Boucheron \u00e0 la Monnaie de Paris","author":"Fabienne TM","date":"18 janvier 2018","format":false,"excerpt":"\u00a0 Contemporain de toutes les \u00e9poques, Boucheron c\u00e9l\u00e8bre son anniversaire en offrant une nouvelle vision de l\u2019exposition de joaillerie. Bien plus qu\u2019une r\u00e9trospective classique, Vend\u00f4rama constitue en effet une exp\u00e9rience initiatique d\u2019un nouveau genre, qui s\u2019appr\u00e9hende comme une rencontre hors du temps avec la mati\u00e8re joailli\u00e8re. Une exposition d\u2019un nouveau\u2026","rel":"","context":"Dans &quot;Mus\u00e9es \/ Expositions&quot;","block_context":{"text":"Mus\u00e9es \/ Expositions","link":"http:\/\/www.letourismeaparis.fr\/index.php\/category\/culture\/musees-expositions\/"},"img":{"alt_text":"","src":"","width":0,"height":0},"classes":[]},{"id":385,"url":"http:\/\/www.letourismeaparis.fr\/index.php\/2008\/10\/10\/les-merveilles-de-la-place-vendome\/","url_meta":{"origin":24008,"position":2},"title":"Les merveilles de la Place Vend\u00f4me","author":"Fabienne TM","date":"10 octobre 2008","format":false,"excerpt":"Chaumet expose dans ses salons parisiens. \"le grand frisson, bijoux de sentiment de la Renaissance \u00e0 nos jours\" Entr\u00e9e libre jusqu'au 7 novembre du lundi au vendredi 12 , place Vend\u00f4me Paris -75001 www.chaumet.com www.letourismeaparis.fr","rel":"","context":"Dans &quot;Non class\u00e9&quot;","block_context":{"text":"Non class\u00e9","link":"http:\/\/www.letourismeaparis.fr\/index.php\/category\/non-classe\/"},"img":{"alt_text":"","src":"","width":0,"height":0},"classes":[]},{"id":24831,"url":"http:\/\/www.letourismeaparis.fr\/index.php\/2022\/10\/04\/le-merveilleux-joaillier-fred-au-palais-de-tokyo\/","url_meta":{"origin":24008,"position":3},"title":"Le merveilleux joaillier Fred au Palais de Tokyo","author":"Fabienne TM","date":"4 octobre 2022","format":false,"excerpt":"Cet Automne, la Maison FRED ouvre les portes de sa premi\u00e8re exposition r\u00e9trospective : \u201cFRED Joaillier cr\u00e9ateur depuis 1936\u201d. FRED vous invite \u00e0 plonger dans son univers solaire et sa joaillerie gorg\u00e9e de lumi\u00e8re et de joie de vivre, lors d\u2019un parcours immersif inspir\u00e9 par la vie et la personnalit\u00e9\u2026","rel":"","context":"Dans &quot;Culture&quot;","block_context":{"text":"Culture","link":"http:\/\/www.letourismeaparis.fr\/index.php\/category\/culture\/"},"img":{"alt_text":"","src":"https:\/\/i0.wp.com\/www.letourismeaparis.fr\/wp-content\/uploads\/2022\/10\/Capture-d%E2%80%99e%CC%81cran-2022-10-04-a%CC%80-17.24.32.png?resize=350%2C200","width":350,"height":200,"srcset":"https:\/\/i0.wp.com\/www.letourismeaparis.fr\/wp-content\/uploads\/2022\/10\/Capture-d%E2%80%99e%CC%81cran-2022-10-04-a%CC%80-17.24.32.png?resize=350%2C200 1x, https:\/\/i0.wp.com\/www.letourismeaparis.fr\/wp-content\/uploads\/2022\/10\/Capture-d%E2%80%99e%CC%81cran-2022-10-04-a%CC%80-17.24.32.png?resize=525%2C300 1.5x, https:\/\/i0.wp.com\/www.letourismeaparis.fr\/wp-content\/uploads\/2022\/10\/Capture-d%E2%80%99e%CC%81cran-2022-10-04-a%CC%80-17.24.32.png?resize=700%2C400 2x"},"classes":[]},{"id":18825,"url":"http:\/\/www.letourismeaparis.fr\/index.php\/2016\/10\/23\/la-fiac-a-paris\/","url_meta":{"origin":24008,"position":4},"title":"LA FIAC \u00e0 Paris","author":"Fabienne TM","date":"23 octobre 2016","format":false,"excerpt":"La Foire Internationale d'Art Contemporain, \u00a0regroupe les galeries d'art moderne et contemporaine. Tous les m\u00e9diums sont repr\u00e9sent\u00e9s\u00a0: peinture, sculpture, photographie, installations, vid\u00e9os, performances, arts num\u00e9riques. En 2016, la FIAC rassemble 186 galeries, venues de 27 pays.\u00a0 En 2016, la FIAC ouvre ses portes du jeudi 20 au dimanche 23 octobre.\u2026","rel":"","context":"Dans &quot;Mus\u00e9es \/ Expositions&quot;","block_context":{"text":"Mus\u00e9es \/ Expositions","link":"http:\/\/www.letourismeaparis.fr\/index.php\/category\/culture\/musees-expositions\/"},"img":{"alt_text":"","src":"","width":0,"height":0},"classes":[]},{"id":8975,"url":"http:\/\/www.letourismeaparis.fr\/index.php\/2010\/11\/27\/les-sapins-de-noel-des-createurs-2010\/","url_meta":{"origin":24008,"position":5},"title":"Les Sapins de No\u00ebl des Cr\u00e9ateurs 2010","author":"Fabienne TM","date":"27 novembre 2010","format":false,"excerpt":"Les Sapins de No\u00ebl des Cr\u00e9ateurs 2010 7, place Vend\u00f4me, Paris 1er cr\u00e9\u00e9e \u00e0 l\u2019initiative de Marie- Christiane Marek. Chaque ann\u00e9e, les grands noms de la mode, du design et de l\u2019architecture (Zaha Hadid, Norman Foster, Olivia Putman, Ora Ito, Jean-Paul Gaultier, Chanel, Herm\u00e8s, Christian Dior, Gucci, Sonia Rykiel, Louis\u2026","rel":"","context":"Dans &quot;Non class\u00e9&quot;","block_context":{"text":"Non class\u00e9","link":"http:\/\/www.letourismeaparis.fr\/index.php\/category\/non-classe\/"},"img":{"alt_text":"","src":"","width":0,"height":0},"classes":[]}],"jetpack_sharing_enabled":true,"jetpack_likes_enabled":true,"_links":{"self":[{"href":"http:\/\/www.letourismeaparis.fr\/index.php\/wp-json\/wp\/v2\/posts\/24008","targetHints":{"allow":["GET"]}}],"collection":[{"href":"http:\/\/www.letourismeaparis.fr\/index.php\/wp-json\/wp\/v2\/posts"}],"about":[{"href":"http:\/\/www.letourismeaparis.fr\/index.php\/wp-json\/wp\/v2\/types\/post"}],"author":[{"embeddable":true,"href":"http:\/\/www.letourismeaparis.fr\/index.php\/wp-json\/wp\/v2\/users\/2"}],"replies":[{"embeddable":true,"href":"http:\/\/www.letourismeaparis.fr\/index.php\/wp-json\/wp\/v2\/comments?post=24008"}],"version-history":[{"count":1,"href":"http:\/\/www.letourismeaparis.fr\/index.php\/wp-json\/wp\/v2\/posts\/24008\/revisions"}],"predecessor-version":[{"id":24010,"href":"http:\/\/www.letourismeaparis.fr\/index.php\/wp-json\/wp\/v2\/posts\/24008\/revisions\/24010"}],"wp:featuredmedia":[{"embeddable":true,"href":"http:\/\/www.letourismeaparis.fr\/index.php\/wp-json\/wp\/v2\/media\/24009"}],"wp:attachment":[{"href":"http:\/\/www.letourismeaparis.fr\/index.php\/wp-json\/wp\/v2\/media?parent=24008"}],"wp:term":[{"taxonomy":"category","embeddable":true,"href":"http:\/\/www.letourismeaparis.fr\/index.php\/wp-json\/wp\/v2\/categories?post=24008"},{"taxonomy":"post_tag","embeddable":true,"href":"http:\/\/www.letourismeaparis.fr\/index.php\/wp-json\/wp\/v2\/tags?post=24008"}],"curies":[{"name":"wp","href":"https:\/\/api.w.org\/{rel}","templated":true}]}}