{"id":24012,"date":"2020-03-09T17:52:35","date_gmt":"2020-03-09T16:52:35","guid":{"rendered":"http:\/\/www.letourismeaparis.fr\/?p=24012"},"modified":"2020-03-09T17:52:35","modified_gmt":"2020-03-09T16:52:35","slug":"courants-verts-creer-pour-lenvironnement","status":"publish","type":"post","link":"http:\/\/www.letourismeaparis.fr\/index.php\/2020\/03\/09\/courants-verts-creer-pour-lenvironnement\/","title":{"rendered":"Courants verts. Cr\u00e9er pour l\u2019environnement."},"content":{"rendered":"\n<p><\/p>\n\n\n\n<p>Du 18 mars au 19 juillet la Fondation groupe EDF pr\u00e9sente Courants verts, Cr\u00e9er pour l\u2019environnement. Pour la premi\u00e8re fois en France, une exposition d\u2019envergure qui r\u00e9unit des artistes internationaux engag\u00e9s dans le combat \u00e9cologique.<\/p>\n\n\n\n<div class=\"wp-block-image\"><figure class=\"aligncenter is-resized\"><img loading=\"lazy\" decoding=\"async\" src=\"http:\/\/www.letourismeaparis.fr\/wp-content\/uploads\/2020\/03\/Capture-d\u2019e\u0301cran-2020-03-09-a\u0300-17.47.27.png\" alt=\"\" class=\"wp-image-24013\" width=\"210\" height=\"314\" srcset=\"http:\/\/www.letourismeaparis.fr\/wp-content\/uploads\/2020\/03\/Capture-d\u2019e\u0301cran-2020-03-09-a\u0300-17.47.27.png 393w, http:\/\/www.letourismeaparis.fr\/wp-content\/uploads\/2020\/03\/Capture-d\u2019e\u0301cran-2020-03-09-a\u0300-17.47.27-201x300.png 201w, http:\/\/www.letourismeaparis.fr\/wp-content\/uploads\/2020\/03\/Capture-d\u2019e\u0301cran-2020-03-09-a\u0300-17.47.27-260x388.png 260w, http:\/\/www.letourismeaparis.fr\/wp-content\/uploads\/2020\/03\/Capture-d\u2019e\u0301cran-2020-03-09-a\u0300-17.47.27-160x239.png 160w\" sizes=\"auto, (max-width: 210px) 100vw, 210px\" \/><\/figure><\/div>\n\n\n\n<hr class=\"wp-block-separator\"\/>\n\n\n\n<p>Joseph Beuys, Barbara et Michael Leisgen, Lucy et Jorge Orta, Sarah Trouche, Nicole Dextras, J\u00e9remy Gob\u00e9, Nathan Grimes&#8230; tous sont r\u00e9solument engag\u00e9s \u00e0 travers leurs installations, photographies, vid\u00e9os ou dessins \u00e0 affronter les d\u00e9fis que pose l\u2019Anthropoc\u00e8ne : ce moment o\u00f9 les activit\u00e9s humaines perturbent en profondeur les processus naturels, impose \u00e0 l\u2019humanit\u00e9 de nouveaux comportements, un rapport \u00e0 l\u2019environnement, une culture et des mentalit\u00e9s \u00e0 refondre.<\/p>\n\n\n\n<hr class=\"wp-block-separator\"\/>\n\n\n\n<p>Sans pessimisme, Courants verts, Cr\u00e9er pour l\u2019environnement souligne avec les\u0153uvres pr\u00e9sent\u00e9es le processus d\u2019adaptation que traverse aujourd\u2019hui l\u2019humanit\u00e9. L\u2019exposition rappelle que l\u2019art joue son r\u00f4le dans cette mutation essentielle caract\u00e9ristique de l\u2019actuelle transition climatique en agissant sur les imaginaires et en proposant de nouveaux r\u00e9cits.<\/p>\n\n\n\n<p>Avertir, Agir et R\u00eaver sont les trois axes qui composent le\nparcours de l\u2019exposition<\/p>\n\n\n\n<p>Fondation EDF, l\u2019exposition est accompagn\u00e9e d\u2019un large volet p\u00e9dagogique invitant les visiteurs \u00e0 poursuivre la r\u00e9flexion engag\u00e9e \u00e0 travers des masterclasses, des conf\u00e9rences et des ateliers.<\/p>\n\n\n\n<p>Fondation Groupe EDF 6, rue R\u00e9camier &#8211; 75007 Paris<\/p>\n\n\n\n<p>M\u00b0 S\u00e8vres-Babylone<\/p>\n\n\n\n<p>Entr\u00e9e libre du mardi au dimanche<\/p>\n\n\n\n<p>12h-19h (sauf jours f\u00e9ri\u00e9s)<\/p>\n","protected":false},"excerpt":{"rendered":"<p>Du 18 mars au 19 juillet la Fondation groupe EDF pr\u00e9sente Courants verts, Cr\u00e9er pour l\u2019environnement. Pour la premi\u00e8re fois en France, une exposition d\u2019envergure qui r\u00e9unit des artistes internationaux engag\u00e9s dans le combat \u00e9cologique. Joseph Beuys, Barbara et Michael&#8230;<\/p>\n","protected":false},"author":2,"featured_media":24013,"comment_status":"open","ping_status":"open","sticky":false,"template":"","format":"standard","meta":{"ngg_post_thumbnail":0,"jetpack_post_was_ever_published":false,"_jetpack_newsletter_access":"","footnotes":""},"categories":[1],"tags":[],"class_list":["post-24012","post","type-post","status-publish","format-standard","has-post-thumbnail","hentry","category-non-classe"],"jetpack_featured_media_url":"http:\/\/www.letourismeaparis.fr\/wp-content\/uploads\/2020\/03\/Capture-d\u2019e\u0301cran-2020-03-09-a\u0300-17.47.27.png","jetpack-related-posts":[{"id":24093,"url":"http:\/\/www.letourismeaparis.fr\/index.php\/2020\/10\/18\/jimmy-nelson-the-last-sentinels-a-latelier-des-lumieres\/","url_meta":{"origin":24012,"position":0},"title":"JIMMY NELSON &#8211; THE LAST SENTINELS \u00e0 l&rsquo;atelier des lumi\u00e8res","author":"Fabienne TM","date":"18 octobre 2020","format":false,"excerpt":"du 16 octobre au 15 novembre 2020 Afin de respecter les nouvelles mesures gouvernementales, l\u2019Atelier des Lumi\u00e8res ouvrira ses portes en soir\u00e9e lors des vacances de la Toussaint de 18h30 \u00e0 20h15. https:\/\/www.culturespaces.com\/sites\/ceportail\/files\/jimmy_nelson_teaser_30sec_masterweb_french.mp4 l\u2019Atelier des Lumi\u00e8res ouvre exceptionnellement ses portes en soir\u00e9e lors des vacances de la Toussaint pour pr\u00e9senter\u2026","rel":"","context":"Dans &quot;Non class\u00e9&quot;","block_context":{"text":"Non class\u00e9","link":"http:\/\/www.letourismeaparis.fr\/index.php\/category\/non-classe\/"},"img":{"alt_text":"","src":"https:\/\/i0.wp.com\/www.letourismeaparis.fr\/wp-content\/uploads\/2020\/10\/Capture-d%E2%80%99e%CC%81cran-2020-10-16-a%CC%80-18.21.55.png?resize=350%2C200","width":350,"height":200},"classes":[]},{"id":25950,"url":"http:\/\/www.letourismeaparis.fr\/index.php\/2024\/12\/06\/une-patinoire-gratuite-avenue-de-breteuil\/","url_meta":{"origin":24012,"position":1},"title":"Une patinoire gratuite , Avenue de Breteuil","author":"Fabienne TM","date":"6 d\u00e9cembre 2024","format":false,"excerpt":"Du 7 au 29 d\u00e9cembre 2024 La Mairie du 7e installe une patinoire \u00e9cologique pour un No\u00ebl durable. \u26f8\ufe0fUne exp\u00e9rience pour toute la famille. La patinoire sera ouverte tous les jours de 11h \u00e0 18h, hors le 25 d\u00e9cembre. Des sessions pour les d\u00e9butants et des cr\u00e9neaux pour les enfants\u2026","rel":"","context":"Dans &quot;Bons Plans&quot;","block_context":{"text":"Bons Plans","link":"http:\/\/www.letourismeaparis.fr\/index.php\/category\/bon-plan\/"},"img":{"alt_text":"","src":"https:\/\/i0.wp.com\/www.letourismeaparis.fr\/wp-content\/uploads\/2024\/12\/Capture-decran-2024-12-06-a-17.49.48.png?resize=350%2C200","width":350,"height":200},"classes":[]},{"id":19068,"url":"http:\/\/www.letourismeaparis.fr\/index.php\/2016\/11\/26\/le-nouveau-cross-du-figaro-sengage-pour-soutenir-le-telethon-courez-a-la-carte-les-26-et-27-novembre\/","url_meta":{"origin":24012,"position":2},"title":"Le Nouveau Cross du Figaro s\u2019engage pour soutenir le T\u00e9l\u00e9thon.   Courez \u00e0 la carte les 26 et 27 novembre","author":"Fabienne TM","date":"26 novembre 2016","format":false,"excerpt":"\u00a0 \u00a0 Le Nouveau Cross du Figaro est fier d\u2019\u00eatre\u00a0l\u2019\u00e9v\u00e9nement inaugural du T\u00e9l\u00e9thon 2016. Gr\u00e2ce \u00e0 l\u2019\u00e9nergie de tous les runners, le Nouveau Cross du Figaro donnera le d\u00e9part de cette semaine de mobilisation populaire exceptionnelle \u00e0 travers plus de 20 000 animations. Les b\u00e9n\u00e9fices de la vente des t-shirts\u2026","rel":"","context":"Dans &quot;Oeuvres-Caritatives&quot;","block_context":{"text":"Oeuvres-Caritatives","link":"http:\/\/www.letourismeaparis.fr\/index.php\/category\/bonnes-oeuvres\/"},"img":{"alt_text":"","src":"","width":0,"height":0},"classes":[]},{"id":16262,"url":"http:\/\/www.letourismeaparis.fr\/index.php\/2015\/02\/05\/les-plantes-vous-parlent\/","url_meta":{"origin":24012,"position":3},"title":"Les Plantes se  parlent&#8230;., jeudi 12 f\u00e9vrier, conf\u00e9rence \u00e0 la SNHF","author":"Fabienne TM","date":"5 f\u00e9vrier 2015","format":false,"excerpt":"\u00a0\u00e0 partir de 8h30\u00a0 La communication chez les plantes (conf\u00e9rence introductive) : les m\u00e9canismes de communication\u2026\u00a0Les plantes en interaction directe avec leur environnement\u2026 \u00a0Discussion ,\u00a0Les interactions entre les plantes et les plantes parasites...La symbiose mycorhizienne,La communication dans le monde v\u00e9g\u00e9tal a longtemps \u00e9t\u00e9 tenue pour marginale voire inexistante quand elle\u2026","rel":"","context":"Dans &quot;Jardins \/ Plein air&quot;","block_context":{"text":"Jardins \/ Plein air","link":"http:\/\/www.letourismeaparis.fr\/index.php\/category\/jardins\/"},"img":{"alt_text":"","src":"","width":0,"height":0},"classes":[]},{"id":16914,"url":"http:\/\/www.letourismeaparis.fr\/index.php\/2015\/07\/06\/le-street-art-prend-ses-quartiers-dans-un-immeuble-de-bureaux-a-puteaux\/","url_meta":{"origin":24012,"position":4},"title":"LE STREET ART PREND SES QUARTIERS  DANS UN IMMEUBLE DE BUREAUX A PUTEAUX","author":"Fabienne TM","date":"6 juillet 2015","format":false,"excerpt":"POPAY, BRUSK, GRIS 1, RETRO, ARNAUD LIARD...UNE QUINZAINE DE STREET ARTISTES CR\u00c9E UNE FRESQUE MURALE DE 3 000 M2CHEZ HAVAS PARIS\u00a0 \u00a0 Apr\u00e8s avoir tenu secret un chantier initi\u00e9 en janvier, l\u2019agence de publicit\u00e9 et de communication Havas Paris d\u00e9voile l\u2019oeuvre murale Stairway to Paris. R\u00e9alis\u00e9e par une quinzaine de\u2026","rel":"","context":"Dans &quot;Non class\u00e9&quot;","block_context":{"text":"Non class\u00e9","link":"http:\/\/www.letourismeaparis.fr\/index.php\/category\/non-classe\/"},"img":{"alt_text":"","src":"","width":0,"height":0},"classes":[]},{"id":23703,"url":"http:\/\/www.letourismeaparis.fr\/index.php\/2019\/10\/03\/jardins-ouverts-les-5-et-6-octobre-en-ile-de-france\/","url_meta":{"origin":24012,"position":5},"title":"Jardins ouverts les 5 et 6 octobre en \u00cele de France","author":"Fabienne TM","date":"3 octobre 2019","format":false,"excerpt":"un \u00e9v\u00e9nement qui se tiendra dans toute l\u2019\u00cele-de-France ce week-end, le samedi 5 et le dimanche 6 octobre, et qui mettra en valeur potagers, fermes urbaines et autres espaces de verdures et de cultures citadins cr\u00e9\u00e9s ces derni\u00e8res ann\u00e9es partout dans la r\u00e9gion francilienne et en particulier \u00e0 Paris. L\u2019objectif\u2026","rel":"","context":"Dans &quot;Non class\u00e9&quot;","block_context":{"text":"Non class\u00e9","link":"http:\/\/www.letourismeaparis.fr\/index.php\/category\/non-classe\/"},"img":{"alt_text":"","src":"https:\/\/i0.wp.com\/www.letourismeaparis.fr\/wp-content\/uploads\/2019\/10\/Capture-d%E2%80%99e%CC%81cran-2019-10-03-a%CC%80-15.28.02.png?resize=350%2C200","width":350,"height":200,"srcset":"https:\/\/i0.wp.com\/www.letourismeaparis.fr\/wp-content\/uploads\/2019\/10\/Capture-d%E2%80%99e%CC%81cran-2019-10-03-a%CC%80-15.28.02.png?resize=350%2C200 1x, https:\/\/i0.wp.com\/www.letourismeaparis.fr\/wp-content\/uploads\/2019\/10\/Capture-d%E2%80%99e%CC%81cran-2019-10-03-a%CC%80-15.28.02.png?resize=525%2C300 1.5x"},"classes":[]}],"jetpack_sharing_enabled":true,"jetpack_likes_enabled":true,"_links":{"self":[{"href":"http:\/\/www.letourismeaparis.fr\/index.php\/wp-json\/wp\/v2\/posts\/24012","targetHints":{"allow":["GET"]}}],"collection":[{"href":"http:\/\/www.letourismeaparis.fr\/index.php\/wp-json\/wp\/v2\/posts"}],"about":[{"href":"http:\/\/www.letourismeaparis.fr\/index.php\/wp-json\/wp\/v2\/types\/post"}],"author":[{"embeddable":true,"href":"http:\/\/www.letourismeaparis.fr\/index.php\/wp-json\/wp\/v2\/users\/2"}],"replies":[{"embeddable":true,"href":"http:\/\/www.letourismeaparis.fr\/index.php\/wp-json\/wp\/v2\/comments?post=24012"}],"version-history":[{"count":1,"href":"http:\/\/www.letourismeaparis.fr\/index.php\/wp-json\/wp\/v2\/posts\/24012\/revisions"}],"predecessor-version":[{"id":24014,"href":"http:\/\/www.letourismeaparis.fr\/index.php\/wp-json\/wp\/v2\/posts\/24012\/revisions\/24014"}],"wp:featuredmedia":[{"embeddable":true,"href":"http:\/\/www.letourismeaparis.fr\/index.php\/wp-json\/wp\/v2\/media\/24013"}],"wp:attachment":[{"href":"http:\/\/www.letourismeaparis.fr\/index.php\/wp-json\/wp\/v2\/media?parent=24012"}],"wp:term":[{"taxonomy":"category","embeddable":true,"href":"http:\/\/www.letourismeaparis.fr\/index.php\/wp-json\/wp\/v2\/categories?post=24012"},{"taxonomy":"post_tag","embeddable":true,"href":"http:\/\/www.letourismeaparis.fr\/index.php\/wp-json\/wp\/v2\/tags?post=24012"}],"curies":[{"name":"wp","href":"https:\/\/api.w.org\/{rel}","templated":true}]}}