{"id":24331,"date":"2021-07-05T15:47:56","date_gmt":"2021-07-05T13:47:56","guid":{"rendered":"http:\/\/www.letourismeaparis.fr\/?p=24331"},"modified":"2021-07-05T15:49:35","modified_gmt":"2021-07-05T13:49:35","slug":"la-traversee-de-paris-dimanche-25-juillet-en-voitures-de-collection","status":"publish","type":"post","link":"http:\/\/www.letourismeaparis.fr\/index.php\/2021\/07\/05\/la-traversee-de-paris-dimanche-25-juillet-en-voitures-de-collection\/","title":{"rendered":"La travers\u00e9e de Paris dimanche 25 juillet en voitures de collection"},"content":{"rendered":"\n<p><strong>Un patrimoine roulant bien vivant<\/strong><\/p>\n\n\n\n<p>Color\u00e9es,\ndiverses, joyeuses, patrimoniales, ainsi peut-on qualifier les Travers\u00e9es de\nParis en v\u00e9hicules d\u2019\u00e9poque.<\/p>\n\n\n\n<p>Organis\u00e9e\npar Vincennes en Anciennes, la Travers\u00e9e qui s\u2019annonce sera, une fois de plus,\nriche avec ses <strong>700 v\u00e9hicules de plus de\ntrente ans<\/strong> (autos, motos, v\u00e9los, tracteurs, utilitaires l\u00e9gers et bus) de\ntoutes les marques et de tous pays.&nbsp;<\/p>\n\n\n\n<hr class=\"wp-block-separator\"\/>\n\n\n\n<p>Les\n\u00e9quipages seront tout de blanc v\u00eatu. Pour ceux qui n\u2019ont pas d\u2019anciennes, la\nTravers\u00e9e pourra se faire \u00e0 bord des bus des ann\u00e9es 30 (sur r\u00e9servation), les\nvoitures seront \u00e9galement visibles au d\u00e9part de Vincennes, \u00e0 l\u2019arriv\u00e9e \u00e0 Meudon\nou sur le parcours.<\/p>\n\n\n\n<p><strong>Les places de Paris<\/strong> constitueront le th\u00e8me de ce gigantesque rassemblement. Grandes\nou plus confidentielles, toutes ces places ont une histoire, parfois des\nparticularit\u00e9s et pour certaines, une renomm\u00e9e qui d\u00e9passe nos fronti\u00e8res.\nCertaines \u00e9voquent un grand personnage, un lieu, cachent une symbolique. Saviez-vous\nqu\u2019il en existe pr\u00e8s de 500 dans la capitale, que la place de la Concorde est\nle plus grand cadran solaire au monde&nbsp;? (la Travers\u00e9e n\u2019y passera pas). Pour\ncet \u00e9v\u00e9nement, pas question de les parcourir toutes. <strong>39 seulement ont \u00e9t\u00e9 s\u00e9lectionn\u00e9es<\/strong> (\u00e0 travers 11 arrondissements).\n39, oui, mais lesquelles&nbsp;? Le myst\u00e8re restera entier jusqu\u2019au d\u00e9part des\nvoitures car, comme \u00e0 l\u2019accoutum\u00e9e, le parcours sera tenu secret jusqu\u2019au dimanche\nmatin. Allez, voici quelques pistes dans le d\u00e9sordre&nbsp;:<\/p>\n\n\n\n<p>&#8211; elle a\nmauvaise mine dans la chanson de Dutronc, <\/p>\n\n\n\n<p><em>&#8211; le Triomphe de la<\/em> <em>R\u00e9publique <\/em>tr\u00f4ne en\nson centre, elle a port\u00e9 deux noms diff\u00e9rents avant d\u2019avoir sa d\u00e9nomination\nactuelle.<\/p>\n\n\n\n<p>&#8211; les\nnoctambules y ont leur kiosque.<\/p>\n\n\n\n<p><strong>\u00c0 Meudon, la f\u00eate continue<\/strong><\/p>\n\n\n\n<p>\u00c0\npartir de 11h30, la Terrasse de l\u2019Observatoire de Meudon, constituera le point\nd\u2019orgue de la Travers\u00e9e et accueillera le traditionnel pique-nique au milieu\ndes v\u00e9hicules anciens. Ce sera l\u2019occasion d\u2019en apprendre davantage sur\nl\u2019histoire de ces mod\u00e8les et de faire de jolies photos. Tout le monde pourra participer (sans\nsa voiture et en apportant son pique-nique). Un orchestre donnera une tonalit\u00e9\nmusicale \u00e0 cette manifestation interg\u00e9n\u00e9rationnelle.<\/p>\n\n\n\n<p>Un village d\u2019exposants\nmajoritairement compos\u00e9 de professionnels sp\u00e9cialis\u00e9s dans les v\u00e9hicules\nd&rsquo;\u00e9poque proposera de nombreux services et des partenaires disposeront\nd\u2019emplacements sp\u00e9cifiques pour des <strong>expositions\nin\u00e9dites<\/strong>&nbsp;: &nbsp;<\/p>\n\n\n\n<p><strong>L&rsquo;Aventure Peugeot Citro\u00ebn DS<\/strong> pr\u00e9serve, d\u00e9veloppe et\nfait rayonner le patrimoine des marques Peugeot, Citro\u00ebn et DS automobiles, en\nFrance et dans le monde. L\u2019association sera pr\u00e9sente avec plusieurs v\u00e9hicules,\ndont certains sortiront des r\u00e9serves pour l&rsquo;\u00e9v\u00e9nement. <\/p>\n\n\n\n<p>Ainsi, on pourra admirer&nbsp;: un Type H, une Citro\u00ebn C4\n(1932), une&nbsp;Citro\u00ebn Ami 6 (1967),&nbsp;une Peugeot 504 cabriolet (1969), une\nVisa d\u00e9couvrable (1984). La Citro\u00ebn ZX et la Peugeot 106 f\u00eateront leurs 30 ans,\nla Simca Aronde, quant \u00e0 elle, ses 70 printemps&nbsp;!<\/p>\n\n\n\n<p>Le <strong>Salon R\u00e9tromobile,<\/strong>\npriv\u00e9 de rendez-vous&nbsp;avec le public en 2021 en raison de la pand\u00e9mie,\npr\u00e9sentera quelques p\u00e9pites ayant travers\u00e9 les \u00e9poques&nbsp;: une Ford A (1930),\nce petit roadster avec un gros moteur est&nbsp;tr\u00e8s appr\u00e9ci\u00e9 dans le monde de\nla voiture de collection, une Pontiac (1942) qui a fait, en 2000, le tour du\nmonde en 80 jours et, en 2010, le P\u00e9kin \u2013 Paris, une Triumph TR3 (1953), une Traction\n11 CV (1957), une Corvette (1966) qui incarne le r\u00eave am\u00e9ricain avec ses 300 cv\nsous le capot, une Mini Moke<em> <\/em>(1966)<em>, <\/em>ce projet\nmilitaire sans suite a donn\u00e9 naissance \u00e0 l&rsquo;une des plus formidables voitures de\nloisirs, une Autobianchi Eden Rock (1969), un taxi l\u00e9gendaire, le London Cab\n(1970), un Toyota Land Cruiser (1989) qui, malgr\u00e9 ses allures de camion, fait\nr\u00eaver ceux qui sont en qu\u00eate d\u2019aventure, et deux motos&nbsp;: un side-car BMW\n(1963), une Peugeot 350 cm<sup>3<\/sup> (1932) en \u00e9tat d&rsquo;origine.&nbsp;<\/p>\n\n\n\n<p>L\u2019<strong>UNIVEM <\/strong>veille \u00e0 la pr\u00e9servation du\npatrimoine historique constitu\u00e9 par les v\u00e9hicules militaires des derniers\nconflits et installera un camp militaire US sur le th\u00e8me&nbsp;: <strong>Les motos sous l\u2019uniforme.<\/strong>&nbsp; <\/p>\n\n\n\n<p>Parmi les v\u00e9hicules\nlourds&nbsp;: DUKW, Half Track, GMC, Dodge et Jeep, on pourra admirer la Harley\nDavidson WLA fabriqu\u00e9e selon les sp\u00e9cifications de l\u2019arm\u00e9e am\u00e9ricaine en 1940\net produite \u00e0 90&nbsp;000 exemplaires durant la guerre. Parachutable, l\u00e9ger et\nfonctionnel, un \u00e9tonnant Welbike, cette motocyclette britannique a \u00e9t\u00e9 imagin\u00e9e\npour accompagner les unit\u00e9s intervenant en territoire ennemi.. Le Cushman M 53 est\nun scooter mis au point aux Etats-Unis \u00e0 partir de 1937. Avec la Seconde Guerre\nMondiale, toute la production alla \u00e0 l\u2019effort de guerre. Ce scooter fut produit\nen une ann\u00e9e, en 1944 \u00e0 4 374 exemplaires. Un Indian 741 Military sera\n\u00e9galement expos\u00e9.<\/p>\n\n\n\n<p><strong>Informations pratiques&nbsp;\n<\/strong><\/p>\n\n\n\n<p>D\u00e9part des voitures et motos \u00e0\npartir de 8h15 parvis sud du Ch\u00e2teau de Vincennes &#8211; Arriv\u00e9e&nbsp;: \u00e0 partir de 11h30\nsur la Terrasse de l\u2019Observatoire de Meudon.<\/p>\n\n\n\n<p><strong>Exposition des\nvoitures \u00e0 Meudon <\/strong>jusqu\u2019\u00e0 15\/16h. <\/p>\n\n\n\n<p><strong>Site internet&nbsp;<\/strong>: <\/p>\n\n\n\n<p><a href=\"http:\/\/www.vincennesenanciennes.com\">www.vincennesenanciennes.com<\/a><\/p>\n\n\n\n<p><strong>Renseignements\npratiques <\/strong>sur le site internet. <\/p>\n\n\n\n<p><strong>Inscription des\nv\u00e9hicules de plus de 30 ans et pour la travers\u00e9e dans les bus anciens&nbsp;: <\/strong><\/p>\n\n\n\n<figure class=\"wp-block-embed\"><div class=\"wp-block-embed__wrapper\">\nhttps:\/\/www.weezevent.com\/14e-traversee-de-paris-estivale-des-vehicules-d-epoque\n<\/div><\/figure>\n\n\n\n<p>D\u00e9part des bus \u00e0 8h15 <\/p>\n\n\n\n<p>D\u00e9part des bus de Meudon \u00e0 16h.<\/p>\n\n\n\n<p>Prix&nbsp;: 10 \u20ac\/personne (dans la limite des places\ndisponibles).<\/p>\n\n\n\n<p>Port du masque et\nrespect des gestes barri\u00e8res.<\/p>\n","protected":false},"excerpt":{"rendered":"<p>Un patrimoine roulant bien vivant Color\u00e9es, diverses, joyeuses, patrimoniales, ainsi peut-on qualifier les Travers\u00e9es de Paris en v\u00e9hicules d\u2019\u00e9poque. Organis\u00e9e par Vincennes en Anciennes, la Travers\u00e9e qui s\u2019annonce sera, une fois de plus, riche avec ses 700 v\u00e9hicules de plus&#8230;<\/p>\n","protected":false},"author":2,"featured_media":24332,"comment_status":"open","ping_status":"open","sticky":false,"template":"","format":"standard","meta":{"ngg_post_thumbnail":0,"jetpack_post_was_ever_published":false,"_jetpack_newsletter_access":"","footnotes":""},"categories":[7,48,367],"tags":[366],"class_list":["post-24331","post","type-post","status-publish","format-standard","has-post-thumbnail","hentry","category-automobiles","category-sport","category-voitures","tag-voitures"],"jetpack_featured_media_url":"http:\/\/www.letourismeaparis.fr\/wp-content\/uploads\/2021\/07\/que\u0301my.jpeg","jetpack-related-posts":[{"id":12425,"url":"http:\/\/www.letourismeaparis.fr\/index.php\/2012\/12\/27\/la-13e-traversee-de-paris-organisee-par-vincennes-en-anciennes-se-deroulera-le-dimanche-6-janvier-2013\/","url_meta":{"origin":24331,"position":0},"title":"La 13e Travers\u00e9e de Paris organis\u00e9e par &quot;Vincennes en Anciennes&quot; se d\u00e9roulera le dimanche 6 janvier 2013","author":"Fabienne TM","date":"27 d\u00e9cembre 2012","format":false,"excerpt":"La 13e Travers\u00e9e de Paris organis\u00e9e par \"Vincennes en Anciennes\" se d\u00e9roulera le dimanche 6 janvier 2013 au d\u00e9part de l'esplanade du Ch\u00e2teau de Vincennes. 600 v\u00e9hicules y participeront. Rien ne sert de courir, il faut partir \u00e0 point ! C\u2019est ce que feront plus de 600 v\u00e9hicules (voitures, motos,\u2026","rel":"","context":"Dans &quot;Non class\u00e9&quot;","block_context":{"text":"Non class\u00e9","link":"http:\/\/www.letourismeaparis.fr\/index.php\/category\/non-classe\/"},"img":{"alt_text":"","src":"https:\/\/i0.wp.com\/www.letourismeaparis.fr\/wp-content\/uploads\/2012\/12\/Affiche_TdP_-205x300.jpg?resize=350%2C200","width":350,"height":200},"classes":[]},{"id":16128,"url":"http:\/\/www.letourismeaparis.fr\/index.php\/2015\/01\/05\/la-traversee-de-parisen-voitures-anciennes-dimanche-11-janvier\/","url_meta":{"origin":24331,"position":1},"title":"La travers\u00e9e de Paris,en voitures anciennes dimanche 11 janvier","author":"Fabienne TM","date":"5 janvier 2015","format":false,"excerpt":"Paris, capitale mondiale du v\u00e9hicule\u00a0d\u2019\u00e9poque pendant une matin\u00e9e\u00a0\u00ab Vincennes en Anciennes \u00bb s\u2019appr\u00eate \u00e0 commencer l\u2019ann\u00e9e\u00a02015 en organisant le plus important rassemblement\u00a0d\u2019anciennes du mois de janvier. Ils seront plus de 800, venus d\u2019Ile de\u00a0France, de province et des pays limitrophes, pour\u00a0cette 15e \u00e9dition.Voitures, motos, bus, tracteurs, utilitaires l\u00e9gers, v\u00e9los\u00a0seront au\u2026","rel":"","context":"Dans &quot;Non class\u00e9&quot;","block_context":{"text":"Non class\u00e9","link":"http:\/\/www.letourismeaparis.fr\/index.php\/category\/non-classe\/"},"img":{"alt_text":"","src":"https:\/\/i0.wp.com\/www.letourismeaparis.fr\/wp-content\/uploads\/2015\/01\/affiche15-203x300.jpg?resize=350%2C200","width":350,"height":200},"classes":[]},{"id":20136,"url":"http:\/\/www.letourismeaparis.fr\/index.php\/2017\/07\/24\/10e-traversee-de-paris-cheveux-au-vent\/","url_meta":{"origin":24331,"position":2},"title":"10e Travers\u00e9e de Paris, cheveux au vent !","author":"Fabienne TM","date":"24 juillet 2017","format":false,"excerpt":"Dimanche 30 juillet 2017, \u00a0 10e Travers\u00e9e de Paris, cheveux au vent\u00a0! Pour ce grand rendez-vous estival des passionn\u00e9s de belles m\u00e9caniques, \u00ab\u00a0Vincennes en Anciennes\u00a0\u00bb a choisi le th\u00e8me des coup\u00e9s, des cabriolets et des motos\u00a0; Fenouil, c\u00e9l\u00e8bre pilote, parrainera cette \u00e9dition. Plus de 700 \u00e9quipages partiront \u00e0 l\u2019assaut de\u2026","rel":"","context":"Dans &quot;Automobiles&quot;","block_context":{"text":"Automobiles","link":"http:\/\/www.letourismeaparis.fr\/index.php\/category\/culture\/musees-expositions\/automobiles\/"},"img":{"alt_text":"","src":"","width":0,"height":0},"classes":[]},{"id":18481,"url":"http:\/\/www.letourismeaparis.fr\/index.php\/2016\/07\/29\/vincennes-en-anciennes-organise-sa-9e-traversee-de-paris-estivale-avec-des-voitures-de-collection-le-31-juillet\/","url_meta":{"origin":24331,"position":3},"title":"\u00ab Vincennes en Anciennes \u00bb organise sa 9e Travers\u00e9e de Paris estivale avec des voitures de collection le 31 juillet","author":"Fabienne TM","date":"29 juillet 2016","format":false,"excerpt":"L\u2019\u00e9v\u00e9nement accueillera plus de 740 v\u00e9hicules de collection (autos, motos, tracteurs bus et v\u00e9los). Des v\u00e9hicules dont les plus r\u00e9cents datent de 1987. Chaque ann\u00e9e, plus de 100 marques et 200 mod\u00e8les sont repr\u00e9sent\u00e9s dont 90% ont disparu. Vincennes en Anciennes a choisi le th\u00e8me des d\u00e9parts en vacances. Les\u2026","rel":"","context":"Dans &quot;Automobiles&quot;","block_context":{"text":"Automobiles","link":"http:\/\/www.letourismeaparis.fr\/index.php\/category\/culture\/musees-expositions\/automobiles\/"},"img":{"alt_text":"","src":"https:\/\/i0.wp.com\/www.letourismeaparis.fr\/wp-content\/uploads\/2016\/07\/voitures-200x300.jpeg?resize=350%2C200","width":350,"height":200},"classes":[]},{"id":19294,"url":"http:\/\/www.letourismeaparis.fr\/index.php\/2017\/01\/07\/dimanche-8-janvier-2017-17e-traversee-de-paris-les-annees-70-ont-le-vent-en-poupe\/","url_meta":{"origin":24331,"position":4},"title":"Dimanche 8 janvier 2017  17e Travers\u00e9e de Paris , Les ann\u00e9es 70 ont le vent en poupe","author":"Fabienne TM","date":"7 janvier 2017","format":false,"excerpt":"La Travers\u00e9e de Paris hivernale demeure le rassemblement majeur de v\u00e9hicules anciens du d\u00e9but d\u2019ann\u00e9e. Attendue par les passionn\u00e9s, elle rassemble pour chacune de ses \u00e9ditions*, plus de 700 v\u00e9hicules (autos, motos, v\u00e9los, tracteurs, bus, utilitaires l\u00e9gers) dans la capitale. Depuis 2016, \u00ab\u00a0Vincennes en Anciennes\u00a0\u00bb, organisateur de la manifestation, d\u00e9finit\u2026","rel":"","context":"Dans &quot;Automobiles&quot;","block_context":{"text":"Automobiles","link":"http:\/\/www.letourismeaparis.fr\/index.php\/category\/culture\/musees-expositions\/automobiles\/"},"img":{"alt_text":"","src":"https:\/\/i0.wp.com\/www.letourismeaparis.fr\/wp-content\/uploads\/2016\/12\/Capture-d%C3%A2%C2%80%C2%99e%C3%8C%C2%81cran-2016-12-19-a%C3%8C%C2%80-11.30.40-208x300.png?resize=350%2C200","width":350,"height":200},"classes":[]},{"id":17009,"url":"http:\/\/www.letourismeaparis.fr\/index.php\/2015\/08\/02\/dimanche-2-aout-2015-8e-traversee-de-paris-estivale\/","url_meta":{"origin":24331,"position":5},"title":"Dimanche 2 ao\u00fbt 2015  8e Travers\u00e9e de Paris estivale","author":"Fabienne TM","date":"2 ao\u00fbt 2015","format":false,"excerpt":"La Travers\u00e9e de Paris estivale, organis\u00e9e par Vincennes en Anciennes, est le rendez-vous incontournable de l\u2019\u00e9t\u00e9 pour tous les collectionneurs et amateurs de belles m\u00e9caniques. C'est une manifestation joyeuse et d\u00e9contract\u00e9e o\u00f9 seule compte la passion de l'automobile, un moment de partage interg\u00e9n\u00e9rationnel. Chaque voiture \u00e0 une histoire et tout\u2026","rel":"","context":"Dans &quot;Automobiles&quot;","block_context":{"text":"Automobiles","link":"http:\/\/www.letourismeaparis.fr\/index.php\/category\/culture\/musees-expositions\/automobiles\/"},"img":{"alt_text":"","src":"https:\/\/i0.wp.com\/www.letourismeaparis.fr\/wp-content\/uploads\/2015\/07\/Visuel_TdP_Ete_2015_Complet-211x300.png?resize=350%2C200","width":350,"height":200},"classes":[]}],"jetpack_sharing_enabled":true,"jetpack_likes_enabled":true,"_links":{"self":[{"href":"http:\/\/www.letourismeaparis.fr\/index.php\/wp-json\/wp\/v2\/posts\/24331","targetHints":{"allow":["GET"]}}],"collection":[{"href":"http:\/\/www.letourismeaparis.fr\/index.php\/wp-json\/wp\/v2\/posts"}],"about":[{"href":"http:\/\/www.letourismeaparis.fr\/index.php\/wp-json\/wp\/v2\/types\/post"}],"author":[{"embeddable":true,"href":"http:\/\/www.letourismeaparis.fr\/index.php\/wp-json\/wp\/v2\/users\/2"}],"replies":[{"embeddable":true,"href":"http:\/\/www.letourismeaparis.fr\/index.php\/wp-json\/wp\/v2\/comments?post=24331"}],"version-history":[{"count":2,"href":"http:\/\/www.letourismeaparis.fr\/index.php\/wp-json\/wp\/v2\/posts\/24331\/revisions"}],"predecessor-version":[{"id":24334,"href":"http:\/\/www.letourismeaparis.fr\/index.php\/wp-json\/wp\/v2\/posts\/24331\/revisions\/24334"}],"wp:featuredmedia":[{"embeddable":true,"href":"http:\/\/www.letourismeaparis.fr\/index.php\/wp-json\/wp\/v2\/media\/24332"}],"wp:attachment":[{"href":"http:\/\/www.letourismeaparis.fr\/index.php\/wp-json\/wp\/v2\/media?parent=24331"}],"wp:term":[{"taxonomy":"category","embeddable":true,"href":"http:\/\/www.letourismeaparis.fr\/index.php\/wp-json\/wp\/v2\/categories?post=24331"},{"taxonomy":"post_tag","embeddable":true,"href":"http:\/\/www.letourismeaparis.fr\/index.php\/wp-json\/wp\/v2\/tags?post=24331"}],"curies":[{"name":"wp","href":"https:\/\/api.w.org\/{rel}","templated":true}]}}